{"id":5221,"date":"2015-12-10T12:57:27","date_gmt":"2015-12-10T10:57:27","guid":{"rendered":"https:\/\/www.bezoya.es\/bebe-a-bordo\/?p=5221"},"modified":"2024-04-30T14:36:14","modified_gmt":"2024-04-30T12:36:14","slug":"el-destete","status":"publish","type":"post","link":"https:\/\/www.bezoya.es\/bebe-a-bordo\/blog-bab\/el-destete\/","title":{"rendered":"El destete"},"content":{"rendered":"<p>Organismos oficiales como UNICEF, OMS, AEPED\u2026 recomiendan para todos los pa\u00edses del mundo mantener lactancia exclusiva hasta los seis meses de vida del beb\u00e9 y que el destete se produzca cuando la mam\u00e1 y el beb\u00e9 lo deseen, despu\u00e9s de los 2 a\u00f1os: El destete del beb\u00e9 se recomendar\u00e1 que sea GRADUAL eliminando una toma cada 3 o 4 d\u00edas.<\/p>\n<p>\u00abWeaning\u00bb \u00f3 \u00abacostumbrar a algo diferente\u00bb se refiere a un periodo que ir\u00eda desde la introducci\u00f3n de la primera papilla hasta la \u00faltima tetada, es la palabra inglesa que se utiliza para referirse al destete y define la incorporaci\u00f3n de nuevos alimentos que complementar\u00e1n JUNTO con la leche materna, durante un largo periodo de tiempo, la nutrici\u00f3n de nuestro beb\u00e9.<\/p>\n<p>Actualmente la duraci\u00f3n de la lactancia viene determinada por numerosos factores sociales y culturales. Algunos ejemplos pueden ser: ponerle fin por relacionarlo con la salida de los dientes, el nacimiento de un hermanito, la incorporaci\u00f3n de la mam\u00e1 al trabajo&#8230;<\/p>\n<p>El destete deber\u00eda realizarse de manera progresiva comenzando de manera parcial y cuando el ni\u00f1o sea m\u00e1s grandecito si fuese necesario se podr\u00e1n pactar con \u00e9l unas normas: tendremos con el ni\u00f1o un acuerdo que defina en qu\u00e9 lugares y cu\u00e1ndo podr\u00e1 disfrutar de la alimentaci\u00f3n con pecho, antes que inclinarnos de forma estricta a un destete definitivo.<\/p>\n<p>En relaci\u00f3n con el destete nocturno&#8230; no es recomendable: las hormonas que la madre segrega durante estas tomas son fundamentales para el mantenimiento de la producci\u00f3n l\u00e1ctea. Adem\u00e1s, las tomas nocturnas llevan impl\u00edcita una fuerte carga emocional, convirtiendo estos momentos en muy importantes para la relaci\u00f3n madre-hijo.<br \/>\n<img loading=\"lazy\" decoding=\"async\" class=\" size-full wp-image-5223 aligncenter\" src=\"https:\/\/www.bezoya.es\/bebe-a-bordo\/wp-content\/uploads\/2015\/12\/Post-El-destete_2.jpg\" alt=\"Sweet baby eating her first carrot\" width=\"500\" height=\"334\" \/><\/p>\n<p>Podemos diferenciar dos tipos de destete: el destete natural (es el ni\u00f1o el que decide que deja de mamar) y el destete inducido (a iniciativa de la madre).<\/p>\n<p>Destete natural<\/p>\n<p>Se produce cuando el destete se hace por iniciativa del hijo, es \u00e9ste el que va a marcar el ritmo. Hay algunos ni\u00f1os que dejan el pecho de forma radical y otros van dejando de tomar poco a poco, se saltan tomas y piden otras cosas en su lugar, generalmente afecto. A veces, esta disminuci\u00f3n no se hace de forma uniforme, sino que hay d\u00edas en los que piden m\u00e1s, para volver a pedir menos pasados unos d\u00edas.<\/p>\n<p>Este tipo de destete puede causar tristeza, sentimientos de culpa y frustraci\u00f3n en la madre, que no desea que este momento llegue a\u00fan y que ha de superarse poco a poco. Podemos compartir estos sentimientos con otras madres que hayan pasado el trance, pues nos ayudar\u00e1 a superar el proceso.<\/p>\n<p>Si la madre queda de nuevo embarazada puede disminuir el inter\u00e9s del ni\u00f1o por el pecho, quiz\u00e1s debido a un cambio de sabor de la leche y una disminuci\u00f3n de producci\u00f3n. La madre embarazada debe saber que puede continuar amamantando a su hijo a pesar del nuevo embarazo, aunque haya un rechazo inicial.<\/p>\n<p>Destete inducido<\/p>\n<p>Si la madre quiere iniciar el destete es mejor planearlo y hacerlo paulatinamente. El pecho es mucho m\u00e1s que alimento y hay que comprender que el ni\u00f1o va a necesitar doble raci\u00f3n de atenci\u00f3n, mimos y cari\u00f1os. No es recomendable iniciar el destete en un momento de grandes cambios en la vida del ni\u00f1o, tales como el inicio del colegio, enfermedades, incorporaci\u00f3n al trabajo&#8230;<\/p>\n<p>Contamos como estrategias de destete: distracci\u00f3n, sustituci\u00f3n (por consuelo, sobre todo si est\u00e1n cansados, frustrados o con miedo) o aplazamiento. Con un ni\u00f1o que ya nos entiende se puede negociar el demorar una toma. El ni\u00f1o debe ser lo bastante maduro para aceptar la espera. Se le puede ofrecer algo que le mantenga contento mientras tanto.<\/p>\n<p>Si el destete se hace gradualmente, el pecho volver\u00e1 poco a poco a su situaci\u00f3n inicial de reposo, dejando de producir leche. Si es brusco, se pueden presentar afecciones como ingurgitaciones, obstrucciones o mastitis.<\/p>\n<p>Por \u00faltimo podemos reflexionar acerca del poco sentido que tiene ofrecer biberones a los ni\u00f1os que saben beber en vasos de aprendizaje o en vasos normales porque vayamos a destetarlos, pues estamos introduciendo un objeto que tendr\u00e1 que abandonar nuevamente tarde o temprano, con el consiguiente gasto emocional que implica.<\/p>\n<p>&nbsp;<\/p>\n","protected":false},"excerpt":{"rendered":"<p>Organismos oficiales como UNICEF, OMS, AEPED\u2026 recomiendan para todos los pa\u00edses del mundo mantener lactancia exclusiva hasta los seis meses de vida del beb\u00e9 y que el destete se produzca cuando la mam\u00e1 y el beb\u00e9 lo deseen, despu\u00e9s de los 2 a\u00f1os: El destete del beb\u00e9 se recomendar\u00e1 que sea GRADUAL eliminando una toma cada 3 o 4 d\u00edas. \u00abWeaning\u00bb \u00f3 \u00abacostumbrar a algo diferente\u00bb se refiere a un periodo que ir\u00eda desde la introducci\u00f3n de la primera papilla hasta la \u00faltima tetada, es la palabra inglesa que se utiliza para referirse al destete y define la incorporaci\u00f3n de &#8230;<\/p>\n","protected":false},"author":119,"featured_media":6173,"comment_status":"open","ping_status":"open","sticky":false,"template":"","format":"standard","meta":{"_acf_changed":false,"inline_featured_image":false,"footnotes":""},"categories":[7],"tags":[],"categoriabab":[675],"palabra_clave":[1026],"class_list":["post-5221","post","type-post","status-publish","format-standard","has-post-thumbnail","hentry","category-blog-bab","categoriabab-crianza-hasta-los-2-anos"],"acf":[],"yoast_head":"<!-- This site is optimized with the Yoast SEO plugin v27.1.1 - https:\/\/yoast.com\/product\/yoast-seo-wordpress\/ -->\n<title>El destete - Agua mineral natural Bezoya<\/title>\n<meta name=\"description\" content=\"cu\u00e1l es la forma m\u00e1s adecuada de llevar a cabo el destete\" \/>\n<meta name=\"robots\" content=\"index, follow, max-snippet:-1, max-image-preview:large, max-video-preview:-1\" \/>\n<link rel=\"canonical\" href=\"https:\/\/www.bezoya.es\/bebe-a-bordo\/blog-bab\/el-destete\/\" \/>\n<meta property=\"og:locale\" content=\"es_ES\" \/>\n<meta property=\"og:type\" content=\"article\" \/>\n<meta property=\"og:title\" content=\"El destete - Agua mineral natural Bezoya\" \/>\n<meta property=\"og:description\" content=\"cu\u00e1l es la forma m\u00e1s adecuada de llevar a cabo el destete\" \/>\n<meta property=\"og:url\" content=\"https:\/\/www.bezoya.es\/bebe-a-bordo\/blog-bab\/el-destete\/\" \/>\n<meta property=\"og:site_name\" content=\"Agua mineral natural Bezoya\" \/>\n<meta property=\"article:published_time\" content=\"2015-12-10T10:57:27+00:00\" \/>\n<meta property=\"article:modified_time\" content=\"2024-04-30T12:36:14+00:00\" \/>\n<meta property=\"og:image\" content=\"https:\/\/www.bezoya.es\/bebe-a-bordo\/wp-content\/uploads\/2015\/12\/Post-El-destete_1.jpg\" \/>\n\t<meta property=\"og:image:width\" content=\"333\" \/>\n\t<meta property=\"og:image:height\" content=\"500\" \/>\n\t<meta property=\"og:image:type\" content=\"image\/jpeg\" \/>\n<meta name=\"author\" content=\"Beb\u00e9 a Bordo\" \/>\n<meta name=\"twitter:card\" content=\"summary_large_image\" \/>\n<meta name=\"twitter:label1\" content=\"Escrito por\" \/>\n\t<meta name=\"twitter:data1\" content=\"Beb\u00e9 a Bordo\" \/>\n\t<meta name=\"twitter:label2\" content=\"Tiempo de lectura\" \/>\n\t<meta name=\"twitter:data2\" content=\"4 minutos\" \/>\n<script type=\"application\/ld+json\" class=\"yoast-schema-graph\">{\"@context\":\"https:\/\/schema.org\",\"@graph\":[{\"@type\":\"Article\",\"@id\":\"https:\/\/www.bezoya.es\/bebe-a-bordo\/blog-bab\/el-destete\/#article\",\"isPartOf\":{\"@id\":\"https:\/\/www.bezoya.es\/bebe-a-bordo\/blog-bab\/el-destete\/\"},\"author\":{\"name\":\"Beb\u00e9 a Bordo\",\"@id\":\"https:\/\/www.bezoya.es\/bebe-a-bordo\/#\/schema\/person\/27f580841a0710199ed73bb8262c9de1\"},\"headline\":\"El destete\",\"datePublished\":\"2015-12-10T10:57:27+00:00\",\"dateModified\":\"2024-04-30T12:36:14+00:00\",\"mainEntityOfPage\":{\"@id\":\"https:\/\/www.bezoya.es\/bebe-a-bordo\/blog-bab\/el-destete\/\"},\"wordCount\":732,\"commentCount\":0,\"image\":{\"@id\":\"https:\/\/www.bezoya.es\/bebe-a-bordo\/blog-bab\/el-destete\/#primaryimage\"},\"thumbnailUrl\":\"https:\/\/www.bezoya.es\/bebe-a-bordo\/wp-content\/uploads\/2015\/12\/Post-El-destete_1.jpg\",\"articleSection\":[\"Blog Beb\u00e9 a Bordo\"],\"inLanguage\":\"es\",\"potentialAction\":[{\"@type\":\"CommentAction\",\"name\":\"Comment\",\"target\":[\"https:\/\/www.bezoya.es\/bebe-a-bordo\/blog-bab\/el-destete\/#respond\"]}]},{\"@type\":\"WebPage\",\"@id\":\"https:\/\/www.bezoya.es\/bebe-a-bordo\/blog-bab\/el-destete\/\",\"url\":\"https:\/\/www.bezoya.es\/bebe-a-bordo\/blog-bab\/el-destete\/\",\"name\":\"El destete - Agua mineral natural Bezoya\",\"isPartOf\":{\"@id\":\"https:\/\/www.bezoya.es\/bebe-a-bordo\/#website\"},\"primaryImageOfPage\":{\"@id\":\"https:\/\/www.bezoya.es\/bebe-a-bordo\/blog-bab\/el-destete\/#primaryimage\"},\"image\":{\"@id\":\"https:\/\/www.bezoya.es\/bebe-a-bordo\/blog-bab\/el-destete\/#primaryimage\"},\"thumbnailUrl\":\"https:\/\/www.bezoya.es\/bebe-a-bordo\/wp-content\/uploads\/2015\/12\/Post-El-destete_1.jpg\",\"datePublished\":\"2015-12-10T10:57:27+00:00\",\"dateModified\":\"2024-04-30T12:36:14+00:00\",\"author\":{\"@id\":\"https:\/\/www.bezoya.es\/bebe-a-bordo\/#\/schema\/person\/27f580841a0710199ed73bb8262c9de1\"},\"description\":\"cu\u00e1l es la forma m\u00e1s adecuada de llevar a cabo el destete\",\"inLanguage\":\"es\",\"potentialAction\":[{\"@type\":\"ReadAction\",\"target\":[\"https:\/\/www.bezoya.es\/bebe-a-bordo\/blog-bab\/el-destete\/\"]}]},{\"@type\":\"ImageObject\",\"inLanguage\":\"es\",\"@id\":\"https:\/\/www.bezoya.es\/bebe-a-bordo\/blog-bab\/el-destete\/#primaryimage\",\"url\":\"https:\/\/www.bezoya.es\/bebe-a-bordo\/wp-content\/uploads\/2015\/12\/Post-El-destete_1.jpg\",\"contentUrl\":\"https:\/\/www.bezoya.es\/bebe-a-bordo\/wp-content\/uploads\/2015\/12\/Post-El-destete_1.jpg\",\"width\":333,\"height\":500,\"caption\":\"Mother feeding baby daughter isolated on white\"},{\"@type\":\"WebSite\",\"@id\":\"https:\/\/www.bezoya.es\/bebe-a-bordo\/#website\",\"url\":\"https:\/\/www.bezoya.es\/bebe-a-bordo\/\",\"name\":\"Agua mineral natural Bezoya\",\"description\":\"El agua de mineralizaci\u00f3n muy d\u00e9bil\",\"potentialAction\":[{\"@type\":\"SearchAction\",\"target\":{\"@type\":\"EntryPoint\",\"urlTemplate\":\"https:\/\/www.bezoya.es\/bebe-a-bordo\/?s={search_term_string}\"},\"query-input\":{\"@type\":\"PropertyValueSpecification\",\"valueRequired\":true,\"valueName\":\"search_term_string\"}}],\"inLanguage\":\"es\"},{\"@type\":\"Person\",\"@id\":\"https:\/\/www.bezoya.es\/bebe-a-bordo\/#\/schema\/person\/27f580841a0710199ed73bb8262c9de1\",\"name\":\"Beb\u00e9 a Bordo\",\"image\":{\"@type\":\"ImageObject\",\"inLanguage\":\"es\",\"@id\":\"https:\/\/www.bezoya.es\/bebe-a-bordo\/#\/schema\/person\/image\/\",\"url\":\"https:\/\/secure.gravatar.com\/avatar\/0b0c609b63be1f5d579657e5afa8b15ebc59af1c9cca5c551ddcd2114a725785?s=96&d=mm&r=g\",\"contentUrl\":\"https:\/\/secure.gravatar.com\/avatar\/0b0c609b63be1f5d579657e5afa8b15ebc59af1c9cca5c551ddcd2114a725785?s=96&d=mm&r=g\",\"caption\":\"Beb\u00e9 a Bordo\"},\"description\":\"El baby coach de Bezoya que te acompa\u00f1a desde el embarazo, parto y postparto, hasta sus primeros pasos.\",\"url\":\"https:\/\/www.bezoya.es\/bebe-a-bordo\/author\/bebe-a-bordo\/\"}]}<\/script>\n<!-- \/ Yoast SEO plugin. -->","yoast_head_json":{"title":"El destete - Agua mineral natural Bezoya","description":"cu\u00e1l es la forma m\u00e1s adecuada de llevar a cabo el destete","robots":{"index":"index","follow":"follow","max-snippet":"max-snippet:-1","max-image-preview":"max-image-preview:large","max-video-preview":"max-video-preview:-1"},"canonical":"https:\/\/www.bezoya.es\/bebe-a-bordo\/blog-bab\/el-destete\/","og_locale":"es_ES","og_type":"article","og_title":"El destete - Agua mineral natural Bezoya","og_description":"cu\u00e1l es la forma m\u00e1s adecuada de llevar a cabo el destete","og_url":"https:\/\/www.bezoya.es\/bebe-a-bordo\/blog-bab\/el-destete\/","og_site_name":"Agua mineral natural Bezoya","article_published_time":"2015-12-10T10:57:27+00:00","article_modified_time":"2024-04-30T12:36:14+00:00","og_image":[{"width":333,"height":500,"url":"https:\/\/www.bezoya.es\/bebe-a-bordo\/wp-content\/uploads\/2015\/12\/Post-El-destete_1.jpg","type":"image\/jpeg"}],"author":"Beb\u00e9 a Bordo","twitter_card":"summary_large_image","twitter_misc":{"Escrito por":"Beb\u00e9 a Bordo","Tiempo de lectura":"4 minutos"},"schema":{"@context":"https:\/\/schema.org","@graph":[{"@type":"Article","@id":"https:\/\/www.bezoya.es\/bebe-a-bordo\/blog-bab\/el-destete\/#article","isPartOf":{"@id":"https:\/\/www.bezoya.es\/bebe-a-bordo\/blog-bab\/el-destete\/"},"author":{"name":"Beb\u00e9 a Bordo","@id":"https:\/\/www.bezoya.es\/bebe-a-bordo\/#\/schema\/person\/27f580841a0710199ed73bb8262c9de1"},"headline":"El destete","datePublished":"2015-12-10T10:57:27+00:00","dateModified":"2024-04-30T12:36:14+00:00","mainEntityOfPage":{"@id":"https:\/\/www.bezoya.es\/bebe-a-bordo\/blog-bab\/el-destete\/"},"wordCount":732,"commentCount":0,"image":{"@id":"https:\/\/www.bezoya.es\/bebe-a-bordo\/blog-bab\/el-destete\/#primaryimage"},"thumbnailUrl":"https:\/\/www.bezoya.es\/bebe-a-bordo\/wp-content\/uploads\/2015\/12\/Post-El-destete_1.jpg","articleSection":["Blog Beb\u00e9 a Bordo"],"inLanguage":"es","potentialAction":[{"@type":"CommentAction","name":"Comment","target":["https:\/\/www.bezoya.es\/bebe-a-bordo\/blog-bab\/el-destete\/#respond"]}]},{"@type":"WebPage","@id":"https:\/\/www.bezoya.es\/bebe-a-bordo\/blog-bab\/el-destete\/","url":"https:\/\/www.bezoya.es\/bebe-a-bordo\/blog-bab\/el-destete\/","name":"El destete - Agua mineral natural Bezoya","isPartOf":{"@id":"https:\/\/www.bezoya.es\/bebe-a-bordo\/#website"},"primaryImageOfPage":{"@id":"https:\/\/www.bezoya.es\/bebe-a-bordo\/blog-bab\/el-destete\/#primaryimage"},"image":{"@id":"https:\/\/www.bezoya.es\/bebe-a-bordo\/blog-bab\/el-destete\/#primaryimage"},"thumbnailUrl":"https:\/\/www.bezoya.es\/bebe-a-bordo\/wp-content\/uploads\/2015\/12\/Post-El-destete_1.jpg","datePublished":"2015-12-10T10:57:27+00:00","dateModified":"2024-04-30T12:36:14+00:00","author":{"@id":"https:\/\/www.bezoya.es\/bebe-a-bordo\/#\/schema\/person\/27f580841a0710199ed73bb8262c9de1"},"description":"cu\u00e1l es la forma m\u00e1s adecuada de llevar a cabo el destete","inLanguage":"es","potentialAction":[{"@type":"ReadAction","target":["https:\/\/www.bezoya.es\/bebe-a-bordo\/blog-bab\/el-destete\/"]}]},{"@type":"ImageObject","inLanguage":"es","@id":"https:\/\/www.bezoya.es\/bebe-a-bordo\/blog-bab\/el-destete\/#primaryimage","url":"https:\/\/www.bezoya.es\/bebe-a-bordo\/wp-content\/uploads\/2015\/12\/Post-El-destete_1.jpg","contentUrl":"https:\/\/www.bezoya.es\/bebe-a-bordo\/wp-content\/uploads\/2015\/12\/Post-El-destete_1.jpg","width":333,"height":500,"caption":"Mother feeding baby daughter isolated on white"},{"@type":"WebSite","@id":"https:\/\/www.bezoya.es\/bebe-a-bordo\/#website","url":"https:\/\/www.bezoya.es\/bebe-a-bordo\/","name":"Agua mineral natural Bezoya","description":"El agua de mineralizaci\u00f3n muy d\u00e9bil","potentialAction":[{"@type":"SearchAction","target":{"@type":"EntryPoint","urlTemplate":"https:\/\/www.bezoya.es\/bebe-a-bordo\/?s={search_term_string}"},"query-input":{"@type":"PropertyValueSpecification","valueRequired":true,"valueName":"search_term_string"}}],"inLanguage":"es"},{"@type":"Person","@id":"https:\/\/www.bezoya.es\/bebe-a-bordo\/#\/schema\/person\/27f580841a0710199ed73bb8262c9de1","name":"Beb\u00e9 a Bordo","image":{"@type":"ImageObject","inLanguage":"es","@id":"https:\/\/www.bezoya.es\/bebe-a-bordo\/#\/schema\/person\/image\/","url":"https:\/\/secure.gravatar.com\/avatar\/0b0c609b63be1f5d579657e5afa8b15ebc59af1c9cca5c551ddcd2114a725785?s=96&d=mm&r=g","contentUrl":"https:\/\/secure.gravatar.com\/avatar\/0b0c609b63be1f5d579657e5afa8b15ebc59af1c9cca5c551ddcd2114a725785?s=96&d=mm&r=g","caption":"Beb\u00e9 a Bordo"},"description":"El baby coach de Bezoya que te acompa\u00f1a desde el embarazo, parto y postparto, hasta sus primeros pasos.","url":"https:\/\/www.bezoya.es\/bebe-a-bordo\/author\/bebe-a-bordo\/"}]}},"views":2121,"_links":{"self":[{"href":"https:\/\/www.bezoya.es\/bebe-a-bordo\/wp-json\/wp\/v2\/posts\/5221","targetHints":{"allow":["GET"]}}],"collection":[{"href":"https:\/\/www.bezoya.es\/bebe-a-bordo\/wp-json\/wp\/v2\/posts"}],"about":[{"href":"https:\/\/www.bezoya.es\/bebe-a-bordo\/wp-json\/wp\/v2\/types\/post"}],"author":[{"embeddable":true,"href":"https:\/\/www.bezoya.es\/bebe-a-bordo\/wp-json\/wp\/v2\/users\/119"}],"replies":[{"embeddable":true,"href":"https:\/\/www.bezoya.es\/bebe-a-bordo\/wp-json\/wp\/v2\/comments?post=5221"}],"version-history":[{"count":4,"href":"https:\/\/www.bezoya.es\/bebe-a-bordo\/wp-json\/wp\/v2\/posts\/5221\/revisions"}],"predecessor-version":[{"id":18741,"href":"https:\/\/www.bezoya.es\/bebe-a-bordo\/wp-json\/wp\/v2\/posts\/5221\/revisions\/18741"}],"wp:featuredmedia":[{"embeddable":true,"href":"https:\/\/www.bezoya.es\/bebe-a-bordo\/wp-json\/wp\/v2\/media\/6173"}],"wp:attachment":[{"href":"https:\/\/www.bezoya.es\/bebe-a-bordo\/wp-json\/wp\/v2\/media?parent=5221"}],"wp:term":[{"taxonomy":"category","embeddable":true,"href":"https:\/\/www.bezoya.es\/bebe-a-bordo\/wp-json\/wp\/v2\/categories?post=5221"},{"taxonomy":"post_tag","embeddable":true,"href":"https:\/\/www.bezoya.es\/bebe-a-bordo\/wp-json\/wp\/v2\/tags?post=5221"},{"taxonomy":"categoriabab","embeddable":true,"href":"https:\/\/www.bezoya.es\/bebe-a-bordo\/wp-json\/wp\/v2\/categoriabab?post=5221"},{"taxonomy":"palabra_clave","embeddable":true,"href":"https:\/\/www.bezoya.es\/bebe-a-bordo\/wp-json\/wp\/v2\/palabra_clave?post=5221"}],"curies":[{"name":"wp","href":"https:\/\/api.w.org\/{rel}","templated":true}]}}