{"id":5107,"date":"2015-11-05T12:48:37","date_gmt":"2015-11-05T10:48:37","guid":{"rendered":"https:\/\/www.bezoya.es\/bebe-a-bordo\/?p=5107"},"modified":"2024-04-30T14:36:29","modified_gmt":"2024-04-30T12:36:29","slug":"como-y-cuanto-abrigar-un-recien-nacido","status":"publish","type":"post","link":"https:\/\/www.bezoya.es\/bebe-a-bordo\/blog-bab\/como-y-cuanto-abrigar-un-recien-nacido\/","title":{"rendered":"C\u00f3mo y cu\u00e1nto abrigar a un reci\u00e9n nacido"},"content":{"rendered":"<p>La ropa del reci\u00e9n nacido debe ser de fibras naturales (hilo, algod\u00f3n). Debe ser amplia, de modo que permita los movimientos y deber\u00e1 tener botones grandes o cintas autoadhesivas que se abrochen o sujeten preferentemente por la espalda.<\/p>\n<p>La ropa de cama al igual debe ser de fibras naturales, ligera de peso y sin lazos ni cordones<\/p>\n<p>Toda la ropa debe lavarse aparte de la de los adultos y con detergente especial, aclararla varias veces y secarla preferentemente al aire.<\/p>\n<p>En cuanto a la forma de abrigar al beb\u00e9 hay que tener en cuenta que por su mayor contenido en agua es m\u00e1s susceptible a los cambios de temperatura, es decir, se enfr\u00edan y se calientan m\u00e1s r\u00e1pidamente. Entonces, dependiendo de la temperatura exterior a la que van a estar expuestos se les abrigar\u00e1, con la advertencia que cuando haya un cambio de temperatura brusco habr\u00e1 que adecuar su \u201cabrigo\u201d inmediatamente a la misma.<\/p>\n<p><a href=\"https:\/\/www.bezoya.es\/bebe-a-bordo\/wp-content\/uploads\/2015\/11\/BaB-26-11_02.jpg\"><img loading=\"lazy\" decoding=\"async\" class=\" size-full wp-image-5149 aligncenter\" src=\"https:\/\/www.bezoya.es\/bebe-a-bordo\/wp-content\/uploads\/2015\/11\/BaB-26-11_02.jpg\" alt=\"Baby clothes\" width=\"500\" height=\"333\" \/><\/a><\/p>\n<p>Es decir si estamos en invierno y venimos de la calle a un espacio interno donde la temperatura es mayor habr\u00e1 que quitarle ropa (gorro, manta, etc) nada mas entrar; y si estamos en verano y entramos en una dependencia mas fresquita o con aire acondicionado habr\u00e1 que arroparlo con algo ligero.<\/p>\n<p>Menci\u00f3n aparte es referirse a la forma de arroparlo en la cuna o para dormir.\u00a0 No debe dormir con gorro de ning\u00fan tipo ni arropado por encima de la parte superior del t\u00f3rax (hasta debajo del cuello) debe tener la ropa amplia para que se pueda mover (pijama y edred\u00f3n) o puede ser \u00fatil utilizar en invierno los \u201cpijamas-manta\u201d amplios, pero sin taparlos despu\u00e9s con una manta o edred\u00f3n.<\/p>\n","protected":false},"excerpt":{"rendered":"<p>La ropa del reci\u00e9n nacido debe ser de fibras naturales (hilo, algod\u00f3n). Debe ser amplia, de modo que permita los movimientos y deber\u00e1 tener botones grandes o cintas autoadhesivas que se abrochen o sujeten preferentemente por la espalda. La ropa de cama al igual debe ser de fibras naturales, ligera de peso y sin lazos ni cordones Toda la ropa debe lavarse aparte de la de los adultos y con detergente especial, aclararla varias veces y secarla preferentemente al aire. En cuanto a la forma de abrigar al beb\u00e9 hay que tener en cuenta que por su mayor contenido en &#8230;<\/p>\n","protected":false},"author":119,"featured_media":6181,"comment_status":"open","ping_status":"open","sticky":false,"template":"","format":"standard","meta":{"_acf_changed":false,"inline_featured_image":false,"footnotes":""},"categories":[7],"tags":[],"categoriabab":[674,675],"palabra_clave":[1028],"class_list":["post-5107","post","type-post","status-publish","format-standard","has-post-thumbnail","hentry","category-blog-bab","categoriabab-parto-y-posparto","categoriabab-crianza-hasta-los-2-anos"],"acf":[],"yoast_head":"<!-- This site is optimized with the Yoast SEO plugin v27.1.1 - https:\/\/yoast.com\/product\/yoast-seo-wordpress\/ -->\n<title>C\u00f3mo y cu\u00e1nto abrigar a un reci\u00e9n nacido - Agua mineral natural Bezoya<\/title>\n<meta name=\"description\" content=\"Qu\u00e9 criterios debemos seguir para abrigar a nuestros hijos\" \/>\n<meta name=\"robots\" content=\"index, follow, max-snippet:-1, max-image-preview:large, max-video-preview:-1\" \/>\n<link rel=\"canonical\" href=\"https:\/\/www.bezoya.es\/bebe-a-bordo\/blog-bab\/como-y-cuanto-abrigar-un-recien-nacido\/\" \/>\n<meta property=\"og:locale\" content=\"es_ES\" \/>\n<meta property=\"og:type\" content=\"article\" \/>\n<meta property=\"og:title\" content=\"C\u00f3mo y cu\u00e1nto abrigar a un reci\u00e9n nacido - Agua mineral natural Bezoya\" \/>\n<meta property=\"og:description\" content=\"Qu\u00e9 criterios debemos seguir para abrigar a nuestros hijos\" \/>\n<meta property=\"og:url\" content=\"https:\/\/www.bezoya.es\/bebe-a-bordo\/blog-bab\/como-y-cuanto-abrigar-un-recien-nacido\/\" \/>\n<meta property=\"og:site_name\" content=\"Agua mineral natural Bezoya\" \/>\n<meta property=\"article:published_time\" content=\"2015-11-05T10:48:37+00:00\" \/>\n<meta property=\"article:modified_time\" content=\"2024-04-30T12:36:29+00:00\" \/>\n<meta property=\"og:image\" content=\"https:\/\/www.bezoya.es\/bebe-a-bordo\/wp-content\/uploads\/2015\/11\/Post-La-ropa-en-rn_30.07-2.jpg\" \/>\n\t<meta property=\"og:image:width\" content=\"560\" \/>\n\t<meta property=\"og:image:height\" content=\"840\" \/>\n\t<meta property=\"og:image:type\" content=\"image\/jpeg\" \/>\n<meta name=\"author\" content=\"Beb\u00e9 a Bordo\" \/>\n<meta name=\"twitter:card\" content=\"summary_large_image\" \/>\n<meta name=\"twitter:label1\" content=\"Escrito por\" \/>\n\t<meta name=\"twitter:data1\" content=\"Beb\u00e9 a Bordo\" \/>\n\t<meta name=\"twitter:label2\" content=\"Tiempo de lectura\" \/>\n\t<meta name=\"twitter:data2\" content=\"2 minutos\" \/>\n<script type=\"application\/ld+json\" class=\"yoast-schema-graph\">{\"@context\":\"https:\/\/schema.org\",\"@graph\":[{\"@type\":\"Article\",\"@id\":\"https:\/\/www.bezoya.es\/bebe-a-bordo\/blog-bab\/como-y-cuanto-abrigar-un-recien-nacido\/#article\",\"isPartOf\":{\"@id\":\"https:\/\/www.bezoya.es\/bebe-a-bordo\/blog-bab\/como-y-cuanto-abrigar-un-recien-nacido\/\"},\"author\":{\"name\":\"Beb\u00e9 a Bordo\",\"@id\":\"https:\/\/www.bezoya.es\/bebe-a-bordo\/#\/schema\/person\/27f580841a0710199ed73bb8262c9de1\"},\"headline\":\"C\u00f3mo y cu\u00e1nto abrigar a un reci\u00e9n nacido\",\"datePublished\":\"2015-11-05T10:48:37+00:00\",\"dateModified\":\"2024-04-30T12:36:29+00:00\",\"mainEntityOfPage\":{\"@id\":\"https:\/\/www.bezoya.es\/bebe-a-bordo\/blog-bab\/como-y-cuanto-abrigar-un-recien-nacido\/\"},\"wordCount\":298,\"commentCount\":0,\"image\":{\"@id\":\"https:\/\/www.bezoya.es\/bebe-a-bordo\/blog-bab\/como-y-cuanto-abrigar-un-recien-nacido\/#primaryimage\"},\"thumbnailUrl\":\"https:\/\/www.bezoya.es\/bebe-a-bordo\/wp-content\/uploads\/2015\/11\/Post-La-ropa-en-rn_30.07-2.jpg\",\"articleSection\":[\"Blog Beb\u00e9 a Bordo\"],\"inLanguage\":\"es\",\"potentialAction\":[{\"@type\":\"CommentAction\",\"name\":\"Comment\",\"target\":[\"https:\/\/www.bezoya.es\/bebe-a-bordo\/blog-bab\/como-y-cuanto-abrigar-un-recien-nacido\/#respond\"]}]},{\"@type\":\"WebPage\",\"@id\":\"https:\/\/www.bezoya.es\/bebe-a-bordo\/blog-bab\/como-y-cuanto-abrigar-un-recien-nacido\/\",\"url\":\"https:\/\/www.bezoya.es\/bebe-a-bordo\/blog-bab\/como-y-cuanto-abrigar-un-recien-nacido\/\",\"name\":\"C\u00f3mo y cu\u00e1nto abrigar a un reci\u00e9n nacido - Agua mineral natural Bezoya\",\"isPartOf\":{\"@id\":\"https:\/\/www.bezoya.es\/bebe-a-bordo\/#website\"},\"primaryImageOfPage\":{\"@id\":\"https:\/\/www.bezoya.es\/bebe-a-bordo\/blog-bab\/como-y-cuanto-abrigar-un-recien-nacido\/#primaryimage\"},\"image\":{\"@id\":\"https:\/\/www.bezoya.es\/bebe-a-bordo\/blog-bab\/como-y-cuanto-abrigar-un-recien-nacido\/#primaryimage\"},\"thumbnailUrl\":\"https:\/\/www.bezoya.es\/bebe-a-bordo\/wp-content\/uploads\/2015\/11\/Post-La-ropa-en-rn_30.07-2.jpg\",\"datePublished\":\"2015-11-05T10:48:37+00:00\",\"dateModified\":\"2024-04-30T12:36:29+00:00\",\"author\":{\"@id\":\"https:\/\/www.bezoya.es\/bebe-a-bordo\/#\/schema\/person\/27f580841a0710199ed73bb8262c9de1\"},\"description\":\"Qu\u00e9 criterios debemos seguir para abrigar a nuestros hijos\",\"inLanguage\":\"es\",\"potentialAction\":[{\"@type\":\"ReadAction\",\"target\":[\"https:\/\/www.bezoya.es\/bebe-a-bordo\/blog-bab\/como-y-cuanto-abrigar-un-recien-nacido\/\"]}]},{\"@type\":\"ImageObject\",\"inLanguage\":\"es\",\"@id\":\"https:\/\/www.bezoya.es\/bebe-a-bordo\/blog-bab\/como-y-cuanto-abrigar-un-recien-nacido\/#primaryimage\",\"url\":\"https:\/\/www.bezoya.es\/bebe-a-bordo\/wp-content\/uploads\/2015\/11\/Post-La-ropa-en-rn_30.07-2.jpg\",\"contentUrl\":\"https:\/\/www.bezoya.es\/bebe-a-bordo\/wp-content\/uploads\/2015\/11\/Post-La-ropa-en-rn_30.07-2.jpg\",\"width\":560,\"height\":840},{\"@type\":\"WebSite\",\"@id\":\"https:\/\/www.bezoya.es\/bebe-a-bordo\/#website\",\"url\":\"https:\/\/www.bezoya.es\/bebe-a-bordo\/\",\"name\":\"Agua mineral natural Bezoya\",\"description\":\"El agua de mineralizaci\u00f3n muy d\u00e9bil\",\"potentialAction\":[{\"@type\":\"SearchAction\",\"target\":{\"@type\":\"EntryPoint\",\"urlTemplate\":\"https:\/\/www.bezoya.es\/bebe-a-bordo\/?s={search_term_string}\"},\"query-input\":{\"@type\":\"PropertyValueSpecification\",\"valueRequired\":true,\"valueName\":\"search_term_string\"}}],\"inLanguage\":\"es\"},{\"@type\":\"Person\",\"@id\":\"https:\/\/www.bezoya.es\/bebe-a-bordo\/#\/schema\/person\/27f580841a0710199ed73bb8262c9de1\",\"name\":\"Beb\u00e9 a Bordo\",\"image\":{\"@type\":\"ImageObject\",\"inLanguage\":\"es\",\"@id\":\"https:\/\/www.bezoya.es\/bebe-a-bordo\/#\/schema\/person\/image\/\",\"url\":\"https:\/\/secure.gravatar.com\/avatar\/0b0c609b63be1f5d579657e5afa8b15ebc59af1c9cca5c551ddcd2114a725785?s=96&d=mm&r=g\",\"contentUrl\":\"https:\/\/secure.gravatar.com\/avatar\/0b0c609b63be1f5d579657e5afa8b15ebc59af1c9cca5c551ddcd2114a725785?s=96&d=mm&r=g\",\"caption\":\"Beb\u00e9 a Bordo\"},\"description\":\"El baby coach de Bezoya que te acompa\u00f1a desde el embarazo, parto y postparto, hasta sus primeros pasos.\",\"url\":\"https:\/\/www.bezoya.es\/bebe-a-bordo\/author\/bebe-a-bordo\/\"}]}<\/script>\n<!-- \/ Yoast SEO plugin. -->","yoast_head_json":{"title":"C\u00f3mo y cu\u00e1nto abrigar a un reci\u00e9n nacido - Agua mineral natural Bezoya","description":"Qu\u00e9 criterios debemos seguir para abrigar a nuestros hijos","robots":{"index":"index","follow":"follow","max-snippet":"max-snippet:-1","max-image-preview":"max-image-preview:large","max-video-preview":"max-video-preview:-1"},"canonical":"https:\/\/www.bezoya.es\/bebe-a-bordo\/blog-bab\/como-y-cuanto-abrigar-un-recien-nacido\/","og_locale":"es_ES","og_type":"article","og_title":"C\u00f3mo y cu\u00e1nto abrigar a un reci\u00e9n nacido - Agua mineral natural Bezoya","og_description":"Qu\u00e9 criterios debemos seguir para abrigar a nuestros hijos","og_url":"https:\/\/www.bezoya.es\/bebe-a-bordo\/blog-bab\/como-y-cuanto-abrigar-un-recien-nacido\/","og_site_name":"Agua mineral natural Bezoya","article_published_time":"2015-11-05T10:48:37+00:00","article_modified_time":"2024-04-30T12:36:29+00:00","og_image":[{"width":560,"height":840,"url":"https:\/\/www.bezoya.es\/bebe-a-bordo\/wp-content\/uploads\/2015\/11\/Post-La-ropa-en-rn_30.07-2.jpg","type":"image\/jpeg"}],"author":"Beb\u00e9 a Bordo","twitter_card":"summary_large_image","twitter_misc":{"Escrito por":"Beb\u00e9 a Bordo","Tiempo de lectura":"2 minutos"},"schema":{"@context":"https:\/\/schema.org","@graph":[{"@type":"Article","@id":"https:\/\/www.bezoya.es\/bebe-a-bordo\/blog-bab\/como-y-cuanto-abrigar-un-recien-nacido\/#article","isPartOf":{"@id":"https:\/\/www.bezoya.es\/bebe-a-bordo\/blog-bab\/como-y-cuanto-abrigar-un-recien-nacido\/"},"author":{"name":"Beb\u00e9 a Bordo","@id":"https:\/\/www.bezoya.es\/bebe-a-bordo\/#\/schema\/person\/27f580841a0710199ed73bb8262c9de1"},"headline":"C\u00f3mo y cu\u00e1nto abrigar a un reci\u00e9n nacido","datePublished":"2015-11-05T10:48:37+00:00","dateModified":"2024-04-30T12:36:29+00:00","mainEntityOfPage":{"@id":"https:\/\/www.bezoya.es\/bebe-a-bordo\/blog-bab\/como-y-cuanto-abrigar-un-recien-nacido\/"},"wordCount":298,"commentCount":0,"image":{"@id":"https:\/\/www.bezoya.es\/bebe-a-bordo\/blog-bab\/como-y-cuanto-abrigar-un-recien-nacido\/#primaryimage"},"thumbnailUrl":"https:\/\/www.bezoya.es\/bebe-a-bordo\/wp-content\/uploads\/2015\/11\/Post-La-ropa-en-rn_30.07-2.jpg","articleSection":["Blog Beb\u00e9 a Bordo"],"inLanguage":"es","potentialAction":[{"@type":"CommentAction","name":"Comment","target":["https:\/\/www.bezoya.es\/bebe-a-bordo\/blog-bab\/como-y-cuanto-abrigar-un-recien-nacido\/#respond"]}]},{"@type":"WebPage","@id":"https:\/\/www.bezoya.es\/bebe-a-bordo\/blog-bab\/como-y-cuanto-abrigar-un-recien-nacido\/","url":"https:\/\/www.bezoya.es\/bebe-a-bordo\/blog-bab\/como-y-cuanto-abrigar-un-recien-nacido\/","name":"C\u00f3mo y cu\u00e1nto abrigar a un reci\u00e9n nacido - Agua mineral natural Bezoya","isPartOf":{"@id":"https:\/\/www.bezoya.es\/bebe-a-bordo\/#website"},"primaryImageOfPage":{"@id":"https:\/\/www.bezoya.es\/bebe-a-bordo\/blog-bab\/como-y-cuanto-abrigar-un-recien-nacido\/#primaryimage"},"image":{"@id":"https:\/\/www.bezoya.es\/bebe-a-bordo\/blog-bab\/como-y-cuanto-abrigar-un-recien-nacido\/#primaryimage"},"thumbnailUrl":"https:\/\/www.bezoya.es\/bebe-a-bordo\/wp-content\/uploads\/2015\/11\/Post-La-ropa-en-rn_30.07-2.jpg","datePublished":"2015-11-05T10:48:37+00:00","dateModified":"2024-04-30T12:36:29+00:00","author":{"@id":"https:\/\/www.bezoya.es\/bebe-a-bordo\/#\/schema\/person\/27f580841a0710199ed73bb8262c9de1"},"description":"Qu\u00e9 criterios debemos seguir para abrigar a nuestros hijos","inLanguage":"es","potentialAction":[{"@type":"ReadAction","target":["https:\/\/www.bezoya.es\/bebe-a-bordo\/blog-bab\/como-y-cuanto-abrigar-un-recien-nacido\/"]}]},{"@type":"ImageObject","inLanguage":"es","@id":"https:\/\/www.bezoya.es\/bebe-a-bordo\/blog-bab\/como-y-cuanto-abrigar-un-recien-nacido\/#primaryimage","url":"https:\/\/www.bezoya.es\/bebe-a-bordo\/wp-content\/uploads\/2015\/11\/Post-La-ropa-en-rn_30.07-2.jpg","contentUrl":"https:\/\/www.bezoya.es\/bebe-a-bordo\/wp-content\/uploads\/2015\/11\/Post-La-ropa-en-rn_30.07-2.jpg","width":560,"height":840},{"@type":"WebSite","@id":"https:\/\/www.bezoya.es\/bebe-a-bordo\/#website","url":"https:\/\/www.bezoya.es\/bebe-a-bordo\/","name":"Agua mineral natural Bezoya","description":"El agua de mineralizaci\u00f3n muy d\u00e9bil","potentialAction":[{"@type":"SearchAction","target":{"@type":"EntryPoint","urlTemplate":"https:\/\/www.bezoya.es\/bebe-a-bordo\/?s={search_term_string}"},"query-input":{"@type":"PropertyValueSpecification","valueRequired":true,"valueName":"search_term_string"}}],"inLanguage":"es"},{"@type":"Person","@id":"https:\/\/www.bezoya.es\/bebe-a-bordo\/#\/schema\/person\/27f580841a0710199ed73bb8262c9de1","name":"Beb\u00e9 a Bordo","image":{"@type":"ImageObject","inLanguage":"es","@id":"https:\/\/www.bezoya.es\/bebe-a-bordo\/#\/schema\/person\/image\/","url":"https:\/\/secure.gravatar.com\/avatar\/0b0c609b63be1f5d579657e5afa8b15ebc59af1c9cca5c551ddcd2114a725785?s=96&d=mm&r=g","contentUrl":"https:\/\/secure.gravatar.com\/avatar\/0b0c609b63be1f5d579657e5afa8b15ebc59af1c9cca5c551ddcd2114a725785?s=96&d=mm&r=g","caption":"Beb\u00e9 a Bordo"},"description":"El baby coach de Bezoya que te acompa\u00f1a desde el embarazo, parto y postparto, hasta sus primeros pasos.","url":"https:\/\/www.bezoya.es\/bebe-a-bordo\/author\/bebe-a-bordo\/"}]}},"views":2956,"_links":{"self":[{"href":"https:\/\/www.bezoya.es\/bebe-a-bordo\/wp-json\/wp\/v2\/posts\/5107","targetHints":{"allow":["GET"]}}],"collection":[{"href":"https:\/\/www.bezoya.es\/bebe-a-bordo\/wp-json\/wp\/v2\/posts"}],"about":[{"href":"https:\/\/www.bezoya.es\/bebe-a-bordo\/wp-json\/wp\/v2\/types\/post"}],"author":[{"embeddable":true,"href":"https:\/\/www.bezoya.es\/bebe-a-bordo\/wp-json\/wp\/v2\/users\/119"}],"replies":[{"embeddable":true,"href":"https:\/\/www.bezoya.es\/bebe-a-bordo\/wp-json\/wp\/v2\/comments?post=5107"}],"version-history":[{"count":4,"href":"https:\/\/www.bezoya.es\/bebe-a-bordo\/wp-json\/wp\/v2\/posts\/5107\/revisions"}],"predecessor-version":[{"id":19583,"href":"https:\/\/www.bezoya.es\/bebe-a-bordo\/wp-json\/wp\/v2\/posts\/5107\/revisions\/19583"}],"wp:featuredmedia":[{"embeddable":true,"href":"https:\/\/www.bezoya.es\/bebe-a-bordo\/wp-json\/wp\/v2\/media\/6181"}],"wp:attachment":[{"href":"https:\/\/www.bezoya.es\/bebe-a-bordo\/wp-json\/wp\/v2\/media?parent=5107"}],"wp:term":[{"taxonomy":"category","embeddable":true,"href":"https:\/\/www.bezoya.es\/bebe-a-bordo\/wp-json\/wp\/v2\/categories?post=5107"},{"taxonomy":"post_tag","embeddable":true,"href":"https:\/\/www.bezoya.es\/bebe-a-bordo\/wp-json\/wp\/v2\/tags?post=5107"},{"taxonomy":"categoriabab","embeddable":true,"href":"https:\/\/www.bezoya.es\/bebe-a-bordo\/wp-json\/wp\/v2\/categoriabab?post=5107"},{"taxonomy":"palabra_clave","embeddable":true,"href":"https:\/\/www.bezoya.es\/bebe-a-bordo\/wp-json\/wp\/v2\/palabra_clave?post=5107"}],"curies":[{"name":"wp","href":"https:\/\/api.w.org\/{rel}","templated":true}]}}