{"id":4799,"date":"2015-08-13T12:47:34","date_gmt":"2015-08-13T10:47:34","guid":{"rendered":"https:\/\/www.bezoya.es\/bebe-a-bordo\/?p=4746"},"modified":"2024-04-30T14:42:08","modified_gmt":"2024-04-30T12:42:08","slug":"lunares-en-recien-nacidos","status":"publish","type":"post","link":"https:\/\/www.bezoya.es\/bebe-a-bordo\/blog-bab\/lunares-en-recien-nacidos\/","title":{"rendered":"Lunares en reci\u00e9n nacidos"},"content":{"rendered":"<p>Los<strong> lunares<\/strong> presentes en el <strong>nacimiento<\/strong>, tambi\u00e9n conocidos como \u201cnevus melanoc\u00edticos cong\u00e9nitos\u201d, son un motivo frecuente de consulta en Dermatolog\u00eda. Su tama\u00f1o puede ser muy variable, desde pocos centr\u00edmetros, hasta ocupar grandes \u00e1reas de superficie en la piel del reci\u00e9n nacido.<\/p>\n<p>-\u00bfPor qu\u00e9 se producen?<\/p>\n<p>Son debidos a alteraciones en el desarrollo embrionario que tienen lugar entre la d\u00e9cima semana de vida y el sexto mes de gestaci\u00f3n.<\/p>\n<p>-\u00bfC\u00f3mo se manifiestan?<\/p>\n<p>Los lunares los podemos reconocer como manchas en diferentes tonalidades de marr\u00f3n (desde marr\u00f3n p\u00e1lido a marr\u00f3n oscuro), que tienden a hacerse sobreelevadas y oscuras durante el periodo de lactancia. El diagn\u00f3stico podemos realizarlo en base a la exploraci\u00f3n f\u00edsica general y complementarlo con el examen dermatosc\u00f3pico, que nos permite observar estructuras del lunar del beb\u00e9 no perceptibles a simple vista. La dermatoscopia es una t\u00e9cnica totalmente indolora y sin efectos secundarios, que puede realizarse en la propia consulta.<\/p>\n<p><img decoding=\"async\" class=\"aligncenter size-full wp-image-4748\" src=\"https:\/\/www.bezoya.es\/bebe-a-bordo\/wp-content\/uploads\/2015\/08\/Post-Lunares-en-rn_13.08-1.jpg\" alt=\"Post Lunares en rn_13.08-1\" \/><\/p>\n<p>-\u00bfTienen riesgo de malignizarse?<\/p>\n<p>La mayor\u00eda de los nevus cong\u00e9nitos son benignos y no sufrir\u00e1n una transformaci\u00f3n maligna con el paso de los a\u00f1os. No obstante, el riesgo de malignizaci\u00f3n existe y se considera que puede variar en funci\u00f3n del tama\u00f1o del lunar. Por ello, los nevus se clasifican en tres tipos diferenciados:<\/p>\n<p>-Nevus cong\u00e9nitos peque\u00f1os: son aquellos menores de 1,5 cm y son muy frecuentes en los reci\u00e9n nacidos (hasta un 2%). Su riesgo de malignizaci\u00f3n es muy bajo.<\/p>\n<p>-Nevus cong\u00e9nitos medianos: su tama\u00f1o oscila entre 1,5 y 20 cm de di\u00e1metro. Son m\u00e1s infrecuentes, pero su riesgo de malignizaci\u00f3n es mayor, sobre todo despu\u00e9s de la pubertad.<\/p>\n<p>-Nevus cong\u00e9nitos gigantes: tienen un tama\u00f1o mayor de 20 cm y son extremadamente infrecuentes (se dan en 1 de cada 20000 reci\u00e9n nacidos). En esta situaci\u00f3n el riesgo de malignizaci\u00f3n es mayor.<\/p>\n<p>-\u00bfEs necesario extirparlos siempre?<\/p>\n<p>La extirpaci\u00f3n es necesaria en los casos en los que la transformaci\u00f3n maligna puede ser m\u00e1s frecuente (nevus cong\u00e9nitos gigantes). En el resto de situaciones, puede optarse por realizar un seguimiento cl\u00ednico peri\u00f3dico, con realizaci\u00f3n de mediciones del tama\u00f1o y toma de im\u00e1genes cl\u00ednicas y dermatosc\u00f3picas.<\/p>\n<p>&nbsp;<\/p>\n","protected":false},"excerpt":{"rendered":"<p>Los lunares presentes en el nacimiento, tambi\u00e9n conocidos como \u201cnevus melanoc\u00edticos cong\u00e9nitos\u201d, son un motivo frecuente de consulta en Dermatolog\u00eda. Su tama\u00f1o puede ser muy variable, desde pocos centr\u00edmetros, hasta ocupar grandes \u00e1reas de superficie en la piel del reci\u00e9n nacido. -\u00bfPor qu\u00e9 se producen? Son debidos a alteraciones en el desarrollo embrionario que tienen lugar entre la d\u00e9cima semana de vida y el sexto mes de gestaci\u00f3n. -\u00bfC\u00f3mo se manifiestan? Los lunares los podemos reconocer como manchas en diferentes tonalidades de marr\u00f3n (desde marr\u00f3n p\u00e1lido a marr\u00f3n oscuro), que tienden a hacerse sobreelevadas y oscuras durante el periodo de &#8230;<\/p>\n","protected":false},"author":119,"featured_media":6206,"comment_status":"open","ping_status":"open","sticky":false,"template":"","format":"standard","meta":{"_acf_changed":false,"inline_featured_image":false,"footnotes":""},"categories":[7],"tags":[],"categoriabab":[675],"palabra_clave":[1036],"class_list":["post-4799","post","type-post","status-publish","format-standard","has-post-thumbnail","hentry","category-blog-bab","categoriabab-crianza-hasta-los-2-anos"],"acf":[],"yoast_head":"<!-- This site is optimized with the Yoast SEO plugin v27.1.1 - https:\/\/yoast.com\/product\/yoast-seo-wordpress\/ -->\n<title>Lunares en reci\u00e9n nacidos - Agua mineral natural Bezoya<\/title>\n<meta name=\"description\" content=\"Lunares y cuidados de la piel en los reci\u00e9n nacidos\" \/>\n<meta name=\"robots\" content=\"index, follow, max-snippet:-1, max-image-preview:large, max-video-preview:-1\" \/>\n<link rel=\"canonical\" href=\"https:\/\/www.bezoya.es\/bebe-a-bordo\/blog-bab\/lunares-en-recien-nacidos\/\" \/>\n<meta property=\"og:locale\" content=\"es_ES\" \/>\n<meta property=\"og:type\" content=\"article\" \/>\n<meta property=\"og:title\" content=\"Lunares en reci\u00e9n nacidos - Agua mineral natural Bezoya\" \/>\n<meta property=\"og:description\" content=\"Lunares y cuidados de la piel en los reci\u00e9n nacidos\" \/>\n<meta property=\"og:url\" content=\"https:\/\/www.bezoya.es\/bebe-a-bordo\/blog-bab\/lunares-en-recien-nacidos\/\" \/>\n<meta property=\"og:site_name\" content=\"Agua mineral natural Bezoya\" \/>\n<meta property=\"article:published_time\" content=\"2015-08-13T10:47:34+00:00\" \/>\n<meta property=\"article:modified_time\" content=\"2024-04-30T12:42:08+00:00\" \/>\n<meta property=\"og:image\" content=\"https:\/\/www.bezoya.es\/bebe-a-bordo\/wp-content\/uploads\/2015\/08\/Post-Lunares-en-rn_13.08-2-1.jpg\" \/>\n\t<meta property=\"og:image:width\" content=\"560\" \/>\n\t<meta property=\"og:image:height\" content=\"412\" \/>\n\t<meta property=\"og:image:type\" content=\"image\/jpeg\" \/>\n<meta name=\"author\" content=\"Beb\u00e9 a Bordo\" \/>\n<meta name=\"twitter:card\" content=\"summary_large_image\" \/>\n<meta name=\"twitter:label1\" content=\"Escrito por\" \/>\n\t<meta name=\"twitter:data1\" content=\"Beb\u00e9 a Bordo\" \/>\n\t<meta name=\"twitter:label2\" content=\"Tiempo de lectura\" \/>\n\t<meta name=\"twitter:data2\" content=\"2 minutos\" \/>\n<script type=\"application\/ld+json\" class=\"yoast-schema-graph\">{\"@context\":\"https:\/\/schema.org\",\"@graph\":[{\"@type\":\"Article\",\"@id\":\"https:\/\/www.bezoya.es\/bebe-a-bordo\/blog-bab\/lunares-en-recien-nacidos\/#article\",\"isPartOf\":{\"@id\":\"https:\/\/www.bezoya.es\/bebe-a-bordo\/blog-bab\/lunares-en-recien-nacidos\/\"},\"author\":{\"name\":\"Beb\u00e9 a Bordo\",\"@id\":\"https:\/\/www.bezoya.es\/bebe-a-bordo\/#\/schema\/person\/27f580841a0710199ed73bb8262c9de1\"},\"headline\":\"Lunares en reci\u00e9n nacidos\",\"datePublished\":\"2015-08-13T10:47:34+00:00\",\"dateModified\":\"2024-04-30T12:42:08+00:00\",\"mainEntityOfPage\":{\"@id\":\"https:\/\/www.bezoya.es\/bebe-a-bordo\/blog-bab\/lunares-en-recien-nacidos\/\"},\"wordCount\":397,\"commentCount\":1,\"image\":{\"@id\":\"https:\/\/www.bezoya.es\/bebe-a-bordo\/blog-bab\/lunares-en-recien-nacidos\/#primaryimage\"},\"thumbnailUrl\":\"https:\/\/www.bezoya.es\/bebe-a-bordo\/wp-content\/uploads\/2015\/08\/Post-Lunares-en-rn_13.08-2-1.jpg\",\"articleSection\":[\"Blog Beb\u00e9 a Bordo\"],\"inLanguage\":\"es\",\"potentialAction\":[{\"@type\":\"CommentAction\",\"name\":\"Comment\",\"target\":[\"https:\/\/www.bezoya.es\/bebe-a-bordo\/blog-bab\/lunares-en-recien-nacidos\/#respond\"]}]},{\"@type\":\"WebPage\",\"@id\":\"https:\/\/www.bezoya.es\/bebe-a-bordo\/blog-bab\/lunares-en-recien-nacidos\/\",\"url\":\"https:\/\/www.bezoya.es\/bebe-a-bordo\/blog-bab\/lunares-en-recien-nacidos\/\",\"name\":\"Lunares en reci\u00e9n nacidos - Agua mineral natural Bezoya\",\"isPartOf\":{\"@id\":\"https:\/\/www.bezoya.es\/bebe-a-bordo\/#website\"},\"primaryImageOfPage\":{\"@id\":\"https:\/\/www.bezoya.es\/bebe-a-bordo\/blog-bab\/lunares-en-recien-nacidos\/#primaryimage\"},\"image\":{\"@id\":\"https:\/\/www.bezoya.es\/bebe-a-bordo\/blog-bab\/lunares-en-recien-nacidos\/#primaryimage\"},\"thumbnailUrl\":\"https:\/\/www.bezoya.es\/bebe-a-bordo\/wp-content\/uploads\/2015\/08\/Post-Lunares-en-rn_13.08-2-1.jpg\",\"datePublished\":\"2015-08-13T10:47:34+00:00\",\"dateModified\":\"2024-04-30T12:42:08+00:00\",\"author\":{\"@id\":\"https:\/\/www.bezoya.es\/bebe-a-bordo\/#\/schema\/person\/27f580841a0710199ed73bb8262c9de1\"},\"description\":\"Lunares y cuidados de la piel en los reci\u00e9n nacidos\",\"inLanguage\":\"es\",\"potentialAction\":[{\"@type\":\"ReadAction\",\"target\":[\"https:\/\/www.bezoya.es\/bebe-a-bordo\/blog-bab\/lunares-en-recien-nacidos\/\"]}]},{\"@type\":\"ImageObject\",\"inLanguage\":\"es\",\"@id\":\"https:\/\/www.bezoya.es\/bebe-a-bordo\/blog-bab\/lunares-en-recien-nacidos\/#primaryimage\",\"url\":\"https:\/\/www.bezoya.es\/bebe-a-bordo\/wp-content\/uploads\/2015\/08\/Post-Lunares-en-rn_13.08-2-1.jpg\",\"contentUrl\":\"https:\/\/www.bezoya.es\/bebe-a-bordo\/wp-content\/uploads\/2015\/08\/Post-Lunares-en-rn_13.08-2-1.jpg\",\"width\":560,\"height\":412},{\"@type\":\"WebSite\",\"@id\":\"https:\/\/www.bezoya.es\/bebe-a-bordo\/#website\",\"url\":\"https:\/\/www.bezoya.es\/bebe-a-bordo\/\",\"name\":\"Agua mineral natural Bezoya\",\"description\":\"El agua de mineralizaci\u00f3n muy d\u00e9bil\",\"potentialAction\":[{\"@type\":\"SearchAction\",\"target\":{\"@type\":\"EntryPoint\",\"urlTemplate\":\"https:\/\/www.bezoya.es\/bebe-a-bordo\/?s={search_term_string}\"},\"query-input\":{\"@type\":\"PropertyValueSpecification\",\"valueRequired\":true,\"valueName\":\"search_term_string\"}}],\"inLanguage\":\"es\"},{\"@type\":\"Person\",\"@id\":\"https:\/\/www.bezoya.es\/bebe-a-bordo\/#\/schema\/person\/27f580841a0710199ed73bb8262c9de1\",\"name\":\"Beb\u00e9 a Bordo\",\"image\":{\"@type\":\"ImageObject\",\"inLanguage\":\"es\",\"@id\":\"https:\/\/www.bezoya.es\/bebe-a-bordo\/#\/schema\/person\/image\/\",\"url\":\"https:\/\/secure.gravatar.com\/avatar\/0b0c609b63be1f5d579657e5afa8b15ebc59af1c9cca5c551ddcd2114a725785?s=96&d=mm&r=g\",\"contentUrl\":\"https:\/\/secure.gravatar.com\/avatar\/0b0c609b63be1f5d579657e5afa8b15ebc59af1c9cca5c551ddcd2114a725785?s=96&d=mm&r=g\",\"caption\":\"Beb\u00e9 a Bordo\"},\"description\":\"El baby coach de Bezoya que te acompa\u00f1a desde el embarazo, parto y postparto, hasta sus primeros pasos.\",\"url\":\"https:\/\/www.bezoya.es\/bebe-a-bordo\/author\/bebe-a-bordo\/\"}]}<\/script>\n<!-- \/ Yoast SEO plugin. -->","yoast_head_json":{"title":"Lunares en reci\u00e9n nacidos - Agua mineral natural Bezoya","description":"Lunares y cuidados de la piel en los reci\u00e9n nacidos","robots":{"index":"index","follow":"follow","max-snippet":"max-snippet:-1","max-image-preview":"max-image-preview:large","max-video-preview":"max-video-preview:-1"},"canonical":"https:\/\/www.bezoya.es\/bebe-a-bordo\/blog-bab\/lunares-en-recien-nacidos\/","og_locale":"es_ES","og_type":"article","og_title":"Lunares en reci\u00e9n nacidos - Agua mineral natural Bezoya","og_description":"Lunares y cuidados de la piel en los reci\u00e9n nacidos","og_url":"https:\/\/www.bezoya.es\/bebe-a-bordo\/blog-bab\/lunares-en-recien-nacidos\/","og_site_name":"Agua mineral natural Bezoya","article_published_time":"2015-08-13T10:47:34+00:00","article_modified_time":"2024-04-30T12:42:08+00:00","og_image":[{"width":560,"height":412,"url":"https:\/\/www.bezoya.es\/bebe-a-bordo\/wp-content\/uploads\/2015\/08\/Post-Lunares-en-rn_13.08-2-1.jpg","type":"image\/jpeg"}],"author":"Beb\u00e9 a Bordo","twitter_card":"summary_large_image","twitter_misc":{"Escrito por":"Beb\u00e9 a Bordo","Tiempo de lectura":"2 minutos"},"schema":{"@context":"https:\/\/schema.org","@graph":[{"@type":"Article","@id":"https:\/\/www.bezoya.es\/bebe-a-bordo\/blog-bab\/lunares-en-recien-nacidos\/#article","isPartOf":{"@id":"https:\/\/www.bezoya.es\/bebe-a-bordo\/blog-bab\/lunares-en-recien-nacidos\/"},"author":{"name":"Beb\u00e9 a Bordo","@id":"https:\/\/www.bezoya.es\/bebe-a-bordo\/#\/schema\/person\/27f580841a0710199ed73bb8262c9de1"},"headline":"Lunares en reci\u00e9n nacidos","datePublished":"2015-08-13T10:47:34+00:00","dateModified":"2024-04-30T12:42:08+00:00","mainEntityOfPage":{"@id":"https:\/\/www.bezoya.es\/bebe-a-bordo\/blog-bab\/lunares-en-recien-nacidos\/"},"wordCount":397,"commentCount":1,"image":{"@id":"https:\/\/www.bezoya.es\/bebe-a-bordo\/blog-bab\/lunares-en-recien-nacidos\/#primaryimage"},"thumbnailUrl":"https:\/\/www.bezoya.es\/bebe-a-bordo\/wp-content\/uploads\/2015\/08\/Post-Lunares-en-rn_13.08-2-1.jpg","articleSection":["Blog Beb\u00e9 a Bordo"],"inLanguage":"es","potentialAction":[{"@type":"CommentAction","name":"Comment","target":["https:\/\/www.bezoya.es\/bebe-a-bordo\/blog-bab\/lunares-en-recien-nacidos\/#respond"]}]},{"@type":"WebPage","@id":"https:\/\/www.bezoya.es\/bebe-a-bordo\/blog-bab\/lunares-en-recien-nacidos\/","url":"https:\/\/www.bezoya.es\/bebe-a-bordo\/blog-bab\/lunares-en-recien-nacidos\/","name":"Lunares en reci\u00e9n nacidos - Agua mineral natural Bezoya","isPartOf":{"@id":"https:\/\/www.bezoya.es\/bebe-a-bordo\/#website"},"primaryImageOfPage":{"@id":"https:\/\/www.bezoya.es\/bebe-a-bordo\/blog-bab\/lunares-en-recien-nacidos\/#primaryimage"},"image":{"@id":"https:\/\/www.bezoya.es\/bebe-a-bordo\/blog-bab\/lunares-en-recien-nacidos\/#primaryimage"},"thumbnailUrl":"https:\/\/www.bezoya.es\/bebe-a-bordo\/wp-content\/uploads\/2015\/08\/Post-Lunares-en-rn_13.08-2-1.jpg","datePublished":"2015-08-13T10:47:34+00:00","dateModified":"2024-04-30T12:42:08+00:00","author":{"@id":"https:\/\/www.bezoya.es\/bebe-a-bordo\/#\/schema\/person\/27f580841a0710199ed73bb8262c9de1"},"description":"Lunares y cuidados de la piel en los reci\u00e9n nacidos","inLanguage":"es","potentialAction":[{"@type":"ReadAction","target":["https:\/\/www.bezoya.es\/bebe-a-bordo\/blog-bab\/lunares-en-recien-nacidos\/"]}]},{"@type":"ImageObject","inLanguage":"es","@id":"https:\/\/www.bezoya.es\/bebe-a-bordo\/blog-bab\/lunares-en-recien-nacidos\/#primaryimage","url":"https:\/\/www.bezoya.es\/bebe-a-bordo\/wp-content\/uploads\/2015\/08\/Post-Lunares-en-rn_13.08-2-1.jpg","contentUrl":"https:\/\/www.bezoya.es\/bebe-a-bordo\/wp-content\/uploads\/2015\/08\/Post-Lunares-en-rn_13.08-2-1.jpg","width":560,"height":412},{"@type":"WebSite","@id":"https:\/\/www.bezoya.es\/bebe-a-bordo\/#website","url":"https:\/\/www.bezoya.es\/bebe-a-bordo\/","name":"Agua mineral natural Bezoya","description":"El agua de mineralizaci\u00f3n muy d\u00e9bil","potentialAction":[{"@type":"SearchAction","target":{"@type":"EntryPoint","urlTemplate":"https:\/\/www.bezoya.es\/bebe-a-bordo\/?s={search_term_string}"},"query-input":{"@type":"PropertyValueSpecification","valueRequired":true,"valueName":"search_term_string"}}],"inLanguage":"es"},{"@type":"Person","@id":"https:\/\/www.bezoya.es\/bebe-a-bordo\/#\/schema\/person\/27f580841a0710199ed73bb8262c9de1","name":"Beb\u00e9 a Bordo","image":{"@type":"ImageObject","inLanguage":"es","@id":"https:\/\/www.bezoya.es\/bebe-a-bordo\/#\/schema\/person\/image\/","url":"https:\/\/secure.gravatar.com\/avatar\/0b0c609b63be1f5d579657e5afa8b15ebc59af1c9cca5c551ddcd2114a725785?s=96&d=mm&r=g","contentUrl":"https:\/\/secure.gravatar.com\/avatar\/0b0c609b63be1f5d579657e5afa8b15ebc59af1c9cca5c551ddcd2114a725785?s=96&d=mm&r=g","caption":"Beb\u00e9 a Bordo"},"description":"El baby coach de Bezoya que te acompa\u00f1a desde el embarazo, parto y postparto, hasta sus primeros pasos.","url":"https:\/\/www.bezoya.es\/bebe-a-bordo\/author\/bebe-a-bordo\/"}]}},"views":6708,"_links":{"self":[{"href":"https:\/\/www.bezoya.es\/bebe-a-bordo\/wp-json\/wp\/v2\/posts\/4799","targetHints":{"allow":["GET"]}}],"collection":[{"href":"https:\/\/www.bezoya.es\/bebe-a-bordo\/wp-json\/wp\/v2\/posts"}],"about":[{"href":"https:\/\/www.bezoya.es\/bebe-a-bordo\/wp-json\/wp\/v2\/types\/post"}],"author":[{"embeddable":true,"href":"https:\/\/www.bezoya.es\/bebe-a-bordo\/wp-json\/wp\/v2\/users\/119"}],"replies":[{"embeddable":true,"href":"https:\/\/www.bezoya.es\/bebe-a-bordo\/wp-json\/wp\/v2\/comments?post=4799"}],"version-history":[{"count":4,"href":"https:\/\/www.bezoya.es\/bebe-a-bordo\/wp-json\/wp\/v2\/posts\/4799\/revisions"}],"predecessor-version":[{"id":18716,"href":"https:\/\/www.bezoya.es\/bebe-a-bordo\/wp-json\/wp\/v2\/posts\/4799\/revisions\/18716"}],"wp:featuredmedia":[{"embeddable":true,"href":"https:\/\/www.bezoya.es\/bebe-a-bordo\/wp-json\/wp\/v2\/media\/6206"}],"wp:attachment":[{"href":"https:\/\/www.bezoya.es\/bebe-a-bordo\/wp-json\/wp\/v2\/media?parent=4799"}],"wp:term":[{"taxonomy":"category","embeddable":true,"href":"https:\/\/www.bezoya.es\/bebe-a-bordo\/wp-json\/wp\/v2\/categories?post=4799"},{"taxonomy":"post_tag","embeddable":true,"href":"https:\/\/www.bezoya.es\/bebe-a-bordo\/wp-json\/wp\/v2\/tags?post=4799"},{"taxonomy":"categoriabab","embeddable":true,"href":"https:\/\/www.bezoya.es\/bebe-a-bordo\/wp-json\/wp\/v2\/categoriabab?post=4799"},{"taxonomy":"palabra_clave","embeddable":true,"href":"https:\/\/www.bezoya.es\/bebe-a-bordo\/wp-json\/wp\/v2\/palabra_clave?post=4799"}],"curies":[{"name":"wp","href":"https:\/\/api.w.org\/{rel}","templated":true}]}}