{"id":4720,"date":"2015-07-16T16:14:25","date_gmt":"2015-07-16T14:14:25","guid":{"rendered":"https:\/\/www.bezoya.es\/bebe-a-bordo\/?p=4720"},"modified":"2024-04-30T14:56:44","modified_gmt":"2024-04-30T12:56:44","slug":"ardor-de-estomago-en-el-embarazo","status":"publish","type":"post","link":"https:\/\/www.bezoya.es\/bebe-a-bordo\/blog-bab\/ardor-de-estomago-en-el-embarazo\/","title":{"rendered":"Ardor de est\u00f3mago en el embarazo"},"content":{"rendered":"<p>Es un <strong>s\u00edntoma<\/strong> muy frecuente en todos los trimestres del <strong>embarazo<\/strong>, pero sobretodo da mucha guerra hacia al final. El efecto hormonal de la progesterona entorpece el <strong>tr\u00e1nsito intestinal<\/strong>. Adem\u00e1s, por la distensi\u00f3n uterina, los \u00f3rganos intraabdominales se encuentran comprimidos, por lo que el \u00e1cido y los jugos g\u00e1stricos pueden difundirse en peque\u00f1as cantidades a la ultima parte del es\u00f3fago, que no se encuentra protegido para defenderse de esas secreciones y es en ese momento cuando empiezan los s\u00edntomas: dolor tipo ardor, quemaz\u00f3n o punzada en un punto localizado en la boca del <strong>est\u00f3mago<\/strong> que se puede asociar a n\u00e1useas y v\u00f3mitos.<\/p>\n<p>Lo recomendable, como siempre, son los cambios en el estilo de vida antes que los farmacol\u00f3gicos. Por supuesto, al estar embarazada, si fumas habr\u00e1s dejado el tabaco que tambi\u00e9n es un irritante natural de todas las mucosas y si no lo has hecho, ya tienes otro motivo para proponerte el dejarlo.<br \/>\nLa idea es que el est\u00f3mago no sobrepase su capacidad, por lo que sugiero comer en peque\u00f1as porciones varias veces al d\u00eda. Una comida copiosa puede empeorar mucho tus s\u00edntomas. Aunque recomendamos que tomes mucho l\u00edquido es mejor no hacerlo con las comidas, para no distender el est\u00f3mago en exceso. Por supuesto, el no subir mucho de peso durante toda la gestaci\u00f3n tambi\u00e9n ayudar\u00e1 a evitar \u00e9sta y otras complicaciones.<\/p>\n<p>Otro apunte que recomiendan los nutricionistas es el comer despacio, cosa dif\u00edcil en estos tiempos que vamos tan acelerados, pero si la comida est\u00e1 \u201cmasticada y deshecha\u201d su paso a trav\u00e9s del est\u00f3mago e intestinos ser\u00e1 m\u00e1s r\u00e1pido. Las comidas muy calientes son irritantes naturales de la mucosa esof\u00e1gica, as\u00ed que cuidado tambi\u00e9n con la temperatura de lo que ingieres.<\/p>\n<p>Despu\u00e9s de comer, es mejor permanecer sentado, sin tumbarse, durante un periodo no inferior a las 2 -3 horas, para facilitar la digesti\u00f3n de los alimentos. Adem\u00e1s, se sugiere tener elevado el cabecero de la cama para disminuir el reflujo nocturno. Tambi\u00e9n evita las situaciones en las que haya presi\u00f3n abdominal aumentada como cinturones apretados, fajas muy compresivas, etc.<br \/>\nEn cuanto a los alimentos recomendados, debemos evitar los que tienen mucha grasa, los muy condimentados o muy picantes. Los irritantes para las mucosas como el caf\u00e9, la cebolla, pimienta, el ajo y los pimientos, son los que deber\u00edas evitar a toda costa. Los dulces industriales son tambi\u00e9n dif\u00edciles de digerir y provocan acidez, sobretodo el chocolate y los refrescos con gas. En cuanto a las frutas, prefiere las que no sean muy \u00e1cidas (evitar pi\u00f1a, naranja, mandarinas, tomate, lim\u00f3n, etc.) y si las puedes comer cocinadas ser\u00e1 m\u00e1s f\u00e1cil su digesti\u00f3n.<\/p>\n<p>Si a pesar de todas estas recomendaciones no controlas los s\u00edntomas y se hacen cada vez m\u00e1s intensos, com\u00e9ntaselo a tu m\u00e9dico, existen f\u00e1rmacos seguros que te pueden ayudar a pasar esta etapa y evitar complicaciones.<\/p>\n<p style=\"text-align: right;\">Extra\u00eddo de <a title=\"http:\/\/tumesanutritiva.blogspot.com.es\/2014\/02\/reflujo-gastroesofagico-y-nutricion.html\" href=\"http:\/\/tumesanutritiva.blogspot.com.es\/2014\/02\/reflujo-gastroesofagico-y-nutricion.html\">http:\/\/tumesanutritiva.blogspot.com.es\/2014\/02\/reflujo-gastroesofagico-y-nutricion.html<\/a><\/p>\n","protected":false},"excerpt":{"rendered":"<p>Es un s\u00edntoma muy frecuente en todos los trimestres del embarazo, pero sobretodo da mucha guerra hacia al final. El efecto hormonal de la progesterona entorpece el tr\u00e1nsito intestinal. Adem\u00e1s, por la distensi\u00f3n uterina, los \u00f3rganos intraabdominales se encuentran comprimidos, por lo que el \u00e1cido y los jugos g\u00e1stricos pueden difundirse en peque\u00f1as cantidades a la ultima parte del es\u00f3fago, que no se encuentra protegido para defenderse de esas secreciones y es en ese momento cuando empiezan los s\u00edntomas: dolor tipo ardor, quemaz\u00f3n o punzada en un punto localizado en la boca del est\u00f3mago que se puede asociar a n\u00e1useas &#8230;<\/p>\n","protected":false},"author":119,"featured_media":19608,"comment_status":"open","ping_status":"open","sticky":false,"template":"","format":"standard","meta":{"_acf_changed":false,"inline_featured_image":false,"footnotes":""},"categories":[7],"tags":[],"categoriabab":[673],"palabra_clave":[1039],"class_list":["post-4720","post","type-post","status-publish","format-standard","has-post-thumbnail","hentry","category-blog-bab","categoriabab-el-embarazo"],"acf":[],"yoast_head":"<!-- This site is optimized with the Yoast SEO plugin v27.1.1 - https:\/\/yoast.com\/product\/yoast-seo-wordpress\/ -->\n<title>Ardor de est\u00f3mago en el embarazo - Agua mineral natural Bezoya<\/title>\n<meta name=\"description\" content=\"C\u00f3mo aliviar el ardor de est\u00f3mago en el embarazo\" \/>\n<meta name=\"robots\" content=\"index, follow, max-snippet:-1, max-image-preview:large, max-video-preview:-1\" \/>\n<link rel=\"canonical\" href=\"https:\/\/www.bezoya.es\/bebe-a-bordo\/blog-bab\/ardor-de-estomago-en-el-embarazo\/\" \/>\n<meta property=\"og:locale\" content=\"es_ES\" \/>\n<meta property=\"og:type\" content=\"article\" \/>\n<meta property=\"og:title\" content=\"Ardor de est\u00f3mago en el embarazo - Agua mineral natural Bezoya\" \/>\n<meta property=\"og:description\" content=\"C\u00f3mo aliviar el ardor de est\u00f3mago en el embarazo\" \/>\n<meta property=\"og:url\" content=\"https:\/\/www.bezoya.es\/bebe-a-bordo\/blog-bab\/ardor-de-estomago-en-el-embarazo\/\" \/>\n<meta property=\"og:site_name\" content=\"Agua mineral natural Bezoya\" \/>\n<meta property=\"article:published_time\" content=\"2015-07-16T14:14:25+00:00\" \/>\n<meta property=\"article:modified_time\" content=\"2024-04-30T12:56:44+00:00\" \/>\n<meta property=\"og:image\" content=\"https:\/\/www.bezoya.es\/bebe-a-bordo\/wp-content\/uploads\/2015\/07\/shutterstock_707780656-scaled.jpg\" \/>\n\t<meta property=\"og:image:width\" content=\"2560\" \/>\n\t<meta property=\"og:image:height\" content=\"1635\" \/>\n\t<meta property=\"og:image:type\" content=\"image\/jpeg\" \/>\n<meta name=\"author\" content=\"Beb\u00e9 a Bordo\" \/>\n<meta name=\"twitter:card\" content=\"summary_large_image\" \/>\n<meta name=\"twitter:label1\" content=\"Escrito por\" \/>\n\t<meta name=\"twitter:data1\" content=\"Beb\u00e9 a Bordo\" \/>\n\t<meta name=\"twitter:label2\" content=\"Tiempo de lectura\" \/>\n\t<meta name=\"twitter:data2\" content=\"3 minutos\" \/>\n<script type=\"application\/ld+json\" class=\"yoast-schema-graph\">{\"@context\":\"https:\/\/schema.org\",\"@graph\":[{\"@type\":\"Article\",\"@id\":\"https:\/\/www.bezoya.es\/bebe-a-bordo\/blog-bab\/ardor-de-estomago-en-el-embarazo\/#article\",\"isPartOf\":{\"@id\":\"https:\/\/www.bezoya.es\/bebe-a-bordo\/blog-bab\/ardor-de-estomago-en-el-embarazo\/\"},\"author\":{\"name\":\"Beb\u00e9 a Bordo\",\"@id\":\"https:\/\/www.bezoya.es\/bebe-a-bordo\/#\/schema\/person\/27f580841a0710199ed73bb8262c9de1\"},\"headline\":\"Ardor de est\u00f3mago en el embarazo\",\"datePublished\":\"2015-07-16T14:14:25+00:00\",\"dateModified\":\"2024-04-30T12:56:44+00:00\",\"mainEntityOfPage\":{\"@id\":\"https:\/\/www.bezoya.es\/bebe-a-bordo\/blog-bab\/ardor-de-estomago-en-el-embarazo\/\"},\"wordCount\":534,\"commentCount\":3,\"image\":{\"@id\":\"https:\/\/www.bezoya.es\/bebe-a-bordo\/blog-bab\/ardor-de-estomago-en-el-embarazo\/#primaryimage\"},\"thumbnailUrl\":\"https:\/\/www.bezoya.es\/bebe-a-bordo\/wp-content\/uploads\/2015\/07\/shutterstock_707780656-scaled.jpg\",\"articleSection\":[\"Blog Beb\u00e9 a Bordo\"],\"inLanguage\":\"es\",\"potentialAction\":[{\"@type\":\"CommentAction\",\"name\":\"Comment\",\"target\":[\"https:\/\/www.bezoya.es\/bebe-a-bordo\/blog-bab\/ardor-de-estomago-en-el-embarazo\/#respond\"]}]},{\"@type\":\"WebPage\",\"@id\":\"https:\/\/www.bezoya.es\/bebe-a-bordo\/blog-bab\/ardor-de-estomago-en-el-embarazo\/\",\"url\":\"https:\/\/www.bezoya.es\/bebe-a-bordo\/blog-bab\/ardor-de-estomago-en-el-embarazo\/\",\"name\":\"Ardor de est\u00f3mago en el embarazo - Agua mineral natural Bezoya\",\"isPartOf\":{\"@id\":\"https:\/\/www.bezoya.es\/bebe-a-bordo\/#website\"},\"primaryImageOfPage\":{\"@id\":\"https:\/\/www.bezoya.es\/bebe-a-bordo\/blog-bab\/ardor-de-estomago-en-el-embarazo\/#primaryimage\"},\"image\":{\"@id\":\"https:\/\/www.bezoya.es\/bebe-a-bordo\/blog-bab\/ardor-de-estomago-en-el-embarazo\/#primaryimage\"},\"thumbnailUrl\":\"https:\/\/www.bezoya.es\/bebe-a-bordo\/wp-content\/uploads\/2015\/07\/shutterstock_707780656-scaled.jpg\",\"datePublished\":\"2015-07-16T14:14:25+00:00\",\"dateModified\":\"2024-04-30T12:56:44+00:00\",\"author\":{\"@id\":\"https:\/\/www.bezoya.es\/bebe-a-bordo\/#\/schema\/person\/27f580841a0710199ed73bb8262c9de1\"},\"description\":\"C\u00f3mo aliviar el ardor de est\u00f3mago en el embarazo\",\"inLanguage\":\"es\",\"potentialAction\":[{\"@type\":\"ReadAction\",\"target\":[\"https:\/\/www.bezoya.es\/bebe-a-bordo\/blog-bab\/ardor-de-estomago-en-el-embarazo\/\"]}]},{\"@type\":\"ImageObject\",\"inLanguage\":\"es\",\"@id\":\"https:\/\/www.bezoya.es\/bebe-a-bordo\/blog-bab\/ardor-de-estomago-en-el-embarazo\/#primaryimage\",\"url\":\"https:\/\/www.bezoya.es\/bebe-a-bordo\/wp-content\/uploads\/2015\/07\/shutterstock_707780656-scaled.jpg\",\"contentUrl\":\"https:\/\/www.bezoya.es\/bebe-a-bordo\/wp-content\/uploads\/2015\/07\/shutterstock_707780656-scaled.jpg\",\"width\":2560,\"height\":1635,\"caption\":\"Ardor de est\u00f3mago en el embarazo\"},{\"@type\":\"WebSite\",\"@id\":\"https:\/\/www.bezoya.es\/bebe-a-bordo\/#website\",\"url\":\"https:\/\/www.bezoya.es\/bebe-a-bordo\/\",\"name\":\"Agua mineral natural Bezoya\",\"description\":\"El agua de mineralizaci\u00f3n muy d\u00e9bil\",\"potentialAction\":[{\"@type\":\"SearchAction\",\"target\":{\"@type\":\"EntryPoint\",\"urlTemplate\":\"https:\/\/www.bezoya.es\/bebe-a-bordo\/?s={search_term_string}\"},\"query-input\":{\"@type\":\"PropertyValueSpecification\",\"valueRequired\":true,\"valueName\":\"search_term_string\"}}],\"inLanguage\":\"es\"},{\"@type\":\"Person\",\"@id\":\"https:\/\/www.bezoya.es\/bebe-a-bordo\/#\/schema\/person\/27f580841a0710199ed73bb8262c9de1\",\"name\":\"Beb\u00e9 a Bordo\",\"image\":{\"@type\":\"ImageObject\",\"inLanguage\":\"es\",\"@id\":\"https:\/\/www.bezoya.es\/bebe-a-bordo\/#\/schema\/person\/image\/\",\"url\":\"https:\/\/secure.gravatar.com\/avatar\/0b0c609b63be1f5d579657e5afa8b15ebc59af1c9cca5c551ddcd2114a725785?s=96&d=mm&r=g\",\"contentUrl\":\"https:\/\/secure.gravatar.com\/avatar\/0b0c609b63be1f5d579657e5afa8b15ebc59af1c9cca5c551ddcd2114a725785?s=96&d=mm&r=g\",\"caption\":\"Beb\u00e9 a Bordo\"},\"description\":\"El baby coach de Bezoya que te acompa\u00f1a desde el embarazo, parto y postparto, hasta sus primeros pasos.\",\"url\":\"https:\/\/www.bezoya.es\/bebe-a-bordo\/author\/bebe-a-bordo\/\"}]}<\/script>\n<!-- \/ Yoast SEO plugin. -->","yoast_head_json":{"title":"Ardor de est\u00f3mago en el embarazo - Agua mineral natural Bezoya","description":"C\u00f3mo aliviar el ardor de est\u00f3mago en el embarazo","robots":{"index":"index","follow":"follow","max-snippet":"max-snippet:-1","max-image-preview":"max-image-preview:large","max-video-preview":"max-video-preview:-1"},"canonical":"https:\/\/www.bezoya.es\/bebe-a-bordo\/blog-bab\/ardor-de-estomago-en-el-embarazo\/","og_locale":"es_ES","og_type":"article","og_title":"Ardor de est\u00f3mago en el embarazo - Agua mineral natural Bezoya","og_description":"C\u00f3mo aliviar el ardor de est\u00f3mago en el embarazo","og_url":"https:\/\/www.bezoya.es\/bebe-a-bordo\/blog-bab\/ardor-de-estomago-en-el-embarazo\/","og_site_name":"Agua mineral natural Bezoya","article_published_time":"2015-07-16T14:14:25+00:00","article_modified_time":"2024-04-30T12:56:44+00:00","og_image":[{"width":2560,"height":1635,"url":"https:\/\/www.bezoya.es\/bebe-a-bordo\/wp-content\/uploads\/2015\/07\/shutterstock_707780656-scaled.jpg","type":"image\/jpeg"}],"author":"Beb\u00e9 a Bordo","twitter_card":"summary_large_image","twitter_misc":{"Escrito por":"Beb\u00e9 a Bordo","Tiempo de lectura":"3 minutos"},"schema":{"@context":"https:\/\/schema.org","@graph":[{"@type":"Article","@id":"https:\/\/www.bezoya.es\/bebe-a-bordo\/blog-bab\/ardor-de-estomago-en-el-embarazo\/#article","isPartOf":{"@id":"https:\/\/www.bezoya.es\/bebe-a-bordo\/blog-bab\/ardor-de-estomago-en-el-embarazo\/"},"author":{"name":"Beb\u00e9 a Bordo","@id":"https:\/\/www.bezoya.es\/bebe-a-bordo\/#\/schema\/person\/27f580841a0710199ed73bb8262c9de1"},"headline":"Ardor de est\u00f3mago en el embarazo","datePublished":"2015-07-16T14:14:25+00:00","dateModified":"2024-04-30T12:56:44+00:00","mainEntityOfPage":{"@id":"https:\/\/www.bezoya.es\/bebe-a-bordo\/blog-bab\/ardor-de-estomago-en-el-embarazo\/"},"wordCount":534,"commentCount":3,"image":{"@id":"https:\/\/www.bezoya.es\/bebe-a-bordo\/blog-bab\/ardor-de-estomago-en-el-embarazo\/#primaryimage"},"thumbnailUrl":"https:\/\/www.bezoya.es\/bebe-a-bordo\/wp-content\/uploads\/2015\/07\/shutterstock_707780656-scaled.jpg","articleSection":["Blog Beb\u00e9 a Bordo"],"inLanguage":"es","potentialAction":[{"@type":"CommentAction","name":"Comment","target":["https:\/\/www.bezoya.es\/bebe-a-bordo\/blog-bab\/ardor-de-estomago-en-el-embarazo\/#respond"]}]},{"@type":"WebPage","@id":"https:\/\/www.bezoya.es\/bebe-a-bordo\/blog-bab\/ardor-de-estomago-en-el-embarazo\/","url":"https:\/\/www.bezoya.es\/bebe-a-bordo\/blog-bab\/ardor-de-estomago-en-el-embarazo\/","name":"Ardor de est\u00f3mago en el embarazo - Agua mineral natural Bezoya","isPartOf":{"@id":"https:\/\/www.bezoya.es\/bebe-a-bordo\/#website"},"primaryImageOfPage":{"@id":"https:\/\/www.bezoya.es\/bebe-a-bordo\/blog-bab\/ardor-de-estomago-en-el-embarazo\/#primaryimage"},"image":{"@id":"https:\/\/www.bezoya.es\/bebe-a-bordo\/blog-bab\/ardor-de-estomago-en-el-embarazo\/#primaryimage"},"thumbnailUrl":"https:\/\/www.bezoya.es\/bebe-a-bordo\/wp-content\/uploads\/2015\/07\/shutterstock_707780656-scaled.jpg","datePublished":"2015-07-16T14:14:25+00:00","dateModified":"2024-04-30T12:56:44+00:00","author":{"@id":"https:\/\/www.bezoya.es\/bebe-a-bordo\/#\/schema\/person\/27f580841a0710199ed73bb8262c9de1"},"description":"C\u00f3mo aliviar el ardor de est\u00f3mago en el embarazo","inLanguage":"es","potentialAction":[{"@type":"ReadAction","target":["https:\/\/www.bezoya.es\/bebe-a-bordo\/blog-bab\/ardor-de-estomago-en-el-embarazo\/"]}]},{"@type":"ImageObject","inLanguage":"es","@id":"https:\/\/www.bezoya.es\/bebe-a-bordo\/blog-bab\/ardor-de-estomago-en-el-embarazo\/#primaryimage","url":"https:\/\/www.bezoya.es\/bebe-a-bordo\/wp-content\/uploads\/2015\/07\/shutterstock_707780656-scaled.jpg","contentUrl":"https:\/\/www.bezoya.es\/bebe-a-bordo\/wp-content\/uploads\/2015\/07\/shutterstock_707780656-scaled.jpg","width":2560,"height":1635,"caption":"Ardor de est\u00f3mago en el embarazo"},{"@type":"WebSite","@id":"https:\/\/www.bezoya.es\/bebe-a-bordo\/#website","url":"https:\/\/www.bezoya.es\/bebe-a-bordo\/","name":"Agua mineral natural Bezoya","description":"El agua de mineralizaci\u00f3n muy d\u00e9bil","potentialAction":[{"@type":"SearchAction","target":{"@type":"EntryPoint","urlTemplate":"https:\/\/www.bezoya.es\/bebe-a-bordo\/?s={search_term_string}"},"query-input":{"@type":"PropertyValueSpecification","valueRequired":true,"valueName":"search_term_string"}}],"inLanguage":"es"},{"@type":"Person","@id":"https:\/\/www.bezoya.es\/bebe-a-bordo\/#\/schema\/person\/27f580841a0710199ed73bb8262c9de1","name":"Beb\u00e9 a Bordo","image":{"@type":"ImageObject","inLanguage":"es","@id":"https:\/\/www.bezoya.es\/bebe-a-bordo\/#\/schema\/person\/image\/","url":"https:\/\/secure.gravatar.com\/avatar\/0b0c609b63be1f5d579657e5afa8b15ebc59af1c9cca5c551ddcd2114a725785?s=96&d=mm&r=g","contentUrl":"https:\/\/secure.gravatar.com\/avatar\/0b0c609b63be1f5d579657e5afa8b15ebc59af1c9cca5c551ddcd2114a725785?s=96&d=mm&r=g","caption":"Beb\u00e9 a Bordo"},"description":"El baby coach de Bezoya que te acompa\u00f1a desde el embarazo, parto y postparto, hasta sus primeros pasos.","url":"https:\/\/www.bezoya.es\/bebe-a-bordo\/author\/bebe-a-bordo\/"}]}},"views":7586,"_links":{"self":[{"href":"https:\/\/www.bezoya.es\/bebe-a-bordo\/wp-json\/wp\/v2\/posts\/4720","targetHints":{"allow":["GET"]}}],"collection":[{"href":"https:\/\/www.bezoya.es\/bebe-a-bordo\/wp-json\/wp\/v2\/posts"}],"about":[{"href":"https:\/\/www.bezoya.es\/bebe-a-bordo\/wp-json\/wp\/v2\/types\/post"}],"author":[{"embeddable":true,"href":"https:\/\/www.bezoya.es\/bebe-a-bordo\/wp-json\/wp\/v2\/users\/119"}],"replies":[{"embeddable":true,"href":"https:\/\/www.bezoya.es\/bebe-a-bordo\/wp-json\/wp\/v2\/comments?post=4720"}],"version-history":[{"count":4,"href":"https:\/\/www.bezoya.es\/bebe-a-bordo\/wp-json\/wp\/v2\/posts\/4720\/revisions"}],"predecessor-version":[{"id":19607,"href":"https:\/\/www.bezoya.es\/bebe-a-bordo\/wp-json\/wp\/v2\/posts\/4720\/revisions\/19607"}],"wp:featuredmedia":[{"embeddable":true,"href":"https:\/\/www.bezoya.es\/bebe-a-bordo\/wp-json\/wp\/v2\/media\/19608"}],"wp:attachment":[{"href":"https:\/\/www.bezoya.es\/bebe-a-bordo\/wp-json\/wp\/v2\/media?parent=4720"}],"wp:term":[{"taxonomy":"category","embeddable":true,"href":"https:\/\/www.bezoya.es\/bebe-a-bordo\/wp-json\/wp\/v2\/categories?post=4720"},{"taxonomy":"post_tag","embeddable":true,"href":"https:\/\/www.bezoya.es\/bebe-a-bordo\/wp-json\/wp\/v2\/tags?post=4720"},{"taxonomy":"categoriabab","embeddable":true,"href":"https:\/\/www.bezoya.es\/bebe-a-bordo\/wp-json\/wp\/v2\/categoriabab?post=4720"},{"taxonomy":"palabra_clave","embeddable":true,"href":"https:\/\/www.bezoya.es\/bebe-a-bordo\/wp-json\/wp\/v2\/palabra_clave?post=4720"}],"curies":[{"name":"wp","href":"https:\/\/api.w.org\/{rel}","templated":true}]}}