{"id":4696,"date":"2015-07-10T12:36:53","date_gmt":"2015-07-10T10:36:53","guid":{"rendered":"https:\/\/www.bezoya.es\/bebe-a-bordo\/?p=4696"},"modified":"2024-04-23T17:29:12","modified_gmt":"2024-04-23T15:29:12","slug":"ictericia","status":"publish","type":"post","link":"https:\/\/www.bezoya.es\/bebe-a-bordo\/blog-bab\/ictericia\/","title":{"rendered":"Ictericia en el reci\u00e9n nacido"},"content":{"rendered":"<p>Consiste en la coloraci\u00f3n amarillenta de piel y mucosas ocasionada por el dep\u00f3sito de bilirrubina. La ictericia se observa en primer lugar en la cara y luego va progresando hacia el tronco y extremidades.<\/p>\n<p>La ictericia fisiol\u00f3gica es una situaci\u00f3n muy frecuente (60% de reci\u00e9n nacidos) en el neonato a t\u00e9rmino, suele ser leve y fugaz (del 2\u00ba al 7\u00ba d\u00eda). A veces la ictericia es patol\u00f3gica, cuando se inicia en las primeras 24 horas, se acompa\u00f1a de otros s\u00edntomas, aumenta r\u00e1pidamente o dura m\u00e1s de una semana (excepto en los beb\u00e9s alimentados al pecho que puede durar tres o m\u00e1s semanas).<\/p>\n<p>Para conocer el grado de ictericia se debe determinar la bilirrubina en sangre. Si \u00e9sta es alta deber\u00e1 tratarse para evitar da\u00f1o cerebral al beb\u00e9. La bilirrubina en niveles altos en sangre, puede depositarse en los ganglios basales del cerebro y producir un da\u00f1o permanente (ictericia nuclear).<\/p>\n<p><img decoding=\"async\" class=\"aligncenter size-full wp-image-4698\" src=\"https:\/\/www.bezoya.es\/bebe-a-bordo\/wp-content\/uploads\/2015\/07\/Post-10-07_04.jpg\" alt=\"beb\u00e9s con ictericia\" \/><\/p>\n<p>Como tratamiento, es fundamental la correcta alimentaci\u00f3n-hidrataci\u00f3n del ni\u00f1o, a veces necesitar\u00e1n fototerapia (rayos UVA) y en casos extremos un recambio de la sangre (exanguinotransfusi\u00f3n).<\/p>\n<p>&nbsp;<\/p>\n<p>Actualmente en los pa\u00edses occidentales preocupa cada vez m\u00e1s la ictericia nuclear, por la tendencia a dar de alta precozmente a los reci\u00e9n nacidos (RN) del nido. Hay que seguir unas recomendaciones en el seguimiento de los RN tras el alta del nido:<\/p>\n<p>1) La valoraci\u00f3n cl\u00ednica debe hacerse por un pediatra, no por la familia.<\/p>\n<p>2) Todos los RN dados de alta antes de las 48 horas de vida, deben ser controlados por un pediatra en el plazo de 2-3 d\u00edas.<\/p>\n<p>3) Los RN con edades gestacionales de 37-38 semanas, presentan mayor riesgo de incrementos importantes de bilirrubina que los de mayor edad gestacional.<\/p>\n<p>4) Los RN dados de alta con cifras de bilirrubina mayor de 15 mg\/dl, deben ser reevaluados cl\u00ednica y anal\u00edticamente en 24 horas.<\/p>\n<p>5) En los RN a t\u00e9rmino dados de alta con bilirrubina mayor de 18 mg\/dl, si reciben alimentaci\u00f3n con lactancia materna, se puede considerar la sustituci\u00f3n temporal de la misma por f\u00f3rmula durante 2-3 d\u00edas, hasta que se compruebe la tendencia al descenso de las cifras de bilirrubina.<\/p>\n<p>6) No son eficaces los suplementos de agua o suero glucosado.<\/p>\n<p>7) Es recomendable colocar al RN en un lugar soleado o bien iluminado de la casa.<\/p>\n","protected":false},"excerpt":{"rendered":"<p>Consiste en la coloraci\u00f3n amarillenta de piel y mucosas ocasionada por el dep\u00f3sito de bilirrubina. La ictericia se observa en primer lugar en la cara y luego va progresando hacia el tronco y extremidades. La ictericia fisiol\u00f3gica es una situaci\u00f3n muy frecuente (60% de reci\u00e9n nacidos) en el neonato a t\u00e9rmino, suele ser leve y fugaz (del 2\u00ba al 7\u00ba d\u00eda). A veces la ictericia es patol\u00f3gica, cuando se inicia en las primeras 24 horas, se acompa\u00f1a de otros s\u00edntomas, aumenta r\u00e1pidamente o dura m\u00e1s de una semana (excepto en los beb\u00e9s alimentados al pecho que puede durar tres o &#8230;<\/p>\n","protected":false},"author":119,"featured_media":6214,"comment_status":"open","ping_status":"open","sticky":false,"template":"","format":"standard","meta":{"_acf_changed":false,"inline_featured_image":false,"footnotes":""},"categories":[7],"tags":[],"categoriabab":[674,675],"palabra_clave":[],"class_list":["post-4696","post","type-post","status-publish","format-standard","has-post-thumbnail","hentry","category-blog-bab","categoriabab-parto-y-posparto","categoriabab-crianza-hasta-los-2-anos"],"acf":[],"yoast_head":"<!-- This site is optimized with the Yoast SEO plugin v27.1.1 - https:\/\/yoast.com\/product\/yoast-seo-wordpress\/ -->\n<title>Ictericia en el reci\u00e9n nacido - Agua mineral natural Bezoya<\/title>\n<meta name=\"description\" content=\"C\u00f3mo tratar los problemas de la piel como la ictericia en el beb\u00e9\" \/>\n<meta name=\"robots\" content=\"index, follow, max-snippet:-1, max-image-preview:large, max-video-preview:-1\" \/>\n<link rel=\"canonical\" href=\"https:\/\/www.bezoya.es\/bebe-a-bordo\/blog-bab\/ictericia\/\" \/>\n<meta property=\"og:locale\" content=\"es_ES\" \/>\n<meta property=\"og:type\" content=\"article\" \/>\n<meta property=\"og:title\" content=\"Ictericia en el reci\u00e9n nacido - Agua mineral natural Bezoya\" \/>\n<meta property=\"og:description\" content=\"C\u00f3mo tratar los problemas de la piel como la ictericia en el beb\u00e9\" \/>\n<meta property=\"og:url\" content=\"https:\/\/www.bezoya.es\/bebe-a-bordo\/blog-bab\/ictericia\/\" \/>\n<meta property=\"og:site_name\" content=\"Agua mineral natural Bezoya\" \/>\n<meta property=\"article:published_time\" content=\"2015-07-10T10:36:53+00:00\" \/>\n<meta property=\"article:modified_time\" content=\"2024-04-23T15:29:12+00:00\" \/>\n<meta property=\"og:image\" content=\"https:\/\/www.bezoya.es\/bebe-a-bordo\/wp-content\/uploads\/2015\/07\/Post-10-07_03.jpg\" \/>\n\t<meta property=\"og:image:width\" content=\"560\" \/>\n\t<meta property=\"og:image:height\" content=\"374\" \/>\n\t<meta property=\"og:image:type\" content=\"image\/jpeg\" \/>\n<meta name=\"author\" content=\"Beb\u00e9 a Bordo\" \/>\n<meta name=\"twitter:card\" content=\"summary_large_image\" \/>\n<meta name=\"twitter:label1\" content=\"Escrito por\" \/>\n\t<meta name=\"twitter:data1\" content=\"Beb\u00e9 a Bordo\" \/>\n\t<meta name=\"twitter:label2\" content=\"Tiempo de lectura\" \/>\n\t<meta name=\"twitter:data2\" content=\"2 minutos\" \/>\n<script type=\"application\/ld+json\" class=\"yoast-schema-graph\">{\"@context\":\"https:\/\/schema.org\",\"@graph\":[{\"@type\":\"Article\",\"@id\":\"https:\/\/www.bezoya.es\/bebe-a-bordo\/blog-bab\/ictericia\/#article\",\"isPartOf\":{\"@id\":\"https:\/\/www.bezoya.es\/bebe-a-bordo\/blog-bab\/ictericia\/\"},\"author\":{\"name\":\"Beb\u00e9 a Bordo\",\"@id\":\"https:\/\/www.bezoya.es\/bebe-a-bordo\/#\/schema\/person\/27f580841a0710199ed73bb8262c9de1\"},\"headline\":\"Ictericia en el reci\u00e9n nacido\",\"datePublished\":\"2015-07-10T10:36:53+00:00\",\"dateModified\":\"2024-04-23T15:29:12+00:00\",\"mainEntityOfPage\":{\"@id\":\"https:\/\/www.bezoya.es\/bebe-a-bordo\/blog-bab\/ictericia\/\"},\"wordCount\":405,\"commentCount\":0,\"image\":{\"@id\":\"https:\/\/www.bezoya.es\/bebe-a-bordo\/blog-bab\/ictericia\/#primaryimage\"},\"thumbnailUrl\":\"https:\/\/www.bezoya.es\/bebe-a-bordo\/wp-content\/uploads\/2015\/07\/Post-10-07_03.jpg\",\"articleSection\":[\"Blog Beb\u00e9 a Bordo\"],\"inLanguage\":\"es\",\"potentialAction\":[{\"@type\":\"CommentAction\",\"name\":\"Comment\",\"target\":[\"https:\/\/www.bezoya.es\/bebe-a-bordo\/blog-bab\/ictericia\/#respond\"]}]},{\"@type\":\"WebPage\",\"@id\":\"https:\/\/www.bezoya.es\/bebe-a-bordo\/blog-bab\/ictericia\/\",\"url\":\"https:\/\/www.bezoya.es\/bebe-a-bordo\/blog-bab\/ictericia\/\",\"name\":\"Ictericia en el reci\u00e9n nacido - Agua mineral natural Bezoya\",\"isPartOf\":{\"@id\":\"https:\/\/www.bezoya.es\/bebe-a-bordo\/#website\"},\"primaryImageOfPage\":{\"@id\":\"https:\/\/www.bezoya.es\/bebe-a-bordo\/blog-bab\/ictericia\/#primaryimage\"},\"image\":{\"@id\":\"https:\/\/www.bezoya.es\/bebe-a-bordo\/blog-bab\/ictericia\/#primaryimage\"},\"thumbnailUrl\":\"https:\/\/www.bezoya.es\/bebe-a-bordo\/wp-content\/uploads\/2015\/07\/Post-10-07_03.jpg\",\"datePublished\":\"2015-07-10T10:36:53+00:00\",\"dateModified\":\"2024-04-23T15:29:12+00:00\",\"author\":{\"@id\":\"https:\/\/www.bezoya.es\/bebe-a-bordo\/#\/schema\/person\/27f580841a0710199ed73bb8262c9de1\"},\"description\":\"C\u00f3mo tratar los problemas de la piel como la ictericia en el beb\u00e9\",\"inLanguage\":\"es\",\"potentialAction\":[{\"@type\":\"ReadAction\",\"target\":[\"https:\/\/www.bezoya.es\/bebe-a-bordo\/blog-bab\/ictericia\/\"]}]},{\"@type\":\"ImageObject\",\"inLanguage\":\"es\",\"@id\":\"https:\/\/www.bezoya.es\/bebe-a-bordo\/blog-bab\/ictericia\/#primaryimage\",\"url\":\"https:\/\/www.bezoya.es\/bebe-a-bordo\/wp-content\/uploads\/2015\/07\/Post-10-07_03.jpg\",\"contentUrl\":\"https:\/\/www.bezoya.es\/bebe-a-bordo\/wp-content\/uploads\/2015\/07\/Post-10-07_03.jpg\",\"width\":560,\"height\":374},{\"@type\":\"WebSite\",\"@id\":\"https:\/\/www.bezoya.es\/bebe-a-bordo\/#website\",\"url\":\"https:\/\/www.bezoya.es\/bebe-a-bordo\/\",\"name\":\"Agua mineral natural Bezoya\",\"description\":\"El agua de mineralizaci\u00f3n muy d\u00e9bil\",\"potentialAction\":[{\"@type\":\"SearchAction\",\"target\":{\"@type\":\"EntryPoint\",\"urlTemplate\":\"https:\/\/www.bezoya.es\/bebe-a-bordo\/?s={search_term_string}\"},\"query-input\":{\"@type\":\"PropertyValueSpecification\",\"valueRequired\":true,\"valueName\":\"search_term_string\"}}],\"inLanguage\":\"es\"},{\"@type\":\"Person\",\"@id\":\"https:\/\/www.bezoya.es\/bebe-a-bordo\/#\/schema\/person\/27f580841a0710199ed73bb8262c9de1\",\"name\":\"Beb\u00e9 a Bordo\",\"image\":{\"@type\":\"ImageObject\",\"inLanguage\":\"es\",\"@id\":\"https:\/\/www.bezoya.es\/bebe-a-bordo\/#\/schema\/person\/image\/\",\"url\":\"https:\/\/secure.gravatar.com\/avatar\/0b0c609b63be1f5d579657e5afa8b15ebc59af1c9cca5c551ddcd2114a725785?s=96&d=mm&r=g\",\"contentUrl\":\"https:\/\/secure.gravatar.com\/avatar\/0b0c609b63be1f5d579657e5afa8b15ebc59af1c9cca5c551ddcd2114a725785?s=96&d=mm&r=g\",\"caption\":\"Beb\u00e9 a Bordo\"},\"description\":\"El baby coach de Bezoya que te acompa\u00f1a desde el embarazo, parto y postparto, hasta sus primeros pasos.\",\"url\":\"https:\/\/www.bezoya.es\/bebe-a-bordo\/author\/bebe-a-bordo\/\"}]}<\/script>\n<!-- \/ Yoast SEO plugin. -->","yoast_head_json":{"title":"Ictericia en el reci\u00e9n nacido - Agua mineral natural Bezoya","description":"C\u00f3mo tratar los problemas de la piel como la ictericia en el beb\u00e9","robots":{"index":"index","follow":"follow","max-snippet":"max-snippet:-1","max-image-preview":"max-image-preview:large","max-video-preview":"max-video-preview:-1"},"canonical":"https:\/\/www.bezoya.es\/bebe-a-bordo\/blog-bab\/ictericia\/","og_locale":"es_ES","og_type":"article","og_title":"Ictericia en el reci\u00e9n nacido - Agua mineral natural Bezoya","og_description":"C\u00f3mo tratar los problemas de la piel como la ictericia en el beb\u00e9","og_url":"https:\/\/www.bezoya.es\/bebe-a-bordo\/blog-bab\/ictericia\/","og_site_name":"Agua mineral natural Bezoya","article_published_time":"2015-07-10T10:36:53+00:00","article_modified_time":"2024-04-23T15:29:12+00:00","og_image":[{"width":560,"height":374,"url":"https:\/\/www.bezoya.es\/bebe-a-bordo\/wp-content\/uploads\/2015\/07\/Post-10-07_03.jpg","type":"image\/jpeg"}],"author":"Beb\u00e9 a Bordo","twitter_card":"summary_large_image","twitter_misc":{"Escrito por":"Beb\u00e9 a Bordo","Tiempo de lectura":"2 minutos"},"schema":{"@context":"https:\/\/schema.org","@graph":[{"@type":"Article","@id":"https:\/\/www.bezoya.es\/bebe-a-bordo\/blog-bab\/ictericia\/#article","isPartOf":{"@id":"https:\/\/www.bezoya.es\/bebe-a-bordo\/blog-bab\/ictericia\/"},"author":{"name":"Beb\u00e9 a Bordo","@id":"https:\/\/www.bezoya.es\/bebe-a-bordo\/#\/schema\/person\/27f580841a0710199ed73bb8262c9de1"},"headline":"Ictericia en el reci\u00e9n nacido","datePublished":"2015-07-10T10:36:53+00:00","dateModified":"2024-04-23T15:29:12+00:00","mainEntityOfPage":{"@id":"https:\/\/www.bezoya.es\/bebe-a-bordo\/blog-bab\/ictericia\/"},"wordCount":405,"commentCount":0,"image":{"@id":"https:\/\/www.bezoya.es\/bebe-a-bordo\/blog-bab\/ictericia\/#primaryimage"},"thumbnailUrl":"https:\/\/www.bezoya.es\/bebe-a-bordo\/wp-content\/uploads\/2015\/07\/Post-10-07_03.jpg","articleSection":["Blog Beb\u00e9 a Bordo"],"inLanguage":"es","potentialAction":[{"@type":"CommentAction","name":"Comment","target":["https:\/\/www.bezoya.es\/bebe-a-bordo\/blog-bab\/ictericia\/#respond"]}]},{"@type":"WebPage","@id":"https:\/\/www.bezoya.es\/bebe-a-bordo\/blog-bab\/ictericia\/","url":"https:\/\/www.bezoya.es\/bebe-a-bordo\/blog-bab\/ictericia\/","name":"Ictericia en el reci\u00e9n nacido - Agua mineral natural Bezoya","isPartOf":{"@id":"https:\/\/www.bezoya.es\/bebe-a-bordo\/#website"},"primaryImageOfPage":{"@id":"https:\/\/www.bezoya.es\/bebe-a-bordo\/blog-bab\/ictericia\/#primaryimage"},"image":{"@id":"https:\/\/www.bezoya.es\/bebe-a-bordo\/blog-bab\/ictericia\/#primaryimage"},"thumbnailUrl":"https:\/\/www.bezoya.es\/bebe-a-bordo\/wp-content\/uploads\/2015\/07\/Post-10-07_03.jpg","datePublished":"2015-07-10T10:36:53+00:00","dateModified":"2024-04-23T15:29:12+00:00","author":{"@id":"https:\/\/www.bezoya.es\/bebe-a-bordo\/#\/schema\/person\/27f580841a0710199ed73bb8262c9de1"},"description":"C\u00f3mo tratar los problemas de la piel como la ictericia en el beb\u00e9","inLanguage":"es","potentialAction":[{"@type":"ReadAction","target":["https:\/\/www.bezoya.es\/bebe-a-bordo\/blog-bab\/ictericia\/"]}]},{"@type":"ImageObject","inLanguage":"es","@id":"https:\/\/www.bezoya.es\/bebe-a-bordo\/blog-bab\/ictericia\/#primaryimage","url":"https:\/\/www.bezoya.es\/bebe-a-bordo\/wp-content\/uploads\/2015\/07\/Post-10-07_03.jpg","contentUrl":"https:\/\/www.bezoya.es\/bebe-a-bordo\/wp-content\/uploads\/2015\/07\/Post-10-07_03.jpg","width":560,"height":374},{"@type":"WebSite","@id":"https:\/\/www.bezoya.es\/bebe-a-bordo\/#website","url":"https:\/\/www.bezoya.es\/bebe-a-bordo\/","name":"Agua mineral natural Bezoya","description":"El agua de mineralizaci\u00f3n muy d\u00e9bil","potentialAction":[{"@type":"SearchAction","target":{"@type":"EntryPoint","urlTemplate":"https:\/\/www.bezoya.es\/bebe-a-bordo\/?s={search_term_string}"},"query-input":{"@type":"PropertyValueSpecification","valueRequired":true,"valueName":"search_term_string"}}],"inLanguage":"es"},{"@type":"Person","@id":"https:\/\/www.bezoya.es\/bebe-a-bordo\/#\/schema\/person\/27f580841a0710199ed73bb8262c9de1","name":"Beb\u00e9 a Bordo","image":{"@type":"ImageObject","inLanguage":"es","@id":"https:\/\/www.bezoya.es\/bebe-a-bordo\/#\/schema\/person\/image\/","url":"https:\/\/secure.gravatar.com\/avatar\/0b0c609b63be1f5d579657e5afa8b15ebc59af1c9cca5c551ddcd2114a725785?s=96&d=mm&r=g","contentUrl":"https:\/\/secure.gravatar.com\/avatar\/0b0c609b63be1f5d579657e5afa8b15ebc59af1c9cca5c551ddcd2114a725785?s=96&d=mm&r=g","caption":"Beb\u00e9 a Bordo"},"description":"El baby coach de Bezoya que te acompa\u00f1a desde el embarazo, parto y postparto, hasta sus primeros pasos.","url":"https:\/\/www.bezoya.es\/bebe-a-bordo\/author\/bebe-a-bordo\/"}]}},"views":7031,"_links":{"self":[{"href":"https:\/\/www.bezoya.es\/bebe-a-bordo\/wp-json\/wp\/v2\/posts\/4696","targetHints":{"allow":["GET"]}}],"collection":[{"href":"https:\/\/www.bezoya.es\/bebe-a-bordo\/wp-json\/wp\/v2\/posts"}],"about":[{"href":"https:\/\/www.bezoya.es\/bebe-a-bordo\/wp-json\/wp\/v2\/types\/post"}],"author":[{"embeddable":true,"href":"https:\/\/www.bezoya.es\/bebe-a-bordo\/wp-json\/wp\/v2\/users\/119"}],"replies":[{"embeddable":true,"href":"https:\/\/www.bezoya.es\/bebe-a-bordo\/wp-json\/wp\/v2\/comments?post=4696"}],"version-history":[{"count":5,"href":"https:\/\/www.bezoya.es\/bebe-a-bordo\/wp-json\/wp\/v2\/posts\/4696\/revisions"}],"predecessor-version":[{"id":18695,"href":"https:\/\/www.bezoya.es\/bebe-a-bordo\/wp-json\/wp\/v2\/posts\/4696\/revisions\/18695"}],"wp:featuredmedia":[{"embeddable":true,"href":"https:\/\/www.bezoya.es\/bebe-a-bordo\/wp-json\/wp\/v2\/media\/6214"}],"wp:attachment":[{"href":"https:\/\/www.bezoya.es\/bebe-a-bordo\/wp-json\/wp\/v2\/media?parent=4696"}],"wp:term":[{"taxonomy":"category","embeddable":true,"href":"https:\/\/www.bezoya.es\/bebe-a-bordo\/wp-json\/wp\/v2\/categories?post=4696"},{"taxonomy":"post_tag","embeddable":true,"href":"https:\/\/www.bezoya.es\/bebe-a-bordo\/wp-json\/wp\/v2\/tags?post=4696"},{"taxonomy":"categoriabab","embeddable":true,"href":"https:\/\/www.bezoya.es\/bebe-a-bordo\/wp-json\/wp\/v2\/categoriabab?post=4696"},{"taxonomy":"palabra_clave","embeddable":true,"href":"https:\/\/www.bezoya.es\/bebe-a-bordo\/wp-json\/wp\/v2\/palabra_clave?post=4696"}],"curies":[{"name":"wp","href":"https:\/\/api.w.org\/{rel}","templated":true}]}}