{"id":3236,"date":"2015-01-15T14:29:14","date_gmt":"2015-01-15T12:29:14","guid":{"rendered":"https:\/\/www.bezoya.es\/bebe-a-bordo\/?p=3236"},"modified":"2024-04-23T22:10:15","modified_gmt":"2024-04-23T20:10:15","slug":"somos-maestros-de-las-emociones","status":"publish","type":"post","link":"https:\/\/www.bezoya.es\/bebe-a-bordo\/blog-bab\/somos-maestros-de-las-emociones\/","title":{"rendered":"Somos maestros de las emociones"},"content":{"rendered":"<p style=\"text-align: justify;\">Todos hemos o\u00eddo la expresi\u00f3n de que \u201clos ni\u00f1os son como esponjas\u201d. Se trata de un s\u00edmil que refleja a la perfecci\u00f3n la curiosidad innata que manifiestan y la impresionante plasticidad cerebral que les caracteriza.<\/p>\n<p style=\"text-align: justify;\">Cuando reflexionamos acerca de\u00a0todo lo que podemos ense\u00f1ar a nuestros hijos\/as y en todas las habilidades que deseamos potenciarles\u2026 \u00bfen cu\u00e1les pensamos?<\/p>\n<p style=\"text-align: justify;\">Los padres somos los principales e indiscutibles maestros de nuestros hijos\/as respecto a numerosos aspectos de su evoluci\u00f3n. La lista de aprendizajes en los que vamos a influirles es larga: la variedad de los alimentos, que existen muchos colores en el mundo, c\u00f3mo dormir de una u otra anera, qu\u00e9 es un beso, por qu\u00e9 usamos las palabras, c\u00f3mo huele una flor, para qu\u00e9 sirve un orinal\u2026 Pero muy especialmente <b>vamos a ser los maestros de sus emociones<\/b>.<\/p>\n<p style=\"text-align: justify;\">Al igual que potenciaremos el desarrollo cognitivo, psicomotor, ling\u00fc\u00edstico, etc., deberemos fomentar tambi\u00e9n una serie de \u00a0<b>HABILIDADES EMOCIONALES<\/b> necesarias para una vida plena y positiva (1):<\/p>\n<ul>\n<li>La empat\u00eda.<\/li>\n<li>La expresi\u00f3n y comprensi\u00f3n de los sentimientos.<\/li>\n<li>El control de la impulsividad.<\/li>\n<li>La independencia.<\/li>\n<li>La capacidad de adaptaci\u00f3n.<\/li>\n<li>La capacidad de resolver los problemas en forma interpersonal.<\/li>\n<li>La persistencia.<\/li>\n<li>La simpat\u00eda, cordialidad, la amabilidad y el respeto.<\/li>\n<\/ul>\n<p style=\"text-align: justify;\">En 1995, el prestigioso psic\u00f3logo Daniel Goleman populariz\u00f3 un t\u00e9rmino que cambi\u00f3 la importancia otorgada a la dimensi\u00f3n emocional del ser humano hasta la fecha: <b>\u201cLa Inteligencia emocional\u201d<\/b> (2). Goleman se refiere a ella como <b>la capacidad m\u00e1s importante que podemos desarrollar<\/b>, ya que permite utilizar correctamente todas las dem\u00e1s habilidades.<\/p>\n<p style=\"text-align: justify;\">Pero, \u00bfa qu\u00e9 edad puede ser capaz nuestro hijo de desarrollar esta \u201cinteligencia emocional\u201d? Conocer algunas de las caracter\u00edsticas evolutivas de cada etapa puede servirnos de ayuda:<\/p>\n<ol>\n<li>\n<p style=\"text-align: justify;\"><b><\/b><b>Desde el nacimiento<\/b> el beb\u00e9 es capaz de reconocer emociones positivas y negativas. Un entorno de ansiedad, discusiones y estr\u00e9s le afectar\u00e1 negativamente, del mismo modo que estimular\u00e1 emociones positivas en \u00e9l un ambiente de risa, confianza y amor.<\/p>\n<\/li>\n<li>\n<p style=\"text-align: justify;\"><b><\/b><b>Alrededor de los 8 meses<\/b> el beb\u00e9 ya identifica el significado de diversas expresiones faciales, por lo que sus propias expresiones emocionales se hacen tambi\u00e9n m\u00e1s conscientes. Es por ello que puede mostrar m\u00e1s recelo, desconfianza o miedo ante los extra\u00f1os, y ansiedad si se separa de sus figuras de referencia.<\/p>\n<\/li>\n<li>\n<p style=\"text-align: justify;\"><b><\/b><b>Hacia los 12 meses<\/b> comienza un proceso de individualizaci\u00f3n. Se descubre como un ser independiente de los dem\u00e1s y aumenta su af\u00e1n por actuar sobre el entorno.<\/p>\n<\/li>\n<li>\n<p style=\"text-align: justify;\"><b><\/b><b>Entre los 18 y los 24 meses<\/b> el ni\u00f1o\/a desarrolla un especial inter\u00e9s por influir en el comportamiento de los adultos y por conseguir lo que desea de forma m\u00e1s activa. Es el principio de algunas oposiciones y frustraciones.<\/p>\n<\/li>\n<li>\n<p style=\"text-align: justify;\"><b><\/b><b>Entre los 2 y los 3 a\u00f1os <\/b>pueden surgir las rabietas m\u00e1s significativas. Aunque el ni\u00f1o\/a ya anticipa y conoce algunas normas, le cuesta todav\u00eda controlar sus impulsos y su egocentrismo. Es a partir de los 3 a\u00f1os cuando comienzan a ponerse en marcha las habilidades transmitidas por sus padres (a trav\u00e9s del modelo ofrecido y de los l\u00edmites y paciencia empleados).<\/p>\n<\/li>\n<\/ol>\n<p style=\"text-align: justify;\"><strong>La maduraci\u00f3n emocional es por tanto \u201cuna carrera de larga distancia\u201d<\/strong>\u00a0y comprobaremos que <b>educar las emociones es mucho m\u00e1s que aleccionar y que sancionar.<\/b><\/p>\n<p style=\"text-align: justify;\">Educar las emociones de nuestros peque\u00f1os comienza por revisar nuestro propio mundo emocional y el modelo que ofrecemos a los ni\u00f1os\/as en nuestro d\u00eda a d\u00eda. Si somos personas con cierto autocontrol, reflexivas, emp\u00e1ticas, cordiales y dialogantes, adaptativas, etc. nuestros peque\u00f1os tendr\u00e1n un important\u00edsimo referente y nosotros estaremos siendo coherentes entre lo que les pedimos y les damos (3).<\/p>\n<p><b>\u00bfY qu\u00e9 \u201cmaestros emocionales\u201d tuvimos nosotros?<\/b><\/p>\n<p style=\"text-align: justify;\">Nuestra manera de percibir, interpretar y actuar respecto a las emociones y conductas de nuestros hijos\/as dependen, en cierta medida, de la educaci\u00f3n y experiencias que cada uno recibimos en nuestra infancia, con nuestros padres y\/o figuras de referencia.<\/p>\n<p style=\"text-align: justify;\">Esto no significa que necesariamente vayamos a perpetuar errores pasados ni tampoco que debamos posicionarnos en el extremo opuesto a lo que recibimos en su d\u00eda<b>.<\/b><\/p>\n<p style=\"text-align: justify;\"><strong>Creciendo como padres, crecemos como personas y viceversa.<\/strong>\u00a0Junto a nuestros hijos\/as tenemos la oportunidad de vivir gran n\u00famero de cambios, de descubrimientos, de dudas y de gratificaciones. Si damos un adecuado espacio a la observaci\u00f3n y a la auto-observaci\u00f3n, aprenderemos a identificar nuestras emociones y las de los ni\u00f1os\/as con creciente claridad y acierto. As\u00ed, iremos construyendo con ellos unos lazos y una base s\u00f3lida de amor, comprensi\u00f3n y seguridad.<\/p>\n<p style=\"text-align: center;\"><em>Educar no es dar carrera para vivir, sino templar el alma para las\u00a0dificultades de la vida.\u00a0<b>Pit\u00e1goras<\/b><\/em><\/p>\n<p><b><i><br \/>\n<\/i><\/b><b>Fuentes:<\/b><\/p>\n<p><b>(1)\u00a0 <\/b><i>La inteligencia emocional en ni\u00f1os<\/i>. LAWRENCE SHAPIRO (1997)<\/p>\n<p><b>(2)\u00a0 <\/b>Inteligencia Emocional. DANIEL GOLEMAN\u00a0 (1995)<b><\/b><\/p>\n<p><b>(3)\u00a0 <\/b><i>Los mejores padres. <\/i>JOHN GOTTMAN y JOAN DECLAIRE (1997)<\/p>\n","protected":false},"excerpt":{"rendered":"<p>Todos hemos o\u00eddo la expresi\u00f3n de que \u201clos ni\u00f1os son como esponjas\u201d. Se trata de un s\u00edmil que refleja a la perfecci\u00f3n la curiosidad innata que manifiestan y la impresionante plasticidad cerebral que les caracteriza. Cuando reflexionamos acerca de\u00a0todo lo que podemos ense\u00f1ar a nuestros hijos\/as y en todas las habilidades que deseamos potenciarles\u2026 \u00bfen cu\u00e1les pensamos? Los padres somos los principales e indiscutibles maestros de nuestros hijos\/as respecto a numerosos aspectos de su evoluci\u00f3n. La lista de aprendizajes en los que vamos a influirles es larga: la variedad de los alimentos, que existen muchos colores en el mundo, c\u00f3mo &#8230;<\/p>\n","protected":false},"author":119,"featured_media":6330,"comment_status":"open","ping_status":"open","sticky":false,"template":"","format":"standard","meta":{"_acf_changed":false,"inline_featured_image":false,"footnotes":""},"categories":[7],"tags":[],"categoriabab":[675],"palabra_clave":[],"class_list":["post-3236","post","type-post","status-publish","format-standard","has-post-thumbnail","hentry","category-blog-bab","categoriabab-crianza-hasta-los-2-anos"],"acf":[],"yoast_head":"<!-- This site is optimized with the Yoast SEO plugin v27.1.1 - https:\/\/yoast.com\/product\/yoast-seo-wordpress\/ -->\n<title>Somos maestros de las emociones - Agua mineral natural Bezoya<\/title>\n<meta name=\"description\" content=\"Los padres somos maestros de las emociones de los ni\u00f1os\" \/>\n<meta name=\"robots\" content=\"index, follow, max-snippet:-1, max-image-preview:large, max-video-preview:-1\" \/>\n<link rel=\"canonical\" href=\"https:\/\/www.bezoya.es\/bebe-a-bordo\/blog-bab\/somos-maestros-de-las-emociones\/\" \/>\n<meta property=\"og:locale\" content=\"es_ES\" \/>\n<meta property=\"og:type\" content=\"article\" \/>\n<meta property=\"og:title\" content=\"Somos maestros de las emociones - Agua mineral natural Bezoya\" \/>\n<meta property=\"og:description\" content=\"Los padres somos maestros de las emociones de los ni\u00f1os\" \/>\n<meta property=\"og:url\" content=\"https:\/\/www.bezoya.es\/bebe-a-bordo\/blog-bab\/somos-maestros-de-las-emociones\/\" \/>\n<meta property=\"og:site_name\" content=\"Agua mineral natural Bezoya\" \/>\n<meta property=\"article:published_time\" content=\"2015-01-15T12:29:14+00:00\" \/>\n<meta property=\"article:modified_time\" content=\"2024-04-23T20:10:15+00:00\" \/>\n<meta property=\"og:image\" content=\"https:\/\/www.bezoya.es\/bebe-a-bordo\/wp-content\/uploads\/2015\/01\/Somos-maestro-de-las-emociones1.jpg\" \/>\n\t<meta property=\"og:image:width\" content=\"600\" \/>\n\t<meta property=\"og:image:height\" content=\"400\" \/>\n\t<meta property=\"og:image:type\" content=\"image\/jpeg\" \/>\n<meta name=\"author\" content=\"Beb\u00e9 a Bordo\" \/>\n<meta name=\"twitter:card\" content=\"summary_large_image\" \/>\n<meta name=\"twitter:label1\" content=\"Escrito por\" \/>\n\t<meta name=\"twitter:data1\" content=\"Beb\u00e9 a Bordo\" \/>\n\t<meta name=\"twitter:label2\" content=\"Tiempo de lectura\" \/>\n\t<meta name=\"twitter:data2\" content=\"4 minutos\" \/>\n<script type=\"application\/ld+json\" class=\"yoast-schema-graph\">{\"@context\":\"https:\/\/schema.org\",\"@graph\":[{\"@type\":\"Article\",\"@id\":\"https:\/\/www.bezoya.es\/bebe-a-bordo\/blog-bab\/somos-maestros-de-las-emociones\/#article\",\"isPartOf\":{\"@id\":\"https:\/\/www.bezoya.es\/bebe-a-bordo\/blog-bab\/somos-maestros-de-las-emociones\/\"},\"author\":{\"name\":\"Beb\u00e9 a Bordo\",\"@id\":\"https:\/\/www.bezoya.es\/bebe-a-bordo\/#\/schema\/person\/27f580841a0710199ed73bb8262c9de1\"},\"headline\":\"Somos maestros de las emociones\",\"datePublished\":\"2015-01-15T12:29:14+00:00\",\"dateModified\":\"2024-04-23T20:10:15+00:00\",\"mainEntityOfPage\":{\"@id\":\"https:\/\/www.bezoya.es\/bebe-a-bordo\/blog-bab\/somos-maestros-de-las-emociones\/\"},\"wordCount\":825,\"commentCount\":0,\"image\":{\"@id\":\"https:\/\/www.bezoya.es\/bebe-a-bordo\/blog-bab\/somos-maestros-de-las-emociones\/#primaryimage\"},\"thumbnailUrl\":\"https:\/\/www.bezoya.es\/bebe-a-bordo\/wp-content\/uploads\/2015\/01\/Somos-maestro-de-las-emociones1.jpg\",\"articleSection\":[\"Blog Beb\u00e9 a Bordo\"],\"inLanguage\":\"es\",\"potentialAction\":[{\"@type\":\"CommentAction\",\"name\":\"Comment\",\"target\":[\"https:\/\/www.bezoya.es\/bebe-a-bordo\/blog-bab\/somos-maestros-de-las-emociones\/#respond\"]}]},{\"@type\":\"WebPage\",\"@id\":\"https:\/\/www.bezoya.es\/bebe-a-bordo\/blog-bab\/somos-maestros-de-las-emociones\/\",\"url\":\"https:\/\/www.bezoya.es\/bebe-a-bordo\/blog-bab\/somos-maestros-de-las-emociones\/\",\"name\":\"Somos maestros de las emociones - Agua mineral natural Bezoya\",\"isPartOf\":{\"@id\":\"https:\/\/www.bezoya.es\/bebe-a-bordo\/#website\"},\"primaryImageOfPage\":{\"@id\":\"https:\/\/www.bezoya.es\/bebe-a-bordo\/blog-bab\/somos-maestros-de-las-emociones\/#primaryimage\"},\"image\":{\"@id\":\"https:\/\/www.bezoya.es\/bebe-a-bordo\/blog-bab\/somos-maestros-de-las-emociones\/#primaryimage\"},\"thumbnailUrl\":\"https:\/\/www.bezoya.es\/bebe-a-bordo\/wp-content\/uploads\/2015\/01\/Somos-maestro-de-las-emociones1.jpg\",\"datePublished\":\"2015-01-15T12:29:14+00:00\",\"dateModified\":\"2024-04-23T20:10:15+00:00\",\"author\":{\"@id\":\"https:\/\/www.bezoya.es\/bebe-a-bordo\/#\/schema\/person\/27f580841a0710199ed73bb8262c9de1\"},\"description\":\"Los padres somos maestros de las emociones de los ni\u00f1os\",\"inLanguage\":\"es\",\"potentialAction\":[{\"@type\":\"ReadAction\",\"target\":[\"https:\/\/www.bezoya.es\/bebe-a-bordo\/blog-bab\/somos-maestros-de-las-emociones\/\"]}]},{\"@type\":\"ImageObject\",\"inLanguage\":\"es\",\"@id\":\"https:\/\/www.bezoya.es\/bebe-a-bordo\/blog-bab\/somos-maestros-de-las-emociones\/#primaryimage\",\"url\":\"https:\/\/www.bezoya.es\/bebe-a-bordo\/wp-content\/uploads\/2015\/01\/Somos-maestro-de-las-emociones1.jpg\",\"contentUrl\":\"https:\/\/www.bezoya.es\/bebe-a-bordo\/wp-content\/uploads\/2015\/01\/Somos-maestro-de-las-emociones1.jpg\",\"width\":600,\"height\":400},{\"@type\":\"WebSite\",\"@id\":\"https:\/\/www.bezoya.es\/bebe-a-bordo\/#website\",\"url\":\"https:\/\/www.bezoya.es\/bebe-a-bordo\/\",\"name\":\"Agua mineral natural Bezoya\",\"description\":\"El agua de mineralizaci\u00f3n muy d\u00e9bil\",\"potentialAction\":[{\"@type\":\"SearchAction\",\"target\":{\"@type\":\"EntryPoint\",\"urlTemplate\":\"https:\/\/www.bezoya.es\/bebe-a-bordo\/?s={search_term_string}\"},\"query-input\":{\"@type\":\"PropertyValueSpecification\",\"valueRequired\":true,\"valueName\":\"search_term_string\"}}],\"inLanguage\":\"es\"},{\"@type\":\"Person\",\"@id\":\"https:\/\/www.bezoya.es\/bebe-a-bordo\/#\/schema\/person\/27f580841a0710199ed73bb8262c9de1\",\"name\":\"Beb\u00e9 a Bordo\",\"image\":{\"@type\":\"ImageObject\",\"inLanguage\":\"es\",\"@id\":\"https:\/\/www.bezoya.es\/bebe-a-bordo\/#\/schema\/person\/image\/\",\"url\":\"https:\/\/secure.gravatar.com\/avatar\/0b0c609b63be1f5d579657e5afa8b15ebc59af1c9cca5c551ddcd2114a725785?s=96&d=mm&r=g\",\"contentUrl\":\"https:\/\/secure.gravatar.com\/avatar\/0b0c609b63be1f5d579657e5afa8b15ebc59af1c9cca5c551ddcd2114a725785?s=96&d=mm&r=g\",\"caption\":\"Beb\u00e9 a Bordo\"},\"description\":\"El baby coach de Bezoya que te acompa\u00f1a desde el embarazo, parto y postparto, hasta sus primeros pasos.\",\"url\":\"https:\/\/www.bezoya.es\/bebe-a-bordo\/author\/bebe-a-bordo\/\"}]}<\/script>\n<!-- \/ Yoast SEO plugin. -->","yoast_head_json":{"title":"Somos maestros de las emociones - Agua mineral natural Bezoya","description":"Los padres somos maestros de las emociones de los ni\u00f1os","robots":{"index":"index","follow":"follow","max-snippet":"max-snippet:-1","max-image-preview":"max-image-preview:large","max-video-preview":"max-video-preview:-1"},"canonical":"https:\/\/www.bezoya.es\/bebe-a-bordo\/blog-bab\/somos-maestros-de-las-emociones\/","og_locale":"es_ES","og_type":"article","og_title":"Somos maestros de las emociones - Agua mineral natural Bezoya","og_description":"Los padres somos maestros de las emociones de los ni\u00f1os","og_url":"https:\/\/www.bezoya.es\/bebe-a-bordo\/blog-bab\/somos-maestros-de-las-emociones\/","og_site_name":"Agua mineral natural Bezoya","article_published_time":"2015-01-15T12:29:14+00:00","article_modified_time":"2024-04-23T20:10:15+00:00","og_image":[{"width":600,"height":400,"url":"https:\/\/www.bezoya.es\/bebe-a-bordo\/wp-content\/uploads\/2015\/01\/Somos-maestro-de-las-emociones1.jpg","type":"image\/jpeg"}],"author":"Beb\u00e9 a Bordo","twitter_card":"summary_large_image","twitter_misc":{"Escrito por":"Beb\u00e9 a Bordo","Tiempo de lectura":"4 minutos"},"schema":{"@context":"https:\/\/schema.org","@graph":[{"@type":"Article","@id":"https:\/\/www.bezoya.es\/bebe-a-bordo\/blog-bab\/somos-maestros-de-las-emociones\/#article","isPartOf":{"@id":"https:\/\/www.bezoya.es\/bebe-a-bordo\/blog-bab\/somos-maestros-de-las-emociones\/"},"author":{"name":"Beb\u00e9 a Bordo","@id":"https:\/\/www.bezoya.es\/bebe-a-bordo\/#\/schema\/person\/27f580841a0710199ed73bb8262c9de1"},"headline":"Somos maestros de las emociones","datePublished":"2015-01-15T12:29:14+00:00","dateModified":"2024-04-23T20:10:15+00:00","mainEntityOfPage":{"@id":"https:\/\/www.bezoya.es\/bebe-a-bordo\/blog-bab\/somos-maestros-de-las-emociones\/"},"wordCount":825,"commentCount":0,"image":{"@id":"https:\/\/www.bezoya.es\/bebe-a-bordo\/blog-bab\/somos-maestros-de-las-emociones\/#primaryimage"},"thumbnailUrl":"https:\/\/www.bezoya.es\/bebe-a-bordo\/wp-content\/uploads\/2015\/01\/Somos-maestro-de-las-emociones1.jpg","articleSection":["Blog Beb\u00e9 a Bordo"],"inLanguage":"es","potentialAction":[{"@type":"CommentAction","name":"Comment","target":["https:\/\/www.bezoya.es\/bebe-a-bordo\/blog-bab\/somos-maestros-de-las-emociones\/#respond"]}]},{"@type":"WebPage","@id":"https:\/\/www.bezoya.es\/bebe-a-bordo\/blog-bab\/somos-maestros-de-las-emociones\/","url":"https:\/\/www.bezoya.es\/bebe-a-bordo\/blog-bab\/somos-maestros-de-las-emociones\/","name":"Somos maestros de las emociones - Agua mineral natural Bezoya","isPartOf":{"@id":"https:\/\/www.bezoya.es\/bebe-a-bordo\/#website"},"primaryImageOfPage":{"@id":"https:\/\/www.bezoya.es\/bebe-a-bordo\/blog-bab\/somos-maestros-de-las-emociones\/#primaryimage"},"image":{"@id":"https:\/\/www.bezoya.es\/bebe-a-bordo\/blog-bab\/somos-maestros-de-las-emociones\/#primaryimage"},"thumbnailUrl":"https:\/\/www.bezoya.es\/bebe-a-bordo\/wp-content\/uploads\/2015\/01\/Somos-maestro-de-las-emociones1.jpg","datePublished":"2015-01-15T12:29:14+00:00","dateModified":"2024-04-23T20:10:15+00:00","author":{"@id":"https:\/\/www.bezoya.es\/bebe-a-bordo\/#\/schema\/person\/27f580841a0710199ed73bb8262c9de1"},"description":"Los padres somos maestros de las emociones de los ni\u00f1os","inLanguage":"es","potentialAction":[{"@type":"ReadAction","target":["https:\/\/www.bezoya.es\/bebe-a-bordo\/blog-bab\/somos-maestros-de-las-emociones\/"]}]},{"@type":"ImageObject","inLanguage":"es","@id":"https:\/\/www.bezoya.es\/bebe-a-bordo\/blog-bab\/somos-maestros-de-las-emociones\/#primaryimage","url":"https:\/\/www.bezoya.es\/bebe-a-bordo\/wp-content\/uploads\/2015\/01\/Somos-maestro-de-las-emociones1.jpg","contentUrl":"https:\/\/www.bezoya.es\/bebe-a-bordo\/wp-content\/uploads\/2015\/01\/Somos-maestro-de-las-emociones1.jpg","width":600,"height":400},{"@type":"WebSite","@id":"https:\/\/www.bezoya.es\/bebe-a-bordo\/#website","url":"https:\/\/www.bezoya.es\/bebe-a-bordo\/","name":"Agua mineral natural Bezoya","description":"El agua de mineralizaci\u00f3n muy d\u00e9bil","potentialAction":[{"@type":"SearchAction","target":{"@type":"EntryPoint","urlTemplate":"https:\/\/www.bezoya.es\/bebe-a-bordo\/?s={search_term_string}"},"query-input":{"@type":"PropertyValueSpecification","valueRequired":true,"valueName":"search_term_string"}}],"inLanguage":"es"},{"@type":"Person","@id":"https:\/\/www.bezoya.es\/bebe-a-bordo\/#\/schema\/person\/27f580841a0710199ed73bb8262c9de1","name":"Beb\u00e9 a Bordo","image":{"@type":"ImageObject","inLanguage":"es","@id":"https:\/\/www.bezoya.es\/bebe-a-bordo\/#\/schema\/person\/image\/","url":"https:\/\/secure.gravatar.com\/avatar\/0b0c609b63be1f5d579657e5afa8b15ebc59af1c9cca5c551ddcd2114a725785?s=96&d=mm&r=g","contentUrl":"https:\/\/secure.gravatar.com\/avatar\/0b0c609b63be1f5d579657e5afa8b15ebc59af1c9cca5c551ddcd2114a725785?s=96&d=mm&r=g","caption":"Beb\u00e9 a Bordo"},"description":"El baby coach de Bezoya que te acompa\u00f1a desde el embarazo, parto y postparto, hasta sus primeros pasos.","url":"https:\/\/www.bezoya.es\/bebe-a-bordo\/author\/bebe-a-bordo\/"}]}},"views":1538,"_links":{"self":[{"href":"https:\/\/www.bezoya.es\/bebe-a-bordo\/wp-json\/wp\/v2\/posts\/3236","targetHints":{"allow":["GET"]}}],"collection":[{"href":"https:\/\/www.bezoya.es\/bebe-a-bordo\/wp-json\/wp\/v2\/posts"}],"about":[{"href":"https:\/\/www.bezoya.es\/bebe-a-bordo\/wp-json\/wp\/v2\/types\/post"}],"author":[{"embeddable":true,"href":"https:\/\/www.bezoya.es\/bebe-a-bordo\/wp-json\/wp\/v2\/users\/119"}],"replies":[{"embeddable":true,"href":"https:\/\/www.bezoya.es\/bebe-a-bordo\/wp-json\/wp\/v2\/comments?post=3236"}],"version-history":[{"count":3,"href":"https:\/\/www.bezoya.es\/bebe-a-bordo\/wp-json\/wp\/v2\/posts\/3236\/revisions"}],"predecessor-version":[{"id":18668,"href":"https:\/\/www.bezoya.es\/bebe-a-bordo\/wp-json\/wp\/v2\/posts\/3236\/revisions\/18668"}],"wp:featuredmedia":[{"embeddable":true,"href":"https:\/\/www.bezoya.es\/bebe-a-bordo\/wp-json\/wp\/v2\/media\/6330"}],"wp:attachment":[{"href":"https:\/\/www.bezoya.es\/bebe-a-bordo\/wp-json\/wp\/v2\/media?parent=3236"}],"wp:term":[{"taxonomy":"category","embeddable":true,"href":"https:\/\/www.bezoya.es\/bebe-a-bordo\/wp-json\/wp\/v2\/categories?post=3236"},{"taxonomy":"post_tag","embeddable":true,"href":"https:\/\/www.bezoya.es\/bebe-a-bordo\/wp-json\/wp\/v2\/tags?post=3236"},{"taxonomy":"categoriabab","embeddable":true,"href":"https:\/\/www.bezoya.es\/bebe-a-bordo\/wp-json\/wp\/v2\/categoriabab?post=3236"},{"taxonomy":"palabra_clave","embeddable":true,"href":"https:\/\/www.bezoya.es\/bebe-a-bordo\/wp-json\/wp\/v2\/palabra_clave?post=3236"}],"curies":[{"name":"wp","href":"https:\/\/api.w.org\/{rel}","templated":true}]}}