{"id":22039,"date":"2025-10-27T11:06:44","date_gmt":"2025-10-27T09:06:44","guid":{"rendered":"https:\/\/www.bezoya.es\/bebe-a-bordo\/?p=22039"},"modified":"2025-10-27T11:06:44","modified_gmt":"2025-10-27T09:06:44","slug":"5-cosas-que-toda-embarazada-debe-saber-sobre-el-sueno-del-bebe","status":"publish","type":"post","link":"https:\/\/www.bezoya.es\/bebe-a-bordo\/blog-bab\/5-cosas-que-toda-embarazada-debe-saber-sobre-el-sueno-del-bebe\/","title":{"rendered":"5 Cosas que toda embarazada debe saber sobre el sue\u00f1o del beb\u00e9"},"content":{"rendered":"<p><span style=\"font-weight: 400;\"><strong>El sue\u00f1o del beb\u00e9 es uno esos temas que m\u00e1s preocupa a las familias<\/strong>, especialmente durante los primeros meses. Como enfermera especialista en lactancia y sue\u00f1o infantil, acompa\u00f1o a muchas madres que llegan con las mismas dudas: <\/span><strong><i>\u00bfPor qu\u00e9 mi beb\u00e9 se despierta tanto?<\/i>, <i>\u00bfEs normal que solo se duerma en brazos?<\/i>, <i>\u00bfCu\u00e1ndo dormir\u00e1 del tir\u00f3n?<\/i><\/strong><\/p>\n<p><span style=\"font-weight: 400;\">Por eso, quiero contarte cinco cosas importantes, de la mano de <a href=\"https:\/\/www.bezoya.es\/bebe-a-bordo\/\">Beb\u00e9 a Bordo<\/a>, el baby coach de <a href=\"https:\/\/www.bezoya.es\/\">Bezoya<\/a>, que te ayudar\u00e1n a <strong>comprender y vivir con m\u00e1s calma esta etapa<\/strong>.<\/span><\/p>\n<h2><b>Los beb\u00e9s no duermen como los adultos<\/b><\/h2>\n<p><span style=\"font-weight: 400;\"><strong>Los ciclos de sue\u00f1o de los beb\u00e9s son mucho m\u00e1s cortos que los nuestros<\/strong>. Mientras un adulto tiene ciclos de unos 90 minutos, en los primeros meses los del beb\u00e9 duran entre 40 y 60 minutos.<\/span><span style=\"font-weight: 400;\"><br \/>\n<\/span><span style=\"font-weight: 400;\">Esto significa que <strong>pasan por fases ligeras y profundas m\u00e1s r\u00e1pidamente<\/strong>, y se despiertan con frecuencia entre ciclos, algo totalmente normal y esperado. No es que duerman mal, es que su sue\u00f1o a\u00fan est\u00e1 en desarrollo.<\/span><\/p>\n<p style=\"text-align: center;\"><img loading=\"lazy\" decoding=\"async\" class=\"alignnone size-full wp-image-22043\" src=\"https:\/\/www.bezoya.es\/bebe-a-bordo\/wp-content\/uploads\/2025\/10\/Los-ciclos-de-suen\u0303o-de-los-bebe\u0301s-en-sus-primeros-meses-duran-entre-40-y-60-minutos.jpg\" alt=\"Los ciclos de suen\u0303o de los bebe\u0301s en sus primeros meses duran entre 40 y 60 minutos\" width=\"1200\" height=\"627\" \/><\/p>\n<h2><b>Necesitan mucho contacto para dormirse (y es natural)<\/b><\/h2>\n<p><span style=\"font-weight: 400;\"><strong>Tu beb\u00e9 te necesita cerca para poder relajarse<\/strong>, piensa que lleva muchos meses viviendo dentro de ti y es lo \u00fanico que conoce. El contacto, el olor, la voz y el calor de su madre o su figura de apego son su forma de sentirse seguro en el mundo.<\/span><\/p>\n<p><span style=\"font-weight: 400;\"><br \/>\n<\/span><span style=\"font-weight: 400;\"><strong>Dormirse en brazos, al pecho o pegado a ti no es un mal h\u00e1bito, es biolog\u00eda pura<\/strong>. Poco a poco, a medida que crecen y su sistema nervioso madura, podr\u00e1n dormirse con menos ayuda. Pero al principio, el contacto es su refugio y su forma de autorregularse.<\/span><\/p>\n<p><span style=\"font-weight: 400;\">As\u00ed que esa sensaci\u00f3n de que se pasa el d\u00eda entero en tus brazos te acompa\u00f1ar\u00e1 durante los primeros meses.<\/span><\/p>\n<p style=\"text-align: center;\"><img loading=\"lazy\" decoding=\"async\" class=\"alignnone size-full wp-image-22044\" src=\"https:\/\/www.bezoya.es\/bebe-a-bordo\/wp-content\/uploads\/2025\/10\/Que-tu-bebe\u0301-duerma-en-brazos-en-tu-pecho-o-pegado-a-ti-no-es-un-mal-ha\u0301bito-es-biologi\u0301a-pura.jpg\" alt=\"Que tu bebe\u0301 duerma en brazos, en tu pecho o pegado a ti no es un mal ha\u0301bito, es biologi\u0301a pura\" width=\"1200\" height=\"627\" \/><\/p>\n<h2><b> Las rutinas ser\u00e1n tus mejores aliadas<\/b><\/h2>\n<p><span style=\"font-weight: 400;\">Aunque al principio todo parece ca\u00f3tico, <strong>las rutinas predecibles ayudan much\u00edsimo al sue\u00f1o de tu beb\u00e9<\/strong>. No se trata de horarios r\u00edgidos, sino de repetir gestos que el beb\u00e9 reconozca: un ba\u00f1o tranquilo, bajar luces, una canci\u00f3n suave, el mismo orden cada noche.<\/span><\/p>\n<p><span style=\"font-weight: 400;\"><br \/>\n<\/span><span style=\"font-weight: 400;\">Estas se\u00f1ales le indican que se acerca el momento de descansar, y con el tiempo, su cuerpo aprender\u00e1 a anticiparlo haciendo que el momento de irse a dormir sea m\u00e1s tranquilo.<\/span><\/p>\n<h2><b>El sue\u00f1o no es un proceso lineal<\/b><\/h2>\n<p><span style=\"font-weight: 400;\"><strong>Hay etapas en las que parecer\u00e1 que tu beb\u00e9 duerme mejor\u2026 y de repente todo vuelve a cambiar<\/strong>. Esto no significa que algo vaya mal.<\/span><\/p>\n<p><span style=\"font-weight: 400;\"><br \/>\n<\/span><span style=\"font-weight: 400;\"><strong>El sue\u00f1o infantil evoluciona por fases relacionadas con el desarrollo<\/strong>: aprender a darse la vuelta, sentarse, gatear o hablar son grandes hitos que tambi\u00e9n afectan al descanso. Tener altibajos y sentirte en una monta\u00f1a rusa constante es completamente normal, y lo m\u00e1s importante es mantener la calma y acompa\u00f1ar estos cambios con paciencia.<\/span><\/p>\n<p style=\"text-align: center;\"><img loading=\"lazy\" decoding=\"async\" class=\"alignnone size-full wp-image-22045\" src=\"https:\/\/www.bezoya.es\/bebe-a-bordo\/wp-content\/uploads\/2025\/10\/Establece-rutinas-como-un-ban\u0303o-tranquilo-bajar-luces-o-una-cancio\u0301n-suave-ayudan-mucho-al-suen\u0303o-de-tu-bebe\u0301.jpg\" alt=\"Establece rutinas como un ban\u0303o tranquilo, bajar luces o una cancio\u0301n suave, ayudan mucho al suen\u0303o de tu bebe\u0301\" width=\"1200\" height=\"627\" \/><\/p>\n<h2><b>Cu\u00eddate y descansa cuando puedas<\/b><\/h2>\n<p><span style=\"font-weight: 400;\"><strong>Tu descanso como madre (y del padre o cuidador) tambi\u00e9n es una prioridad<\/strong>. Es f\u00e1cil volcar toda la energ\u00eda en el beb\u00e9 y olvidarse de una misma, pero cuidar tu propio sue\u00f1o y bienestar har\u00e1 que te resulte m\u00e1s f\u00e1cil poder cuidar tambi\u00e9n de tu beb\u00e9.<\/span><span style=\"font-weight: 400;\"><br \/>\n<\/span><span style=\"font-weight: 400;\">Si puedes, aprovecha alguna de sus siestas para descansar, intenta delegar tareas, y no sientas culpa por hacerlo.<\/span><\/p>\n<p><span style=\"font-weight: 400;\">Si alg\u00fan amigo o familiar quiere regalarte algo, piensa que quiz\u00e1s algo tan simple como una comida rica, puede ayudarte mucho. <strong>Dormir tambi\u00e9n es una necesidad para ti.<\/strong><\/span><\/p>\n<p><span style=\"font-weight: 400;\">Si est\u00e1s esperando a tu beb\u00e9, saber todo esto te puede ayudar a vivir los primeros meses con m\u00e1s tranquilidad.<strong> Los despertares nocturnos, el contacto constante y las noches cortas forman parte de un proceso natural y madurativo que ir\u00e1 evolucionando con el paso del tiempo.<\/strong><\/span><\/p>\n<p><span style=\"font-weight: 400;\"><strong>Siempre digo que el sue\u00f1o no se ense\u00f1a, se acompa\u00f1a<\/strong>. No existen f\u00f3rmulas m\u00e1gicas, pero s\u00ed se pueden hacer muchas cosas y trabajar para mejorarlo si en alg\u00fan momento sientes que necesitas ayuda porque el sue\u00f1o de tu beb\u00e9 se complica o la situaci\u00f3n se vuelve insostenible.<\/span><\/p>\n","protected":false},"excerpt":{"rendered":"<p>El sue\u00f1o del beb\u00e9 es uno esos temas que m\u00e1s preocupa a las familias, especialmente durante los primeros meses. Como enfermera especialista en lactancia y sue\u00f1o infantil, acompa\u00f1o a muchas madres que llegan con las mismas dudas: \u00bfPor qu\u00e9 mi beb\u00e9 se despierta tanto?, \u00bfEs normal que solo se duerma en brazos?, \u00bfCu\u00e1ndo dormir\u00e1 del tir\u00f3n? Por eso, quiero contarte cinco cosas importantes, de la mano de Beb\u00e9 a Bordo, el baby coach de Bezoya, que te ayudar\u00e1n a comprender y vivir con m\u00e1s calma esta etapa. Los beb\u00e9s no duermen como los adultos Los ciclos de sue\u00f1o de los &#8230;<\/p>\n","protected":false},"author":128,"featured_media":22042,"comment_status":"open","ping_status":"open","sticky":false,"template":"","format":"standard","meta":{"_acf_changed":false,"inline_featured_image":false,"footnotes":""},"categories":[7],"tags":[],"categoriabab":[673,675],"palabra_clave":[1107],"class_list":["post-22039","post","type-post","status-publish","format-standard","has-post-thumbnail","hentry","category-blog-bab","categoriabab-el-embarazo","categoriabab-crianza-hasta-los-2-anos"],"acf":[],"yoast_head":"<!-- This site is optimized with the Yoast SEO plugin v27.1.1 - https:\/\/yoast.com\/product\/yoast-seo-wordpress\/ -->\n<title>5 Cosas que toda embarazada debe saber sobre el sue\u00f1o del beb\u00e9 - Agua mineral natural Bezoya<\/title>\n<meta name=\"description\" content=\"Descubre cinco claves sobre el sue\u00f1o del beb\u00e9 con expertas. Entiende por qu\u00e9 tu beb\u00e9 se despierta tanto y aprende a vivir esta etapa.\" \/>\n<meta name=\"robots\" content=\"index, follow, max-snippet:-1, max-image-preview:large, max-video-preview:-1\" \/>\n<link rel=\"canonical\" href=\"https:\/\/www.bezoya.es\/bebe-a-bordo\/blog-bab\/5-cosas-que-toda-embarazada-debe-saber-sobre-el-sueno-del-bebe\/\" \/>\n<meta property=\"og:locale\" content=\"es_ES\" \/>\n<meta property=\"og:type\" content=\"article\" \/>\n<meta property=\"og:title\" content=\"5 Cosas que toda embarazada debe saber sobre el sue\u00f1o del beb\u00e9 - Agua mineral natural Bezoya\" \/>\n<meta property=\"og:description\" content=\"Descubre cinco claves sobre el sue\u00f1o del beb\u00e9 con expertas. Entiende por qu\u00e9 tu beb\u00e9 se despierta tanto y aprende a vivir esta etapa.\" \/>\n<meta property=\"og:url\" content=\"https:\/\/www.bezoya.es\/bebe-a-bordo\/blog-bab\/5-cosas-que-toda-embarazada-debe-saber-sobre-el-sueno-del-bebe\/\" \/>\n<meta property=\"og:site_name\" content=\"Agua mineral natural Bezoya\" \/>\n<meta property=\"article:published_time\" content=\"2025-10-27T09:06:44+00:00\" \/>\n<meta property=\"og:image\" content=\"https:\/\/www.bezoya.es\/bebe-a-bordo\/wp-content\/uploads\/2025\/10\/5-COSAS-QUE-TODA-EMBARAZADA-DEBERI\u0301A-SABER-SOBRE-EL-SUEN\u0303O-DEL-BEBE\u0301.png\" \/>\n\t<meta property=\"og:image:width\" content=\"766\" \/>\n\t<meta property=\"og:image:height\" content=\"554\" \/>\n\t<meta property=\"og:image:type\" content=\"image\/png\" \/>\n<meta name=\"author\" content=\"Paula Zavala\" \/>\n<meta name=\"twitter:card\" content=\"summary_large_image\" \/>\n<meta name=\"twitter:label1\" content=\"Escrito por\" \/>\n\t<meta name=\"twitter:data1\" content=\"Paula Zavala\" \/>\n\t<meta name=\"twitter:label2\" content=\"Tiempo de lectura\" \/>\n\t<meta name=\"twitter:data2\" content=\"4 minutos\" \/>\n<script type=\"application\/ld+json\" class=\"yoast-schema-graph\">{\"@context\":\"https:\/\/schema.org\",\"@graph\":[{\"@type\":\"Article\",\"@id\":\"https:\/\/www.bezoya.es\/bebe-a-bordo\/blog-bab\/5-cosas-que-toda-embarazada-debe-saber-sobre-el-sueno-del-bebe\/#article\",\"isPartOf\":{\"@id\":\"https:\/\/www.bezoya.es\/bebe-a-bordo\/blog-bab\/5-cosas-que-toda-embarazada-debe-saber-sobre-el-sueno-del-bebe\/\"},\"author\":{\"name\":\"Paula Zavala\",\"@id\":\"https:\/\/www.bezoya.es\/bebe-a-bordo\/#\/schema\/person\/acb63f2685580c1c9b889f0de1e3bf44\"},\"headline\":\"5 Cosas que toda embarazada debe saber sobre el sue\u00f1o del beb\u00e9\",\"datePublished\":\"2025-10-27T09:06:44+00:00\",\"mainEntityOfPage\":{\"@id\":\"https:\/\/www.bezoya.es\/bebe-a-bordo\/blog-bab\/5-cosas-que-toda-embarazada-debe-saber-sobre-el-sueno-del-bebe\/\"},\"wordCount\":712,\"commentCount\":0,\"image\":{\"@id\":\"https:\/\/www.bezoya.es\/bebe-a-bordo\/blog-bab\/5-cosas-que-toda-embarazada-debe-saber-sobre-el-sueno-del-bebe\/#primaryimage\"},\"thumbnailUrl\":\"https:\/\/www.bezoya.es\/bebe-a-bordo\/wp-content\/uploads\/2025\/10\/5-COSAS-QUE-TODA-EMBARAZADA-DEBERI\u0301A-SABER-SOBRE-EL-SUEN\u0303O-DEL-BEBE\u0301.png\",\"articleSection\":[\"Blog Beb\u00e9 a Bordo\"],\"inLanguage\":\"es\",\"potentialAction\":[{\"@type\":\"CommentAction\",\"name\":\"Comment\",\"target\":[\"https:\/\/www.bezoya.es\/bebe-a-bordo\/blog-bab\/5-cosas-que-toda-embarazada-debe-saber-sobre-el-sueno-del-bebe\/#respond\"]}]},{\"@type\":\"WebPage\",\"@id\":\"https:\/\/www.bezoya.es\/bebe-a-bordo\/blog-bab\/5-cosas-que-toda-embarazada-debe-saber-sobre-el-sueno-del-bebe\/\",\"url\":\"https:\/\/www.bezoya.es\/bebe-a-bordo\/blog-bab\/5-cosas-que-toda-embarazada-debe-saber-sobre-el-sueno-del-bebe\/\",\"name\":\"5 Cosas que toda embarazada debe saber sobre el sue\u00f1o del beb\u00e9 - Agua mineral natural Bezoya\",\"isPartOf\":{\"@id\":\"https:\/\/www.bezoya.es\/bebe-a-bordo\/#website\"},\"primaryImageOfPage\":{\"@id\":\"https:\/\/www.bezoya.es\/bebe-a-bordo\/blog-bab\/5-cosas-que-toda-embarazada-debe-saber-sobre-el-sueno-del-bebe\/#primaryimage\"},\"image\":{\"@id\":\"https:\/\/www.bezoya.es\/bebe-a-bordo\/blog-bab\/5-cosas-que-toda-embarazada-debe-saber-sobre-el-sueno-del-bebe\/#primaryimage\"},\"thumbnailUrl\":\"https:\/\/www.bezoya.es\/bebe-a-bordo\/wp-content\/uploads\/2025\/10\/5-COSAS-QUE-TODA-EMBARAZADA-DEBERI\u0301A-SABER-SOBRE-EL-SUEN\u0303O-DEL-BEBE\u0301.png\",\"datePublished\":\"2025-10-27T09:06:44+00:00\",\"author\":{\"@id\":\"https:\/\/www.bezoya.es\/bebe-a-bordo\/#\/schema\/person\/acb63f2685580c1c9b889f0de1e3bf44\"},\"description\":\"Descubre cinco claves sobre el sue\u00f1o del beb\u00e9 con expertas. Entiende por qu\u00e9 tu beb\u00e9 se despierta tanto y aprende a vivir esta etapa.\",\"inLanguage\":\"es\",\"potentialAction\":[{\"@type\":\"ReadAction\",\"target\":[\"https:\/\/www.bezoya.es\/bebe-a-bordo\/blog-bab\/5-cosas-que-toda-embarazada-debe-saber-sobre-el-sueno-del-bebe\/\"]}]},{\"@type\":\"ImageObject\",\"inLanguage\":\"es\",\"@id\":\"https:\/\/www.bezoya.es\/bebe-a-bordo\/blog-bab\/5-cosas-que-toda-embarazada-debe-saber-sobre-el-sueno-del-bebe\/#primaryimage\",\"url\":\"https:\/\/www.bezoya.es\/bebe-a-bordo\/wp-content\/uploads\/2025\/10\/5-COSAS-QUE-TODA-EMBARAZADA-DEBERI\u0301A-SABER-SOBRE-EL-SUEN\u0303O-DEL-BEBE\u0301.png\",\"contentUrl\":\"https:\/\/www.bezoya.es\/bebe-a-bordo\/wp-content\/uploads\/2025\/10\/5-COSAS-QUE-TODA-EMBARAZADA-DEBERI\u0301A-SABER-SOBRE-EL-SUEN\u0303O-DEL-BEBE\u0301.png\",\"width\":766,\"height\":554,\"caption\":\"5 COSAS QUE TODA EMBARAZADA DEBER\u00cdA SABER SOBRE EL SUE\u00d1O DEL BEB\u00c9\"},{\"@type\":\"WebSite\",\"@id\":\"https:\/\/www.bezoya.es\/bebe-a-bordo\/#website\",\"url\":\"https:\/\/www.bezoya.es\/bebe-a-bordo\/\",\"name\":\"Agua mineral natural Bezoya\",\"description\":\"El agua de mineralizaci\u00f3n muy d\u00e9bil\",\"potentialAction\":[{\"@type\":\"SearchAction\",\"target\":{\"@type\":\"EntryPoint\",\"urlTemplate\":\"https:\/\/www.bezoya.es\/bebe-a-bordo\/?s={search_term_string}\"},\"query-input\":{\"@type\":\"PropertyValueSpecification\",\"valueRequired\":true,\"valueName\":\"search_term_string\"}}],\"inLanguage\":\"es\"},{\"@type\":\"Person\",\"@id\":\"https:\/\/www.bezoya.es\/bebe-a-bordo\/#\/schema\/person\/acb63f2685580c1c9b889f0de1e3bf44\",\"name\":\"Paula Zavala\",\"image\":{\"@type\":\"ImageObject\",\"inLanguage\":\"es\",\"@id\":\"https:\/\/www.bezoya.es\/bebe-a-bordo\/#\/schema\/person\/image\/\",\"url\":\"https:\/\/secure.gravatar.com\/avatar\/9c1497df43878b8140f877e1248a08fe97c4429251793e00d1969baa1cac4c10?s=96&d=mm&r=g\",\"contentUrl\":\"https:\/\/secure.gravatar.com\/avatar\/9c1497df43878b8140f877e1248a08fe97c4429251793e00d1969baa1cac4c10?s=96&d=mm&r=g\",\"caption\":\"Paula Zavala\"},\"description\":\"Con vocaci\u00f3n por el cuidado materno-infantil, Paula es la directora de SoulBaby Center y enfermera especialista en sue\u00f1o infantil, lactancia materna y psicolog\u00eda perinatal. Lleva muchos a\u00f1os atendiendo a mujeres en su postparto y ayud\u00e1ndolas a afrontar cada una de las dificultades.\",\"sameAs\":[\"https:\/\/soulbabycenter.com\/\"],\"url\":\"https:\/\/www.bezoya.es\/bebe-a-bordo\/author\/paula-zavala\/\"}]}<\/script>\n<!-- \/ Yoast SEO plugin. -->","yoast_head_json":{"title":"5 Cosas que toda embarazada debe saber sobre el sue\u00f1o del beb\u00e9 - Agua mineral natural Bezoya","description":"Descubre cinco claves sobre el sue\u00f1o del beb\u00e9 con expertas. Entiende por qu\u00e9 tu beb\u00e9 se despierta tanto y aprende a vivir esta etapa.","robots":{"index":"index","follow":"follow","max-snippet":"max-snippet:-1","max-image-preview":"max-image-preview:large","max-video-preview":"max-video-preview:-1"},"canonical":"https:\/\/www.bezoya.es\/bebe-a-bordo\/blog-bab\/5-cosas-que-toda-embarazada-debe-saber-sobre-el-sueno-del-bebe\/","og_locale":"es_ES","og_type":"article","og_title":"5 Cosas que toda embarazada debe saber sobre el sue\u00f1o del beb\u00e9 - Agua mineral natural Bezoya","og_description":"Descubre cinco claves sobre el sue\u00f1o del beb\u00e9 con expertas. Entiende por qu\u00e9 tu beb\u00e9 se despierta tanto y aprende a vivir esta etapa.","og_url":"https:\/\/www.bezoya.es\/bebe-a-bordo\/blog-bab\/5-cosas-que-toda-embarazada-debe-saber-sobre-el-sueno-del-bebe\/","og_site_name":"Agua mineral natural Bezoya","article_published_time":"2025-10-27T09:06:44+00:00","og_image":[{"width":766,"height":554,"url":"https:\/\/www.bezoya.es\/bebe-a-bordo\/wp-content\/uploads\/2025\/10\/5-COSAS-QUE-TODA-EMBARAZADA-DEBERI\u0301A-SABER-SOBRE-EL-SUEN\u0303O-DEL-BEBE\u0301.png","type":"image\/png"}],"author":"Paula Zavala","twitter_card":"summary_large_image","twitter_misc":{"Escrito por":"Paula Zavala","Tiempo de lectura":"4 minutos"},"schema":{"@context":"https:\/\/schema.org","@graph":[{"@type":"Article","@id":"https:\/\/www.bezoya.es\/bebe-a-bordo\/blog-bab\/5-cosas-que-toda-embarazada-debe-saber-sobre-el-sueno-del-bebe\/#article","isPartOf":{"@id":"https:\/\/www.bezoya.es\/bebe-a-bordo\/blog-bab\/5-cosas-que-toda-embarazada-debe-saber-sobre-el-sueno-del-bebe\/"},"author":{"name":"Paula Zavala","@id":"https:\/\/www.bezoya.es\/bebe-a-bordo\/#\/schema\/person\/acb63f2685580c1c9b889f0de1e3bf44"},"headline":"5 Cosas que toda embarazada debe saber sobre el sue\u00f1o del beb\u00e9","datePublished":"2025-10-27T09:06:44+00:00","mainEntityOfPage":{"@id":"https:\/\/www.bezoya.es\/bebe-a-bordo\/blog-bab\/5-cosas-que-toda-embarazada-debe-saber-sobre-el-sueno-del-bebe\/"},"wordCount":712,"commentCount":0,"image":{"@id":"https:\/\/www.bezoya.es\/bebe-a-bordo\/blog-bab\/5-cosas-que-toda-embarazada-debe-saber-sobre-el-sueno-del-bebe\/#primaryimage"},"thumbnailUrl":"https:\/\/www.bezoya.es\/bebe-a-bordo\/wp-content\/uploads\/2025\/10\/5-COSAS-QUE-TODA-EMBARAZADA-DEBERI\u0301A-SABER-SOBRE-EL-SUEN\u0303O-DEL-BEBE\u0301.png","articleSection":["Blog Beb\u00e9 a Bordo"],"inLanguage":"es","potentialAction":[{"@type":"CommentAction","name":"Comment","target":["https:\/\/www.bezoya.es\/bebe-a-bordo\/blog-bab\/5-cosas-que-toda-embarazada-debe-saber-sobre-el-sueno-del-bebe\/#respond"]}]},{"@type":"WebPage","@id":"https:\/\/www.bezoya.es\/bebe-a-bordo\/blog-bab\/5-cosas-que-toda-embarazada-debe-saber-sobre-el-sueno-del-bebe\/","url":"https:\/\/www.bezoya.es\/bebe-a-bordo\/blog-bab\/5-cosas-que-toda-embarazada-debe-saber-sobre-el-sueno-del-bebe\/","name":"5 Cosas que toda embarazada debe saber sobre el sue\u00f1o del beb\u00e9 - Agua mineral natural Bezoya","isPartOf":{"@id":"https:\/\/www.bezoya.es\/bebe-a-bordo\/#website"},"primaryImageOfPage":{"@id":"https:\/\/www.bezoya.es\/bebe-a-bordo\/blog-bab\/5-cosas-que-toda-embarazada-debe-saber-sobre-el-sueno-del-bebe\/#primaryimage"},"image":{"@id":"https:\/\/www.bezoya.es\/bebe-a-bordo\/blog-bab\/5-cosas-que-toda-embarazada-debe-saber-sobre-el-sueno-del-bebe\/#primaryimage"},"thumbnailUrl":"https:\/\/www.bezoya.es\/bebe-a-bordo\/wp-content\/uploads\/2025\/10\/5-COSAS-QUE-TODA-EMBARAZADA-DEBERI\u0301A-SABER-SOBRE-EL-SUEN\u0303O-DEL-BEBE\u0301.png","datePublished":"2025-10-27T09:06:44+00:00","author":{"@id":"https:\/\/www.bezoya.es\/bebe-a-bordo\/#\/schema\/person\/acb63f2685580c1c9b889f0de1e3bf44"},"description":"Descubre cinco claves sobre el sue\u00f1o del beb\u00e9 con expertas. Entiende por qu\u00e9 tu beb\u00e9 se despierta tanto y aprende a vivir esta etapa.","inLanguage":"es","potentialAction":[{"@type":"ReadAction","target":["https:\/\/www.bezoya.es\/bebe-a-bordo\/blog-bab\/5-cosas-que-toda-embarazada-debe-saber-sobre-el-sueno-del-bebe\/"]}]},{"@type":"ImageObject","inLanguage":"es","@id":"https:\/\/www.bezoya.es\/bebe-a-bordo\/blog-bab\/5-cosas-que-toda-embarazada-debe-saber-sobre-el-sueno-del-bebe\/#primaryimage","url":"https:\/\/www.bezoya.es\/bebe-a-bordo\/wp-content\/uploads\/2025\/10\/5-COSAS-QUE-TODA-EMBARAZADA-DEBERI\u0301A-SABER-SOBRE-EL-SUEN\u0303O-DEL-BEBE\u0301.png","contentUrl":"https:\/\/www.bezoya.es\/bebe-a-bordo\/wp-content\/uploads\/2025\/10\/5-COSAS-QUE-TODA-EMBARAZADA-DEBERI\u0301A-SABER-SOBRE-EL-SUEN\u0303O-DEL-BEBE\u0301.png","width":766,"height":554,"caption":"5 COSAS QUE TODA EMBARAZADA DEBER\u00cdA SABER SOBRE EL SUE\u00d1O DEL BEB\u00c9"},{"@type":"WebSite","@id":"https:\/\/www.bezoya.es\/bebe-a-bordo\/#website","url":"https:\/\/www.bezoya.es\/bebe-a-bordo\/","name":"Agua mineral natural Bezoya","description":"El agua de mineralizaci\u00f3n muy d\u00e9bil","potentialAction":[{"@type":"SearchAction","target":{"@type":"EntryPoint","urlTemplate":"https:\/\/www.bezoya.es\/bebe-a-bordo\/?s={search_term_string}"},"query-input":{"@type":"PropertyValueSpecification","valueRequired":true,"valueName":"search_term_string"}}],"inLanguage":"es"},{"@type":"Person","@id":"https:\/\/www.bezoya.es\/bebe-a-bordo\/#\/schema\/person\/acb63f2685580c1c9b889f0de1e3bf44","name":"Paula Zavala","image":{"@type":"ImageObject","inLanguage":"es","@id":"https:\/\/www.bezoya.es\/bebe-a-bordo\/#\/schema\/person\/image\/","url":"https:\/\/secure.gravatar.com\/avatar\/9c1497df43878b8140f877e1248a08fe97c4429251793e00d1969baa1cac4c10?s=96&d=mm&r=g","contentUrl":"https:\/\/secure.gravatar.com\/avatar\/9c1497df43878b8140f877e1248a08fe97c4429251793e00d1969baa1cac4c10?s=96&d=mm&r=g","caption":"Paula Zavala"},"description":"Con vocaci\u00f3n por el cuidado materno-infantil, Paula es la directora de SoulBaby Center y enfermera especialista en sue\u00f1o infantil, lactancia materna y psicolog\u00eda perinatal. Lleva muchos a\u00f1os atendiendo a mujeres en su postparto y ayud\u00e1ndolas a afrontar cada una de las dificultades.","sameAs":["https:\/\/soulbabycenter.com\/"],"url":"https:\/\/www.bezoya.es\/bebe-a-bordo\/author\/paula-zavala\/"}]}},"views":777,"_links":{"self":[{"href":"https:\/\/www.bezoya.es\/bebe-a-bordo\/wp-json\/wp\/v2\/posts\/22039","targetHints":{"allow":["GET"]}}],"collection":[{"href":"https:\/\/www.bezoya.es\/bebe-a-bordo\/wp-json\/wp\/v2\/posts"}],"about":[{"href":"https:\/\/www.bezoya.es\/bebe-a-bordo\/wp-json\/wp\/v2\/types\/post"}],"author":[{"embeddable":true,"href":"https:\/\/www.bezoya.es\/bebe-a-bordo\/wp-json\/wp\/v2\/users\/128"}],"replies":[{"embeddable":true,"href":"https:\/\/www.bezoya.es\/bebe-a-bordo\/wp-json\/wp\/v2\/comments?post=22039"}],"version-history":[{"count":3,"href":"https:\/\/www.bezoya.es\/bebe-a-bordo\/wp-json\/wp\/v2\/posts\/22039\/revisions"}],"predecessor-version":[{"id":22046,"href":"https:\/\/www.bezoya.es\/bebe-a-bordo\/wp-json\/wp\/v2\/posts\/22039\/revisions\/22046"}],"wp:featuredmedia":[{"embeddable":true,"href":"https:\/\/www.bezoya.es\/bebe-a-bordo\/wp-json\/wp\/v2\/media\/22042"}],"wp:attachment":[{"href":"https:\/\/www.bezoya.es\/bebe-a-bordo\/wp-json\/wp\/v2\/media?parent=22039"}],"wp:term":[{"taxonomy":"category","embeddable":true,"href":"https:\/\/www.bezoya.es\/bebe-a-bordo\/wp-json\/wp\/v2\/categories?post=22039"},{"taxonomy":"post_tag","embeddable":true,"href":"https:\/\/www.bezoya.es\/bebe-a-bordo\/wp-json\/wp\/v2\/tags?post=22039"},{"taxonomy":"categoriabab","embeddable":true,"href":"https:\/\/www.bezoya.es\/bebe-a-bordo\/wp-json\/wp\/v2\/categoriabab?post=22039"},{"taxonomy":"palabra_clave","embeddable":true,"href":"https:\/\/www.bezoya.es\/bebe-a-bordo\/wp-json\/wp\/v2\/palabra_clave?post=22039"}],"curies":[{"name":"wp","href":"https:\/\/api.w.org\/{rel}","templated":true}]}}