{"id":22022,"date":"2025-09-12T15:17:37","date_gmt":"2025-09-12T13:17:37","guid":{"rendered":"https:\/\/www.bezoya.es\/bebe-a-bordo\/?p=22022"},"modified":"2025-09-12T15:19:03","modified_gmt":"2025-09-12T13:19:03","slug":"resfriados-en-bebes-cuando-preocuparse-y-como-aliviarlos","status":"publish","type":"post","link":"https:\/\/www.bezoya.es\/bebe-a-bordo\/blog-bab\/resfriados-en-bebes-cuando-preocuparse-y-como-aliviarlos\/","title":{"rendered":"Resfriados en beb\u00e9s: cu\u00e1ndo preocuparse y c\u00f3mo aliviarlos"},"content":{"rendered":"<p><span style=\"font-weight: 400;\">Los resfriados en beb\u00e9s son una de las situaciones m\u00e1s comunes en pediatr\u00eda y, al mismo tiempo, una de las que m\u00e1s preocupaci\u00f3n genera en las familias primerizas. Aunque suelen ser cuadros leves, los s\u00edntomas como la mucosidad, la tos o la fiebre pueden alarmar a los padres.\u00a0<\/span><\/p>\n<p><span style=\"font-weight: 400;\">Saber cu\u00e1ndo preocuparse y c\u00f3mo aliviarlos de manera segura es clave para cuidar al beb\u00e9 con tranquilidad, y por ello hoy te lo vamos a explicar en nuestro nuevo blog de <a href=\"https:\/\/bezoya.es\/bebe-a-bordo\/\">Beb\u00e9 a Bordo<\/a>, el baby coach de <a href=\"https:\/\/bezoya.es\/\">Bezoya<\/a>.\u00a0<\/span><\/p>\n<h2><b>\u00bfPor qu\u00e9 los beb\u00e9s se resfr\u00edan con tanta frecuencia?<\/b><\/h2>\n<p><span style=\"font-weight: 400;\">Durante los primeros a\u00f1os de vida, el sistema inmunol\u00f3gico de los beb\u00e9s a\u00fan est\u00e1 en pleno desarrollo, lo que los hace m\u00e1s vulnerables a los virus respiratorios. Es normal que un beb\u00e9 tenga entre 6 y 10 resfriados durante el primer a\u00f1o de vida.<\/span><\/p>\n<ul>\n<li style=\"font-weight: 400;\" aria-level=\"1\"><span style=\"font-weight: 400;\">Algunos factores que influyen en esta frecuencia son:<\/span><\/li>\n<li style=\"font-weight: 400;\" aria-level=\"1\"><span style=\"font-weight: 400;\">El contacto con otros ni\u00f1os en guarder\u00edas, parques o reuniones familiares.<\/span><\/li>\n<li style=\"font-weight: 400;\" aria-level=\"1\"><span style=\"font-weight: 400;\">Los cambios de estaci\u00f3n, especialmente en oto\u00f1o e invierno.<\/span><\/li>\n<li style=\"font-weight: 400;\" aria-level=\"1\"><span style=\"font-weight: 400;\">La exposici\u00f3n al humo del tabaco o a ambientes poco ventilados.<\/span><\/li>\n<\/ul>\n<p><span style=\"font-weight: 400;\">Lejos de ser algo negativo, cada resfriado ayuda al sistema inmunol\u00f3gico a fortalecerse poco a poco.<\/span><\/p>\n<p style=\"text-align: center;\"><img loading=\"lazy\" decoding=\"async\" class=\"alignnone size-full wp-image-22023\" src=\"https:\/\/www.bezoya.es\/bebe-a-bordo\/wp-content\/uploads\/2025\/09\/Los-bebe\u0301s-son-ma\u0301s-vulnerables-a-los-virus-respiratorios-porque-su-sistema-inmunolo\u0301gico-esta\u0301-au\u0301n-en-desarrollo.jpg\" alt=\"Los beb\u00e9s son m\u00e1s vulnerables a los virus respiratorios porque su sistema inmunol\u00f3gico est\u00e1 a\u00fan en desarrollo. \" width=\"1200\" height=\"627\" \/><\/p>\n<h2><b>S\u00edntomas comunes de resfriado en beb\u00e9s<\/b><\/h2>\n<p><span style=\"font-weight: 400;\">Los s\u00edntomas suelen ser leves, pero molestos para el beb\u00e9 y preocupantes para los padres. Te explicamos a continuaci\u00f3n los s\u00edntomas m\u00e1s habituales del resfriado en beb\u00e9s:<\/span><span style=\"font-weight: 400;\"><br \/>\n<\/span><\/p>\n<ul>\n<li style=\"font-weight: 400;\" aria-level=\"1\"><span style=\"font-weight: 400;\">Congesti\u00f3n nasal y exceso de mucosidad.<\/span><\/li>\n<li style=\"font-weight: 400;\" aria-level=\"1\"><span style=\"font-weight: 400;\">Estornudos frecuentes.<\/span><\/li>\n<li style=\"font-weight: 400;\" aria-level=\"1\"><span style=\"font-weight: 400;\">Tos ligera.<\/span><\/li>\n<li style=\"font-weight: 400;\" aria-level=\"1\"><span style=\"font-weight: 400;\">Fiebre baja (menor a 38 \u00b0C).<\/span><\/li>\n<li style=\"font-weight: 400;\" aria-level=\"1\"><span style=\"font-weight: 400;\">Irritabilidad o llanto m\u00e1s frecuente.<\/span><\/li>\n<li style=\"font-weight: 400;\" aria-level=\"1\"><span style=\"font-weight: 400;\">P\u00e9rdida temporal de apetito.<\/span><\/li>\n<li style=\"font-weight: 400;\" aria-level=\"1\"><span style=\"font-weight: 400;\">Dificultades para dormir bien.<\/span><\/li>\n<\/ul>\n<p><span style=\"font-weight: 400;\">Estos s\u00edntomas suelen desaparecer de manera progresiva en unos d\u00edas, aunque la tos y la mucosidad pueden prolongarse algo m\u00e1s de una semana. Durante este tiempo, lo m\u00e1s importante es mantener al beb\u00e9 c\u00f3modo, bien hidratado y vigilado para detectar a tiempo cualquier signo de alarma.\u00a0<\/span><\/p>\n<p><img loading=\"lazy\" decoding=\"async\" class=\"alignnone size-full wp-image-22024\" src=\"https:\/\/www.bezoya.es\/bebe-a-bordo\/wp-content\/uploads\/2025\/09\/Tos-fiebre-dificultad-para-dormir-congestio\u0301n-nasal-o-irritabilidad-son-algunos-si\u0301ntomas-de-resfriado-en-bebe\u0301s.jpg\" alt=\"Tos, fiebre, dificultad para dormir, congesti\u00f3n nasal o irritabilidad son algunos s\u00edntomas de resfriado en beb\u00e9s. \" width=\"1200\" height=\"627\" \/><\/p>\n<h2><b>\u00bfCu\u00e1ndo preocuparse por un resfriado en beb\u00e9s?<\/b><\/h2>\n<p><span style=\"font-weight: 400;\">La mayor\u00eda de los resfriados en beb\u00e9s no son graves. Sin embargo, hay situaciones que requieren valoraci\u00f3n pedi\u00e1trica inmediata:\u00a0<\/span><\/p>\n<ul>\n<li style=\"font-weight: 400;\" aria-level=\"1\"><span style=\"font-weight: 400;\">Fiebre mayor de 38 \u00b0C en beb\u00e9s menores de 6 meses, o superior a 39 \u00b0C en mayores.<\/span><\/li>\n<li style=\"font-weight: 400;\" aria-level=\"1\"><span style=\"font-weight: 400;\">Dificultad para respirar (respiraci\u00f3n r\u00e1pida, silbidos o retracciones en el pecho).<\/span><\/li>\n<li style=\"font-weight: 400;\" aria-level=\"1\"><span style=\"font-weight: 400;\">Rechazo persistente a comer o beber.<\/span><\/li>\n<li style=\"font-weight: 400;\" aria-level=\"1\"><span style=\"font-weight: 400;\">Somnolencia excesiva o irritabilidad que no se calma.<\/span><\/li>\n<li style=\"font-weight: 400;\" aria-level=\"1\"><span style=\"font-weight: 400;\">Labios o piel con tonalidad azulada (cianosis).<\/span><\/li>\n<\/ul>\n<p><span style=\"font-weight: 400;\">En estos casos es importante acudir al pediatra sin demora,\u00a0 ya que una valoraci\u00f3n m\u00e9dica permitir\u00e1 descartar complicaciones como bronquiolitis, otitis o neumon\u00eda, que pueden confundirse con un simple resfriado en las primeras fases. El especialista indicar\u00e1 el tratamiento m\u00e1s adecuado y resolver\u00e1 las dudas de la familia, aportando seguridad y tranquilidad en un momento de preocupaci\u00f3n.<\/span><\/p>\n<p><img loading=\"lazy\" decoding=\"async\" class=\"alignnone size-full wp-image-22025\" src=\"https:\/\/www.bezoya.es\/bebe-a-bordo\/wp-content\/uploads\/2025\/09\/Puedes-aliviar-los-resfriados-de-tu-bebe\u0301-con-lavados-nasales-y-una-correcta-hidratacio\u0301n.jpg\" alt=\"Puedes aliviar los resfriados de tu beb\u00e9 con lavados nasales y una correcta hidrataci\u00f3n. \" width=\"1200\" height=\"627\" \/><\/p>\n<h2><b>C\u00f3mo aliviar el resfriado en beb\u00e9s de manera segura<\/b><\/h2>\n<p><span style=\"font-weight: 400;\">Dado que los resfriados est\u00e1n causados por virus, no requieren antibi\u00f3ticos. El tratamiento se centra en el alivio de los s\u00edntomas:<\/span><\/p>\n<ul>\n<li><b>Mantener una correcta hidrataci\u00f3n<\/b>\n<ul>\n<li><span style=\"font-weight: 400;\">La lactancia materna es la mejor fuente de hidrataci\u00f3n en los primeros meses.<\/span><\/li>\n<li><span style=\"font-weight: 400;\">En beb\u00e9s m\u00e1s grandes, ofrecer agua de mineralizaci\u00f3n muy d\u00e9bil ayuda a reponer l\u00edquidos de forma segura.<\/span><\/li>\n<\/ul>\n<\/li>\n<li><b>Lavados nasales con suero fisiol\u00f3gico<\/b>\n<ul>\n<li><span style=\"font-weight: 400;\">Ayudan a descongestionar y facilitan la respiraci\u00f3n, sobre todo antes de dormir o de las tomas.<\/span><\/li>\n<\/ul>\n<\/li>\n<li><b>Ambiente adecuado<\/b>\n<ul>\n<li><span style=\"font-weight: 400;\">Mantener la habitaci\u00f3n ventilada, libre de humo y, si es necesario, usar humidificadores para evitar la sequedad ambiental.<\/span><\/li>\n<\/ul>\n<\/li>\n<li><b>Descanso y confort<\/b>\n<ul>\n<li><span style=\"font-weight: 400;\">El reposo favorece la recuperaci\u00f3n. Colocar ligeramente incorporado al beb\u00e9 puede mejorar la respiraci\u00f3n durante el sue\u00f1o.<\/span><\/li>\n<\/ul>\n<\/li>\n<\/ul>\n<p><span style=\"font-weight: 400;\">Los resfriados en beb\u00e9s son frecuentes y, en la mayor\u00eda de los casos, leves. La clave est\u00e1 en reconocer los s\u00edntomas normales, saber identificar los signos de alarma y aplicar medidas sencillas como la hidrataci\u00f3n adecuada, el descanso y los lavados nasales. En este proceso, el agua de mineralizaci\u00f3n muy d\u00e9bil se convierte en un aliado esencial para garantizar una recuperaci\u00f3n m\u00e1s r\u00e1pida y segura.<\/span><\/p>\n<p>&nbsp;<\/p>\n","protected":false},"excerpt":{"rendered":"<p>Los resfriados en beb\u00e9s son una de las situaciones m\u00e1s comunes en pediatr\u00eda y, al mismo tiempo, una de las que m\u00e1s preocupaci\u00f3n genera en las familias primerizas. Aunque suelen ser cuadros leves, los s\u00edntomas como la mucosidad, la tos o la fiebre pueden alarmar a los padres.\u00a0 Saber cu\u00e1ndo preocuparse y c\u00f3mo aliviarlos de manera segura es clave para cuidar al beb\u00e9 con tranquilidad, y por ello hoy te lo vamos a explicar en nuestro nuevo blog de Beb\u00e9 a Bordo, el baby coach de Bezoya.\u00a0 \u00bfPor qu\u00e9 los beb\u00e9s se resfr\u00edan con tanta frecuencia? Durante los primeros a\u00f1os &#8230;<\/p>\n","protected":false},"author":119,"featured_media":22026,"comment_status":"open","ping_status":"open","sticky":false,"template":"","format":"standard","meta":{"_acf_changed":false,"inline_featured_image":false,"footnotes":""},"categories":[7],"tags":[],"categoriabab":[675],"palabra_clave":[1102],"class_list":["post-22022","post","type-post","status-publish","format-standard","has-post-thumbnail","hentry","category-blog-bab","categoriabab-crianza-hasta-los-2-anos"],"acf":[],"yoast_head":"<!-- This site is optimized with the Yoast SEO plugin v27.1.1 - https:\/\/yoast.com\/product\/yoast-seo-wordpress\/ -->\n<title>Resfriados en beb\u00e9s: s\u00edntomas, cuidados y cu\u00e1ndo preocuparse<\/title>\n<meta name=\"description\" content=\"Descubre c\u00f3mo aliviar los resfriados en beb\u00e9s de forma segura. Te contamos qu\u00e9 s\u00edntomas vigilar, cu\u00e1ndo preocuparte y c\u00f3mo cuidarlo con tranquilidad.\" \/>\n<meta name=\"robots\" content=\"index, follow, max-snippet:-1, max-image-preview:large, max-video-preview:-1\" \/>\n<link rel=\"canonical\" href=\"https:\/\/www.bezoya.es\/bebe-a-bordo\/blog-bab\/resfriados-en-bebes-cuando-preocuparse-y-como-aliviarlos\/\" \/>\n<meta property=\"og:locale\" content=\"es_ES\" \/>\n<meta property=\"og:type\" content=\"article\" \/>\n<meta property=\"og:title\" content=\"Resfriados en beb\u00e9s: s\u00edntomas, cuidados y cu\u00e1ndo preocuparse\" \/>\n<meta property=\"og:description\" content=\"Descubre c\u00f3mo aliviar los resfriados en beb\u00e9s de forma segura. Te contamos qu\u00e9 s\u00edntomas vigilar, cu\u00e1ndo preocuparte y c\u00f3mo cuidarlo con tranquilidad.\" \/>\n<meta property=\"og:url\" content=\"https:\/\/www.bezoya.es\/bebe-a-bordo\/blog-bab\/resfriados-en-bebes-cuando-preocuparse-y-como-aliviarlos\/\" \/>\n<meta property=\"og:site_name\" content=\"Agua mineral natural Bezoya\" \/>\n<meta property=\"article:published_time\" content=\"2025-09-12T13:17:37+00:00\" \/>\n<meta property=\"article:modified_time\" content=\"2025-09-12T13:19:03+00:00\" \/>\n<meta property=\"og:image\" content=\"https:\/\/www.bezoya.es\/bebe-a-bordo\/wp-content\/uploads\/2025\/09\/Resfriados-en-bebe\u0301s-cua\u0301ndo-preocuparse-y-co\u0301mo-aliviarlos.png\" \/>\n\t<meta property=\"og:image:width\" content=\"1348\" \/>\n\t<meta property=\"og:image:height\" content=\"756\" \/>\n\t<meta property=\"og:image:type\" content=\"image\/png\" \/>\n<meta name=\"author\" content=\"Beb\u00e9 a Bordo\" \/>\n<meta name=\"twitter:card\" content=\"summary_large_image\" \/>\n<meta name=\"twitter:label1\" content=\"Escrito por\" \/>\n\t<meta name=\"twitter:data1\" content=\"Beb\u00e9 a Bordo\" \/>\n\t<meta name=\"twitter:label2\" content=\"Tiempo de lectura\" \/>\n\t<meta name=\"twitter:data2\" content=\"4 minutos\" \/>\n<script type=\"application\/ld+json\" class=\"yoast-schema-graph\">{\"@context\":\"https:\/\/schema.org\",\"@graph\":[{\"@type\":\"Article\",\"@id\":\"https:\/\/www.bezoya.es\/bebe-a-bordo\/blog-bab\/resfriados-en-bebes-cuando-preocuparse-y-como-aliviarlos\/#article\",\"isPartOf\":{\"@id\":\"https:\/\/www.bezoya.es\/bebe-a-bordo\/blog-bab\/resfriados-en-bebes-cuando-preocuparse-y-como-aliviarlos\/\"},\"author\":{\"name\":\"Beb\u00e9 a Bordo\",\"@id\":\"https:\/\/www.bezoya.es\/bebe-a-bordo\/#\/schema\/person\/27f580841a0710199ed73bb8262c9de1\"},\"headline\":\"Resfriados en beb\u00e9s: cu\u00e1ndo preocuparse y c\u00f3mo aliviarlos\",\"datePublished\":\"2025-09-12T13:17:37+00:00\",\"dateModified\":\"2025-09-12T13:19:03+00:00\",\"mainEntityOfPage\":{\"@id\":\"https:\/\/www.bezoya.es\/bebe-a-bordo\/blog-bab\/resfriados-en-bebes-cuando-preocuparse-y-como-aliviarlos\/\"},\"wordCount\":710,\"commentCount\":0,\"image\":{\"@id\":\"https:\/\/www.bezoya.es\/bebe-a-bordo\/blog-bab\/resfriados-en-bebes-cuando-preocuparse-y-como-aliviarlos\/#primaryimage\"},\"thumbnailUrl\":\"https:\/\/www.bezoya.es\/bebe-a-bordo\/wp-content\/uploads\/2025\/09\/Resfriados-en-bebe\u0301s-cua\u0301ndo-preocuparse-y-co\u0301mo-aliviarlos.png\",\"articleSection\":[\"Blog Beb\u00e9 a Bordo\"],\"inLanguage\":\"es\",\"potentialAction\":[{\"@type\":\"CommentAction\",\"name\":\"Comment\",\"target\":[\"https:\/\/www.bezoya.es\/bebe-a-bordo\/blog-bab\/resfriados-en-bebes-cuando-preocuparse-y-como-aliviarlos\/#respond\"]}]},{\"@type\":\"WebPage\",\"@id\":\"https:\/\/www.bezoya.es\/bebe-a-bordo\/blog-bab\/resfriados-en-bebes-cuando-preocuparse-y-como-aliviarlos\/\",\"url\":\"https:\/\/www.bezoya.es\/bebe-a-bordo\/blog-bab\/resfriados-en-bebes-cuando-preocuparse-y-como-aliviarlos\/\",\"name\":\"Resfriados en beb\u00e9s: s\u00edntomas, cuidados y cu\u00e1ndo preocuparse\",\"isPartOf\":{\"@id\":\"https:\/\/www.bezoya.es\/bebe-a-bordo\/#website\"},\"primaryImageOfPage\":{\"@id\":\"https:\/\/www.bezoya.es\/bebe-a-bordo\/blog-bab\/resfriados-en-bebes-cuando-preocuparse-y-como-aliviarlos\/#primaryimage\"},\"image\":{\"@id\":\"https:\/\/www.bezoya.es\/bebe-a-bordo\/blog-bab\/resfriados-en-bebes-cuando-preocuparse-y-como-aliviarlos\/#primaryimage\"},\"thumbnailUrl\":\"https:\/\/www.bezoya.es\/bebe-a-bordo\/wp-content\/uploads\/2025\/09\/Resfriados-en-bebe\u0301s-cua\u0301ndo-preocuparse-y-co\u0301mo-aliviarlos.png\",\"datePublished\":\"2025-09-12T13:17:37+00:00\",\"dateModified\":\"2025-09-12T13:19:03+00:00\",\"author\":{\"@id\":\"https:\/\/www.bezoya.es\/bebe-a-bordo\/#\/schema\/person\/27f580841a0710199ed73bb8262c9de1\"},\"description\":\"Descubre c\u00f3mo aliviar los resfriados en beb\u00e9s de forma segura. Te contamos qu\u00e9 s\u00edntomas vigilar, cu\u00e1ndo preocuparte y c\u00f3mo cuidarlo con tranquilidad.\",\"inLanguage\":\"es\",\"potentialAction\":[{\"@type\":\"ReadAction\",\"target\":[\"https:\/\/www.bezoya.es\/bebe-a-bordo\/blog-bab\/resfriados-en-bebes-cuando-preocuparse-y-como-aliviarlos\/\"]}]},{\"@type\":\"ImageObject\",\"inLanguage\":\"es\",\"@id\":\"https:\/\/www.bezoya.es\/bebe-a-bordo\/blog-bab\/resfriados-en-bebes-cuando-preocuparse-y-como-aliviarlos\/#primaryimage\",\"url\":\"https:\/\/www.bezoya.es\/bebe-a-bordo\/wp-content\/uploads\/2025\/09\/Resfriados-en-bebe\u0301s-cua\u0301ndo-preocuparse-y-co\u0301mo-aliviarlos.png\",\"contentUrl\":\"https:\/\/www.bezoya.es\/bebe-a-bordo\/wp-content\/uploads\/2025\/09\/Resfriados-en-bebe\u0301s-cua\u0301ndo-preocuparse-y-co\u0301mo-aliviarlos.png\",\"width\":1348,\"height\":756,\"caption\":\"Resfriados en beb\u00e9s: cu\u00e1ndo preocuparse y c\u00f3mo aliviarlos\"},{\"@type\":\"WebSite\",\"@id\":\"https:\/\/www.bezoya.es\/bebe-a-bordo\/#website\",\"url\":\"https:\/\/www.bezoya.es\/bebe-a-bordo\/\",\"name\":\"Agua mineral natural Bezoya\",\"description\":\"El agua de mineralizaci\u00f3n muy d\u00e9bil\",\"potentialAction\":[{\"@type\":\"SearchAction\",\"target\":{\"@type\":\"EntryPoint\",\"urlTemplate\":\"https:\/\/www.bezoya.es\/bebe-a-bordo\/?s={search_term_string}\"},\"query-input\":{\"@type\":\"PropertyValueSpecification\",\"valueRequired\":true,\"valueName\":\"search_term_string\"}}],\"inLanguage\":\"es\"},{\"@type\":\"Person\",\"@id\":\"https:\/\/www.bezoya.es\/bebe-a-bordo\/#\/schema\/person\/27f580841a0710199ed73bb8262c9de1\",\"name\":\"Beb\u00e9 a Bordo\",\"image\":{\"@type\":\"ImageObject\",\"inLanguage\":\"es\",\"@id\":\"https:\/\/www.bezoya.es\/bebe-a-bordo\/#\/schema\/person\/image\/\",\"url\":\"https:\/\/secure.gravatar.com\/avatar\/0b0c609b63be1f5d579657e5afa8b15ebc59af1c9cca5c551ddcd2114a725785?s=96&d=mm&r=g\",\"contentUrl\":\"https:\/\/secure.gravatar.com\/avatar\/0b0c609b63be1f5d579657e5afa8b15ebc59af1c9cca5c551ddcd2114a725785?s=96&d=mm&r=g\",\"caption\":\"Beb\u00e9 a Bordo\"},\"description\":\"El baby coach de Bezoya que te acompa\u00f1a desde el embarazo, parto y postparto, hasta sus primeros pasos.\",\"url\":\"https:\/\/www.bezoya.es\/bebe-a-bordo\/author\/bebe-a-bordo\/\"}]}<\/script>\n<!-- \/ Yoast SEO plugin. -->","yoast_head_json":{"title":"Resfriados en beb\u00e9s: s\u00edntomas, cuidados y cu\u00e1ndo preocuparse","description":"Descubre c\u00f3mo aliviar los resfriados en beb\u00e9s de forma segura. Te contamos qu\u00e9 s\u00edntomas vigilar, cu\u00e1ndo preocuparte y c\u00f3mo cuidarlo con tranquilidad.","robots":{"index":"index","follow":"follow","max-snippet":"max-snippet:-1","max-image-preview":"max-image-preview:large","max-video-preview":"max-video-preview:-1"},"canonical":"https:\/\/www.bezoya.es\/bebe-a-bordo\/blog-bab\/resfriados-en-bebes-cuando-preocuparse-y-como-aliviarlos\/","og_locale":"es_ES","og_type":"article","og_title":"Resfriados en beb\u00e9s: s\u00edntomas, cuidados y cu\u00e1ndo preocuparse","og_description":"Descubre c\u00f3mo aliviar los resfriados en beb\u00e9s de forma segura. Te contamos qu\u00e9 s\u00edntomas vigilar, cu\u00e1ndo preocuparte y c\u00f3mo cuidarlo con tranquilidad.","og_url":"https:\/\/www.bezoya.es\/bebe-a-bordo\/blog-bab\/resfriados-en-bebes-cuando-preocuparse-y-como-aliviarlos\/","og_site_name":"Agua mineral natural Bezoya","article_published_time":"2025-09-12T13:17:37+00:00","article_modified_time":"2025-09-12T13:19:03+00:00","og_image":[{"width":1348,"height":756,"url":"https:\/\/www.bezoya.es\/bebe-a-bordo\/wp-content\/uploads\/2025\/09\/Resfriados-en-bebe\u0301s-cua\u0301ndo-preocuparse-y-co\u0301mo-aliviarlos.png","type":"image\/png"}],"author":"Beb\u00e9 a Bordo","twitter_card":"summary_large_image","twitter_misc":{"Escrito por":"Beb\u00e9 a Bordo","Tiempo de lectura":"4 minutos"},"schema":{"@context":"https:\/\/schema.org","@graph":[{"@type":"Article","@id":"https:\/\/www.bezoya.es\/bebe-a-bordo\/blog-bab\/resfriados-en-bebes-cuando-preocuparse-y-como-aliviarlos\/#article","isPartOf":{"@id":"https:\/\/www.bezoya.es\/bebe-a-bordo\/blog-bab\/resfriados-en-bebes-cuando-preocuparse-y-como-aliviarlos\/"},"author":{"name":"Beb\u00e9 a Bordo","@id":"https:\/\/www.bezoya.es\/bebe-a-bordo\/#\/schema\/person\/27f580841a0710199ed73bb8262c9de1"},"headline":"Resfriados en beb\u00e9s: cu\u00e1ndo preocuparse y c\u00f3mo aliviarlos","datePublished":"2025-09-12T13:17:37+00:00","dateModified":"2025-09-12T13:19:03+00:00","mainEntityOfPage":{"@id":"https:\/\/www.bezoya.es\/bebe-a-bordo\/blog-bab\/resfriados-en-bebes-cuando-preocuparse-y-como-aliviarlos\/"},"wordCount":710,"commentCount":0,"image":{"@id":"https:\/\/www.bezoya.es\/bebe-a-bordo\/blog-bab\/resfriados-en-bebes-cuando-preocuparse-y-como-aliviarlos\/#primaryimage"},"thumbnailUrl":"https:\/\/www.bezoya.es\/bebe-a-bordo\/wp-content\/uploads\/2025\/09\/Resfriados-en-bebe\u0301s-cua\u0301ndo-preocuparse-y-co\u0301mo-aliviarlos.png","articleSection":["Blog Beb\u00e9 a Bordo"],"inLanguage":"es","potentialAction":[{"@type":"CommentAction","name":"Comment","target":["https:\/\/www.bezoya.es\/bebe-a-bordo\/blog-bab\/resfriados-en-bebes-cuando-preocuparse-y-como-aliviarlos\/#respond"]}]},{"@type":"WebPage","@id":"https:\/\/www.bezoya.es\/bebe-a-bordo\/blog-bab\/resfriados-en-bebes-cuando-preocuparse-y-como-aliviarlos\/","url":"https:\/\/www.bezoya.es\/bebe-a-bordo\/blog-bab\/resfriados-en-bebes-cuando-preocuparse-y-como-aliviarlos\/","name":"Resfriados en beb\u00e9s: s\u00edntomas, cuidados y cu\u00e1ndo preocuparse","isPartOf":{"@id":"https:\/\/www.bezoya.es\/bebe-a-bordo\/#website"},"primaryImageOfPage":{"@id":"https:\/\/www.bezoya.es\/bebe-a-bordo\/blog-bab\/resfriados-en-bebes-cuando-preocuparse-y-como-aliviarlos\/#primaryimage"},"image":{"@id":"https:\/\/www.bezoya.es\/bebe-a-bordo\/blog-bab\/resfriados-en-bebes-cuando-preocuparse-y-como-aliviarlos\/#primaryimage"},"thumbnailUrl":"https:\/\/www.bezoya.es\/bebe-a-bordo\/wp-content\/uploads\/2025\/09\/Resfriados-en-bebe\u0301s-cua\u0301ndo-preocuparse-y-co\u0301mo-aliviarlos.png","datePublished":"2025-09-12T13:17:37+00:00","dateModified":"2025-09-12T13:19:03+00:00","author":{"@id":"https:\/\/www.bezoya.es\/bebe-a-bordo\/#\/schema\/person\/27f580841a0710199ed73bb8262c9de1"},"description":"Descubre c\u00f3mo aliviar los resfriados en beb\u00e9s de forma segura. Te contamos qu\u00e9 s\u00edntomas vigilar, cu\u00e1ndo preocuparte y c\u00f3mo cuidarlo con tranquilidad.","inLanguage":"es","potentialAction":[{"@type":"ReadAction","target":["https:\/\/www.bezoya.es\/bebe-a-bordo\/blog-bab\/resfriados-en-bebes-cuando-preocuparse-y-como-aliviarlos\/"]}]},{"@type":"ImageObject","inLanguage":"es","@id":"https:\/\/www.bezoya.es\/bebe-a-bordo\/blog-bab\/resfriados-en-bebes-cuando-preocuparse-y-como-aliviarlos\/#primaryimage","url":"https:\/\/www.bezoya.es\/bebe-a-bordo\/wp-content\/uploads\/2025\/09\/Resfriados-en-bebe\u0301s-cua\u0301ndo-preocuparse-y-co\u0301mo-aliviarlos.png","contentUrl":"https:\/\/www.bezoya.es\/bebe-a-bordo\/wp-content\/uploads\/2025\/09\/Resfriados-en-bebe\u0301s-cua\u0301ndo-preocuparse-y-co\u0301mo-aliviarlos.png","width":1348,"height":756,"caption":"Resfriados en beb\u00e9s: cu\u00e1ndo preocuparse y c\u00f3mo aliviarlos"},{"@type":"WebSite","@id":"https:\/\/www.bezoya.es\/bebe-a-bordo\/#website","url":"https:\/\/www.bezoya.es\/bebe-a-bordo\/","name":"Agua mineral natural Bezoya","description":"El agua de mineralizaci\u00f3n muy d\u00e9bil","potentialAction":[{"@type":"SearchAction","target":{"@type":"EntryPoint","urlTemplate":"https:\/\/www.bezoya.es\/bebe-a-bordo\/?s={search_term_string}"},"query-input":{"@type":"PropertyValueSpecification","valueRequired":true,"valueName":"search_term_string"}}],"inLanguage":"es"},{"@type":"Person","@id":"https:\/\/www.bezoya.es\/bebe-a-bordo\/#\/schema\/person\/27f580841a0710199ed73bb8262c9de1","name":"Beb\u00e9 a Bordo","image":{"@type":"ImageObject","inLanguage":"es","@id":"https:\/\/www.bezoya.es\/bebe-a-bordo\/#\/schema\/person\/image\/","url":"https:\/\/secure.gravatar.com\/avatar\/0b0c609b63be1f5d579657e5afa8b15ebc59af1c9cca5c551ddcd2114a725785?s=96&d=mm&r=g","contentUrl":"https:\/\/secure.gravatar.com\/avatar\/0b0c609b63be1f5d579657e5afa8b15ebc59af1c9cca5c551ddcd2114a725785?s=96&d=mm&r=g","caption":"Beb\u00e9 a Bordo"},"description":"El baby coach de Bezoya que te acompa\u00f1a desde el embarazo, parto y postparto, hasta sus primeros pasos.","url":"https:\/\/www.bezoya.es\/bebe-a-bordo\/author\/bebe-a-bordo\/"}]}},"views":953,"_links":{"self":[{"href":"https:\/\/www.bezoya.es\/bebe-a-bordo\/wp-json\/wp\/v2\/posts\/22022","targetHints":{"allow":["GET"]}}],"collection":[{"href":"https:\/\/www.bezoya.es\/bebe-a-bordo\/wp-json\/wp\/v2\/posts"}],"about":[{"href":"https:\/\/www.bezoya.es\/bebe-a-bordo\/wp-json\/wp\/v2\/types\/post"}],"author":[{"embeddable":true,"href":"https:\/\/www.bezoya.es\/bebe-a-bordo\/wp-json\/wp\/v2\/users\/119"}],"replies":[{"embeddable":true,"href":"https:\/\/www.bezoya.es\/bebe-a-bordo\/wp-json\/wp\/v2\/comments?post=22022"}],"version-history":[{"count":2,"href":"https:\/\/www.bezoya.es\/bebe-a-bordo\/wp-json\/wp\/v2\/posts\/22022\/revisions"}],"predecessor-version":[{"id":22028,"href":"https:\/\/www.bezoya.es\/bebe-a-bordo\/wp-json\/wp\/v2\/posts\/22022\/revisions\/22028"}],"wp:featuredmedia":[{"embeddable":true,"href":"https:\/\/www.bezoya.es\/bebe-a-bordo\/wp-json\/wp\/v2\/media\/22026"}],"wp:attachment":[{"href":"https:\/\/www.bezoya.es\/bebe-a-bordo\/wp-json\/wp\/v2\/media?parent=22022"}],"wp:term":[{"taxonomy":"category","embeddable":true,"href":"https:\/\/www.bezoya.es\/bebe-a-bordo\/wp-json\/wp\/v2\/categories?post=22022"},{"taxonomy":"post_tag","embeddable":true,"href":"https:\/\/www.bezoya.es\/bebe-a-bordo\/wp-json\/wp\/v2\/tags?post=22022"},{"taxonomy":"categoriabab","embeddable":true,"href":"https:\/\/www.bezoya.es\/bebe-a-bordo\/wp-json\/wp\/v2\/categoriabab?post=22022"},{"taxonomy":"palabra_clave","embeddable":true,"href":"https:\/\/www.bezoya.es\/bebe-a-bordo\/wp-json\/wp\/v2\/palabra_clave?post=22022"}],"curies":[{"name":"wp","href":"https:\/\/api.w.org\/{rel}","templated":true}]}}