{"id":22008,"date":"2025-07-29T18:53:17","date_gmt":"2025-07-29T16:53:17","guid":{"rendered":"https:\/\/www.bezoya.es\/bebe-a-bordo\/?p=22008"},"modified":"2025-07-29T18:53:17","modified_gmt":"2025-07-29T16:53:17","slug":"golpes-de-calor-ninos-menores-como-evitarlos-y-protegerlos","status":"publish","type":"post","link":"https:\/\/www.bezoya.es\/bebe-a-bordo\/blog-bab\/golpes-de-calor-ninos-menores-como-evitarlos-y-protegerlos\/","title":{"rendered":"Golpes de calor en ni\u00f1os menores de 3 a\u00f1os: c\u00f3mo evitarlos y protegerlos"},"content":{"rendered":"<p><span style=\"font-weight: 400;\">El <\/span><a href=\"https:\/\/www.bezoya.es\/bebe-a-bordo\/blog-bab\/el-bebe-y-el-verano\/\"><span style=\"font-weight: 400;\">verano<\/span><\/a><span style=\"font-weight: 400;\"> y las olas de calor pueden ser una \u00e9poca de disfrute para las familias, pero tambi\u00e9n representan un riesgo importante con los golpes de calor para los menores de 3 a\u00f1os. <\/span><b>El golpe de calor es una emergencia m\u00e9dica que puede desarrollarse r\u00e1pidamente<\/b><span style=\"font-weight: 400;\">, por eso la prevenci\u00f3n y la informaci\u00f3n es clave.<\/span><\/p>\n<p><span style=\"font-weight: 400;\">En este art\u00edculo de <\/span><a href=\"https:\/\/www.bezoya.es\/bebe-a-bordo\/\"><span style=\"font-weight: 400;\">Beb\u00e9 a Bordo<\/span><\/a><span style=\"font-weight: 400;\">, el baby coach de <\/span><a href=\"https:\/\/www.bezoya.es\/\"><span style=\"font-weight: 400;\">Bezoya<\/span><\/a><span style=\"font-weight: 400;\">, encontrar\u00e1 desde <\/span><b>la importancia de la hidrataci\u00f3n<\/b><span style=\"font-weight: 400;\"> hasta los <\/span><b>s\u00edntomas de alarma de un golpe de calor y los pasos a seguir<\/b><span style=\"font-weight: 400;\">.<\/span><\/p>\n<h2><b>\u00bfPor qu\u00e9 los ni\u00f1os menores de 3 a\u00f1os son tan vulnerables al golpe de calor?<\/b><\/h2>\n<p><b>Los ni\u00f1os peque\u00f1os tienen caracter\u00edsticas fisiol\u00f3gicas que los hacen especialmente susceptibles al calor extremo<\/b><span style=\"font-weight: 400;\">. Su sistema de regulaci\u00f3n de la temperatura corporal a\u00fan no est\u00e1 desarrollado, sudan menos que los adultos y tienen una mayor proporci\u00f3n de agua en el cuerpo.\u00a0<\/span><\/p>\n<p><span style=\"font-weight: 400;\">Adem\u00e1s, dependen completamente de los adultos para hidratarse y protegerse del ambiente. Un descuido, puede tener consecuencias graves en cuesti\u00f3n de minutos.<\/span><\/p>\n<p style=\"text-align: center;\"><img loading=\"lazy\" decoding=\"async\" class=\"aligncenter size-full wp-image-22009\" src=\"https:\/\/www.bezoya.es\/bebe-a-bordo\/wp-content\/uploads\/2025\/07\/Los-nin\u0303os-pequen\u0303os-tienen-caracteri\u0301sticas-fisiolo\u0301gicas-que-los-hacen-especialmente-susceptibles-al-calor-extremo.png\" alt=\"Los ni\u00f1os peque\u00f1os tienen caracter\u00edsticas fisiol\u00f3gicas que los hacen especialmente susceptibles al calor extremo. \" width=\"1200\" height=\"627\" \/><\/p>\n<h2><b>S\u00edntomas de golpe de calor: \u00bfc\u00f3mo reconocerlos?<\/b><\/h2>\n<p><span style=\"font-weight: 400;\">Es fundamental identificar los <\/span><b>s\u00edntomas de un golpe de calor<\/b><span style=\"font-weight: 400;\"> para actuar r\u00e1pidamente y evitar complicaciones graves.\u00a0<\/span><\/p>\n<ul>\n<li style=\"font-weight: 400;\" aria-level=\"1\"><span style=\"font-weight: 400;\">Fiebre alta (m\u00e1s de 40\u00b0C) sin sudoraci\u00f3n<\/span><\/li>\n<li style=\"font-weight: 400;\" aria-level=\"1\"><span style=\"font-weight: 400;\">Piel caliente, seca y enrojecida<\/span><\/li>\n<li style=\"font-weight: 400;\" aria-level=\"1\"><span style=\"font-weight: 400;\">Irritabilidad, llanto inconsolable o, por el contrario, somnolencia y decaimiento<\/span><\/li>\n<li style=\"font-weight: 400;\" aria-level=\"1\"><span style=\"font-weight: 400;\">V\u00f3mitos o diarrea<\/span><\/li>\n<li style=\"font-weight: 400;\" aria-level=\"1\"><span style=\"font-weight: 400;\">Respiraci\u00f3n r\u00e1pida y superficial<\/span><\/li>\n<li style=\"font-weight: 400;\" aria-level=\"1\"><span style=\"font-weight: 400;\">Convulsiones<\/span><\/li>\n<li style=\"font-weight: 400;\" aria-level=\"1\"><span style=\"font-weight: 400;\">P\u00e9rdida de conciencia<\/span><\/li>\n<\/ul>\n<p><b>Ante la aparici\u00f3n de estos s\u00edntomas, es vital actuar de inmediato<\/b><span style=\"font-weight: 400;\">. Acude a urgencias y que el ni\u00f1o pueda ser evaluado por un profesional de la salud. Importante, no administres medicamentos para bajar la fiebre sin indicaci\u00f3n m\u00e9dica.<\/span><\/p>\n<p style=\"text-align: center;\"><img loading=\"lazy\" decoding=\"async\" class=\"aligncenter size-full wp-image-22010\" src=\"https:\/\/www.bezoya.es\/bebe-a-bordo\/wp-content\/uploads\/2025\/07\/Fiebre-alta-irritabilidad-vo\u0301mitos-o-respiracio\u0301n-ra\u0301pida-son-si\u0301ntomas-de-un-golpe-de-calor-en-menores-de-3-an\u0303os.jpg\" alt=\"Fiebre alta, irritabilidad, v\u00f3mitos o respiraci\u00f3n r\u00e1pida son s\u00edntomas de un golpe de calor en menores de 3 a\u00f1os. \" width=\"1200\" height=\"627\" \/><\/p>\n<h2><b>La importancia de la hidrataci\u00f3n para prevenir golpes de calor.\u00a0<\/b><\/h2>\n<p><span style=\"font-weight: 400;\">Cuando hace calor, el cuerpo pierde l\u00edquidos r\u00e1pidamente a trav\u00e9s del sudor, y si no se reponen, se produce deshidrataci\u00f3n, lo que aumenta el riesgo de golpe de calor.\u00a0<\/span><\/p>\n<p><b>Los ni\u00f1os menores de 3 a\u00f1os no siempre son capaces de expresar que tienen sed<\/b><span style=\"font-weight: 400;\">, por lo que es fundamental que los adultos est\u00e9n atentos y les ofrezcan l\u00edquidos con frecuencia.<\/span><\/p>\n<ul>\n<li style=\"font-weight: 400;\" aria-level=\"1\"><b>Ofrece agua frecuentemente:<\/b><span style=\"font-weight: 400;\"> No esperes a que el ni\u00f1o pida agua. Ofr\u00e9cele peque\u00f1os sorbos a lo largo del d\u00eda, especialmente si est\u00e1 jugando, sudando o hace mucho calor si ya ha comenzado la alimentaci\u00f3n complementaria. Puedes saber m\u00e1s sobre las cantidades de agua recomendadas en nuestro art\u00edculo<\/span><a href=\"https:\/\/www.bezoya.es\/bebe-a-bordo\/blog-bab\/cuando-como-que-cantidad-de-agua-necesitan-tomar-los-bebes\/\"> <i><span style=\"font-weight: 400;\">\u00bfCu\u00e1ndo, c\u00f3mo, y qu\u00e9 cantidad de agua necesitan tomar los beb\u00e9s?<\/span><\/i><\/a><\/li>\n<li style=\"font-weight: 400;\" aria-level=\"1\"><span style=\"font-weight: 400;\">En el caso de lactantes: Durante los seis meses de vida, <\/span><b>aumenta la frecuencia de las tomas de pecho o de biber\u00f3n<\/b><span style=\"font-weight: 400;\">.\u00a0<\/span><\/li>\n<li style=\"font-weight: 400;\" aria-level=\"1\"><span style=\"font-weight: 400;\">\u00a1Importante! No todos los l\u00edquidos son buenos, <\/span><b>evita bebidas azucaradas o gaseosas<\/b><span style=\"font-weight: 400;\">, ya que no son recomendables y pueden empeorar la situaci\u00f3n.<\/span><\/li>\n<\/ul>\n<p><b>Haz de la hidrataci\u00f3n un h\u00e1bito <\/b><span style=\"font-weight: 400;\">y lleva siempre una botellita de agua a mano cuando salgas de casa. Y sobre todo ense\u00f1a con el ejemplo, <\/span><b>bebe agua delante de los ni\u00f1os y an\u00edmales a hacerlo<\/b><span style=\"font-weight: 400;\">.<\/span><\/p>\n<p style=\"text-align: center;\"><img loading=\"lazy\" decoding=\"async\" class=\"size-full wp-image-22011 aligncenter\" src=\"https:\/\/www.bezoya.es\/bebe-a-bordo\/wp-content\/uploads\/2025\/07\/Ofrece-agua-frecuentemente-o-aumenta-las-tomas-de-pecho-si-au\u0301n-son-lactantes-para-hidratar-a-tus-hijos.png\" alt=\"Ofrece agua frecuentemente, o aumenta las tomas de pecho si a\u00fan son lactantes, para hidratar a tus hijos. \" width=\"1200\" height=\"627\" \/><\/p>\n<h2><b>Otros consejos para prevenir golpes de calor<\/b><\/h2>\n<h3><b>Vestimenta y protecci\u00f3n solar<\/b><\/h3>\n<p><span style=\"font-weight: 400;\">Elige <\/span><b>prendas ligeras, de algod\u00f3n, holgadas y de colores claros<\/b><span style=\"font-weight: 400;\">, que permitan la transpiraci\u00f3n y no retengan el calor. Los <\/span><b>gorros o sombreros <\/b><span style=\"font-weight: 400;\">de ala ancha son ideales para proteger la cabeza y la cara.<\/span><\/p>\n<p><span style=\"font-weight: 400;\">Adem\u00e1s,<\/span><b> utiliza protector solar<\/b><span style=\"font-weight: 400;\"> en las zonas expuestas, aunque la mejor protecci\u00f3n es evitar la exposici\u00f3n directa al sol. Te recomendamos leer nuestro art\u00edculo <\/span><a href=\"https:\/\/www.bezoya.es\/bebe-a-bordo\/blog-bab\/proteccion-solar-en-ninos-que-debemos-tener-en-cuenta\/\"><i><span style=\"font-weight: 400;\">Protecci\u00f3n solar en ni\u00f1os: \u00bfQu\u00e9 debemos tener en cuenta?<\/span><\/i><\/a><\/p>\n<h3><b>Evita la exposici\u00f3n al sol en horas cr\u00edticas<\/b><\/h3>\n<p><span style=\"font-weight: 400;\">El sol es m\u00e1s intenso entre las 11:00 y las 17:00 horas. Durante este periodo, <\/span><b>procura que los ni\u00f1os permanezcan en lugares frescos, con sombra o bien ventilados<\/b><span style=\"font-weight: 400;\">. En la <\/span><a href=\"https:\/\/www.bezoya.es\/bebe-a-bordo\/blog-bab\/el-bebe-en-la-playa-es-recomendable\/\"><span style=\"font-weight: 400;\">playa<\/span><\/a><span style=\"font-weight: 400;\"> o la piscina, utiliza sombrillas o carpas y refresca al ni\u00f1o con frecuencia.<\/span><\/p>\n<p><span style=\"font-weight: 400;\">Y sobre todo,<\/span><b> evita que los ni\u00f1os peque\u00f1os realicen actividades f\u00edsicas intensas durante las horas de m\u00e1s calor<\/b><span style=\"font-weight: 400;\">. Opta por juegos tranquilos y en lugares frescos.\u00a0<\/span><\/p>\n<p><img loading=\"lazy\" decoding=\"async\" class=\"size-full wp-image-22012 aligncenter\" src=\"https:\/\/www.bezoya.es\/bebe-a-bordo\/wp-content\/uploads\/2025\/07\/En-verano-los-ma\u0301s-pequen\u0303os-deben-usar-prendas-ligeras-de-algodo\u0301n-holgadas-y-de-colores-claros.png\" alt=\"En verano los m\u00e1s peque\u00f1os deben usar prendas ligeras, de algod\u00f3n, holgadas y de colores claros. \" width=\"1200\" height=\"627\" \/><\/p>\n<h3><b>Mant\u00e9n los espacios frescos y ventilados<\/b><\/h3>\n<p><span style=\"font-weight: 400;\">En casa,<\/span><b> mant\u00e9n las habitaciones frescas y bien ventiladas<\/b><span style=\"font-weight: 400;\">. Usa ventiladores o aire acondicionado si es necesario, pero evita que el aire d\u00e9 directamente sobre el ni\u00f1o.\u00a0<\/span><\/p>\n<p>&nbsp;<\/p>\n","protected":false},"excerpt":{"rendered":"<p>El verano y las olas de calor pueden ser una \u00e9poca de disfrute para las familias, pero tambi\u00e9n representan un riesgo importante con los golpes de calor para los menores de 3 a\u00f1os. El golpe de calor es una emergencia m\u00e9dica que puede desarrollarse r\u00e1pidamente, por eso la prevenci\u00f3n y la informaci\u00f3n es clave. En este art\u00edculo de Beb\u00e9 a Bordo, el baby coach de Bezoya, encontrar\u00e1 desde la importancia de la hidrataci\u00f3n hasta los s\u00edntomas de alarma de un golpe de calor y los pasos a seguir. \u00bfPor qu\u00e9 los ni\u00f1os menores de 3 a\u00f1os son tan vulnerables al &#8230;<\/p>\n","protected":false},"author":119,"featured_media":21568,"comment_status":"open","ping_status":"open","sticky":false,"template":"","format":"standard","meta":{"_acf_changed":false,"inline_featured_image":false,"footnotes":""},"categories":[7],"tags":[],"categoriabab":[675],"palabra_clave":[1100],"class_list":["post-22008","post","type-post","status-publish","format-standard","has-post-thumbnail","hentry","category-blog-bab","categoriabab-crianza-hasta-los-2-anos"],"acf":[],"yoast_head":"<!-- This site is optimized with the Yoast SEO plugin v27.1.1 - https:\/\/yoast.com\/product\/yoast-seo-wordpress\/ -->\n<title>Golpes de calor en ni\u00f1os menores de 3 a\u00f1os: c\u00f3mo evitarlos y protegerlos - Agua mineral natural Bezoya<\/title>\n<meta name=\"description\" content=\"Descubre c\u00f3mo proteger a los menores de 3 a\u00f1os de golpes de calor este verano. Consejos clave, hidrataci\u00f3n, s\u00edntomas de alerta y prevenci\u00f3n.\" \/>\n<meta name=\"robots\" content=\"index, follow, max-snippet:-1, max-image-preview:large, max-video-preview:-1\" \/>\n<link rel=\"canonical\" href=\"https:\/\/www.bezoya.es\/bebe-a-bordo\/blog-bab\/golpes-de-calor-ninos-menores-como-evitarlos-y-protegerlos\/\" \/>\n<meta property=\"og:locale\" content=\"es_ES\" \/>\n<meta property=\"og:type\" content=\"article\" \/>\n<meta property=\"og:title\" content=\"Golpes de calor en ni\u00f1os menores de 3 a\u00f1os: c\u00f3mo evitarlos y protegerlos - Agua mineral natural Bezoya\" \/>\n<meta property=\"og:description\" content=\"Descubre c\u00f3mo proteger a los menores de 3 a\u00f1os de golpes de calor este verano. Consejos clave, hidrataci\u00f3n, s\u00edntomas de alerta y prevenci\u00f3n.\" \/>\n<meta property=\"og:url\" content=\"https:\/\/www.bezoya.es\/bebe-a-bordo\/blog-bab\/golpes-de-calor-ninos-menores-como-evitarlos-y-protegerlos\/\" \/>\n<meta property=\"og:site_name\" content=\"Agua mineral natural Bezoya\" \/>\n<meta property=\"article:published_time\" content=\"2025-07-29T16:53:17+00:00\" \/>\n<meta property=\"og:image\" content=\"https:\/\/www.bezoya.es\/bebe-a-bordo\/wp-content\/uploads\/2024\/06\/ahogamiento-infantiles.jpg\" \/>\n\t<meta property=\"og:image:width\" content=\"500\" \/>\n\t<meta property=\"og:image:height\" content=\"334\" \/>\n\t<meta property=\"og:image:type\" content=\"image\/jpeg\" \/>\n<meta name=\"author\" content=\"Beb\u00e9 a Bordo\" \/>\n<meta name=\"twitter:card\" content=\"summary_large_image\" \/>\n<meta name=\"twitter:label1\" content=\"Escrito por\" \/>\n\t<meta name=\"twitter:data1\" content=\"Beb\u00e9 a Bordo\" \/>\n\t<meta name=\"twitter:label2\" content=\"Tiempo de lectura\" \/>\n\t<meta name=\"twitter:data2\" content=\"5 minutos\" \/>\n<script type=\"application\/ld+json\" class=\"yoast-schema-graph\">{\"@context\":\"https:\/\/schema.org\",\"@graph\":[{\"@type\":\"Article\",\"@id\":\"https:\/\/www.bezoya.es\/bebe-a-bordo\/blog-bab\/golpes-de-calor-ninos-menores-como-evitarlos-y-protegerlos\/#article\",\"isPartOf\":{\"@id\":\"https:\/\/www.bezoya.es\/bebe-a-bordo\/blog-bab\/golpes-de-calor-ninos-menores-como-evitarlos-y-protegerlos\/\"},\"author\":{\"name\":\"Beb\u00e9 a Bordo\",\"@id\":\"https:\/\/www.bezoya.es\/bebe-a-bordo\/#\/schema\/person\/27f580841a0710199ed73bb8262c9de1\"},\"headline\":\"Golpes de calor en ni\u00f1os menores de 3 a\u00f1os: c\u00f3mo evitarlos y protegerlos\",\"datePublished\":\"2025-07-29T16:53:17+00:00\",\"mainEntityOfPage\":{\"@id\":\"https:\/\/www.bezoya.es\/bebe-a-bordo\/blog-bab\/golpes-de-calor-ninos-menores-como-evitarlos-y-protegerlos\/\"},\"wordCount\":753,\"commentCount\":0,\"image\":{\"@id\":\"https:\/\/www.bezoya.es\/bebe-a-bordo\/blog-bab\/golpes-de-calor-ninos-menores-como-evitarlos-y-protegerlos\/#primaryimage\"},\"thumbnailUrl\":\"https:\/\/www.bezoya.es\/bebe-a-bordo\/wp-content\/uploads\/2024\/06\/ahogamiento-infantiles.jpg\",\"articleSection\":[\"Blog Beb\u00e9 a Bordo\"],\"inLanguage\":\"es\",\"potentialAction\":[{\"@type\":\"CommentAction\",\"name\":\"Comment\",\"target\":[\"https:\/\/www.bezoya.es\/bebe-a-bordo\/blog-bab\/golpes-de-calor-ninos-menores-como-evitarlos-y-protegerlos\/#respond\"]}]},{\"@type\":\"WebPage\",\"@id\":\"https:\/\/www.bezoya.es\/bebe-a-bordo\/blog-bab\/golpes-de-calor-ninos-menores-como-evitarlos-y-protegerlos\/\",\"url\":\"https:\/\/www.bezoya.es\/bebe-a-bordo\/blog-bab\/golpes-de-calor-ninos-menores-como-evitarlos-y-protegerlos\/\",\"name\":\"Golpes de calor en ni\u00f1os menores de 3 a\u00f1os: c\u00f3mo evitarlos y protegerlos - Agua mineral natural Bezoya\",\"isPartOf\":{\"@id\":\"https:\/\/www.bezoya.es\/bebe-a-bordo\/#website\"},\"primaryImageOfPage\":{\"@id\":\"https:\/\/www.bezoya.es\/bebe-a-bordo\/blog-bab\/golpes-de-calor-ninos-menores-como-evitarlos-y-protegerlos\/#primaryimage\"},\"image\":{\"@id\":\"https:\/\/www.bezoya.es\/bebe-a-bordo\/blog-bab\/golpes-de-calor-ninos-menores-como-evitarlos-y-protegerlos\/#primaryimage\"},\"thumbnailUrl\":\"https:\/\/www.bezoya.es\/bebe-a-bordo\/wp-content\/uploads\/2024\/06\/ahogamiento-infantiles.jpg\",\"datePublished\":\"2025-07-29T16:53:17+00:00\",\"author\":{\"@id\":\"https:\/\/www.bezoya.es\/bebe-a-bordo\/#\/schema\/person\/27f580841a0710199ed73bb8262c9de1\"},\"description\":\"Descubre c\u00f3mo proteger a los menores de 3 a\u00f1os de golpes de calor este verano. Consejos clave, hidrataci\u00f3n, s\u00edntomas de alerta y prevenci\u00f3n.\",\"inLanguage\":\"es\",\"potentialAction\":[{\"@type\":\"ReadAction\",\"target\":[\"https:\/\/www.bezoya.es\/bebe-a-bordo\/blog-bab\/golpes-de-calor-ninos-menores-como-evitarlos-y-protegerlos\/\"]}]},{\"@type\":\"ImageObject\",\"inLanguage\":\"es\",\"@id\":\"https:\/\/www.bezoya.es\/bebe-a-bordo\/blog-bab\/golpes-de-calor-ninos-menores-como-evitarlos-y-protegerlos\/#primaryimage\",\"url\":\"https:\/\/www.bezoya.es\/bebe-a-bordo\/wp-content\/uploads\/2024\/06\/ahogamiento-infantiles.jpg\",\"contentUrl\":\"https:\/\/www.bezoya.es\/bebe-a-bordo\/wp-content\/uploads\/2024\/06\/ahogamiento-infantiles.jpg\",\"width\":500,\"height\":334,\"caption\":\"Golpes de calor\"},{\"@type\":\"WebSite\",\"@id\":\"https:\/\/www.bezoya.es\/bebe-a-bordo\/#website\",\"url\":\"https:\/\/www.bezoya.es\/bebe-a-bordo\/\",\"name\":\"Agua mineral natural Bezoya\",\"description\":\"El agua de mineralizaci\u00f3n muy d\u00e9bil\",\"potentialAction\":[{\"@type\":\"SearchAction\",\"target\":{\"@type\":\"EntryPoint\",\"urlTemplate\":\"https:\/\/www.bezoya.es\/bebe-a-bordo\/?s={search_term_string}\"},\"query-input\":{\"@type\":\"PropertyValueSpecification\",\"valueRequired\":true,\"valueName\":\"search_term_string\"}}],\"inLanguage\":\"es\"},{\"@type\":\"Person\",\"@id\":\"https:\/\/www.bezoya.es\/bebe-a-bordo\/#\/schema\/person\/27f580841a0710199ed73bb8262c9de1\",\"name\":\"Beb\u00e9 a Bordo\",\"image\":{\"@type\":\"ImageObject\",\"inLanguage\":\"es\",\"@id\":\"https:\/\/www.bezoya.es\/bebe-a-bordo\/#\/schema\/person\/image\/\",\"url\":\"https:\/\/secure.gravatar.com\/avatar\/0b0c609b63be1f5d579657e5afa8b15ebc59af1c9cca5c551ddcd2114a725785?s=96&d=mm&r=g\",\"contentUrl\":\"https:\/\/secure.gravatar.com\/avatar\/0b0c609b63be1f5d579657e5afa8b15ebc59af1c9cca5c551ddcd2114a725785?s=96&d=mm&r=g\",\"caption\":\"Beb\u00e9 a Bordo\"},\"description\":\"El baby coach de Bezoya que te acompa\u00f1a desde el embarazo, parto y postparto, hasta sus primeros pasos.\",\"url\":\"https:\/\/www.bezoya.es\/bebe-a-bordo\/author\/bebe-a-bordo\/\"}]}<\/script>\n<!-- \/ Yoast SEO plugin. -->","yoast_head_json":{"title":"Golpes de calor en ni\u00f1os menores de 3 a\u00f1os: c\u00f3mo evitarlos y protegerlos - Agua mineral natural Bezoya","description":"Descubre c\u00f3mo proteger a los menores de 3 a\u00f1os de golpes de calor este verano. Consejos clave, hidrataci\u00f3n, s\u00edntomas de alerta y prevenci\u00f3n.","robots":{"index":"index","follow":"follow","max-snippet":"max-snippet:-1","max-image-preview":"max-image-preview:large","max-video-preview":"max-video-preview:-1"},"canonical":"https:\/\/www.bezoya.es\/bebe-a-bordo\/blog-bab\/golpes-de-calor-ninos-menores-como-evitarlos-y-protegerlos\/","og_locale":"es_ES","og_type":"article","og_title":"Golpes de calor en ni\u00f1os menores de 3 a\u00f1os: c\u00f3mo evitarlos y protegerlos - Agua mineral natural Bezoya","og_description":"Descubre c\u00f3mo proteger a los menores de 3 a\u00f1os de golpes de calor este verano. Consejos clave, hidrataci\u00f3n, s\u00edntomas de alerta y prevenci\u00f3n.","og_url":"https:\/\/www.bezoya.es\/bebe-a-bordo\/blog-bab\/golpes-de-calor-ninos-menores-como-evitarlos-y-protegerlos\/","og_site_name":"Agua mineral natural Bezoya","article_published_time":"2025-07-29T16:53:17+00:00","og_image":[{"width":500,"height":334,"url":"https:\/\/www.bezoya.es\/bebe-a-bordo\/wp-content\/uploads\/2024\/06\/ahogamiento-infantiles.jpg","type":"image\/jpeg"}],"author":"Beb\u00e9 a Bordo","twitter_card":"summary_large_image","twitter_misc":{"Escrito por":"Beb\u00e9 a Bordo","Tiempo de lectura":"5 minutos"},"schema":{"@context":"https:\/\/schema.org","@graph":[{"@type":"Article","@id":"https:\/\/www.bezoya.es\/bebe-a-bordo\/blog-bab\/golpes-de-calor-ninos-menores-como-evitarlos-y-protegerlos\/#article","isPartOf":{"@id":"https:\/\/www.bezoya.es\/bebe-a-bordo\/blog-bab\/golpes-de-calor-ninos-menores-como-evitarlos-y-protegerlos\/"},"author":{"name":"Beb\u00e9 a Bordo","@id":"https:\/\/www.bezoya.es\/bebe-a-bordo\/#\/schema\/person\/27f580841a0710199ed73bb8262c9de1"},"headline":"Golpes de calor en ni\u00f1os menores de 3 a\u00f1os: c\u00f3mo evitarlos y protegerlos","datePublished":"2025-07-29T16:53:17+00:00","mainEntityOfPage":{"@id":"https:\/\/www.bezoya.es\/bebe-a-bordo\/blog-bab\/golpes-de-calor-ninos-menores-como-evitarlos-y-protegerlos\/"},"wordCount":753,"commentCount":0,"image":{"@id":"https:\/\/www.bezoya.es\/bebe-a-bordo\/blog-bab\/golpes-de-calor-ninos-menores-como-evitarlos-y-protegerlos\/#primaryimage"},"thumbnailUrl":"https:\/\/www.bezoya.es\/bebe-a-bordo\/wp-content\/uploads\/2024\/06\/ahogamiento-infantiles.jpg","articleSection":["Blog Beb\u00e9 a Bordo"],"inLanguage":"es","potentialAction":[{"@type":"CommentAction","name":"Comment","target":["https:\/\/www.bezoya.es\/bebe-a-bordo\/blog-bab\/golpes-de-calor-ninos-menores-como-evitarlos-y-protegerlos\/#respond"]}]},{"@type":"WebPage","@id":"https:\/\/www.bezoya.es\/bebe-a-bordo\/blog-bab\/golpes-de-calor-ninos-menores-como-evitarlos-y-protegerlos\/","url":"https:\/\/www.bezoya.es\/bebe-a-bordo\/blog-bab\/golpes-de-calor-ninos-menores-como-evitarlos-y-protegerlos\/","name":"Golpes de calor en ni\u00f1os menores de 3 a\u00f1os: c\u00f3mo evitarlos y protegerlos - Agua mineral natural Bezoya","isPartOf":{"@id":"https:\/\/www.bezoya.es\/bebe-a-bordo\/#website"},"primaryImageOfPage":{"@id":"https:\/\/www.bezoya.es\/bebe-a-bordo\/blog-bab\/golpes-de-calor-ninos-menores-como-evitarlos-y-protegerlos\/#primaryimage"},"image":{"@id":"https:\/\/www.bezoya.es\/bebe-a-bordo\/blog-bab\/golpes-de-calor-ninos-menores-como-evitarlos-y-protegerlos\/#primaryimage"},"thumbnailUrl":"https:\/\/www.bezoya.es\/bebe-a-bordo\/wp-content\/uploads\/2024\/06\/ahogamiento-infantiles.jpg","datePublished":"2025-07-29T16:53:17+00:00","author":{"@id":"https:\/\/www.bezoya.es\/bebe-a-bordo\/#\/schema\/person\/27f580841a0710199ed73bb8262c9de1"},"description":"Descubre c\u00f3mo proteger a los menores de 3 a\u00f1os de golpes de calor este verano. Consejos clave, hidrataci\u00f3n, s\u00edntomas de alerta y prevenci\u00f3n.","inLanguage":"es","potentialAction":[{"@type":"ReadAction","target":["https:\/\/www.bezoya.es\/bebe-a-bordo\/blog-bab\/golpes-de-calor-ninos-menores-como-evitarlos-y-protegerlos\/"]}]},{"@type":"ImageObject","inLanguage":"es","@id":"https:\/\/www.bezoya.es\/bebe-a-bordo\/blog-bab\/golpes-de-calor-ninos-menores-como-evitarlos-y-protegerlos\/#primaryimage","url":"https:\/\/www.bezoya.es\/bebe-a-bordo\/wp-content\/uploads\/2024\/06\/ahogamiento-infantiles.jpg","contentUrl":"https:\/\/www.bezoya.es\/bebe-a-bordo\/wp-content\/uploads\/2024\/06\/ahogamiento-infantiles.jpg","width":500,"height":334,"caption":"Golpes de calor"},{"@type":"WebSite","@id":"https:\/\/www.bezoya.es\/bebe-a-bordo\/#website","url":"https:\/\/www.bezoya.es\/bebe-a-bordo\/","name":"Agua mineral natural Bezoya","description":"El agua de mineralizaci\u00f3n muy d\u00e9bil","potentialAction":[{"@type":"SearchAction","target":{"@type":"EntryPoint","urlTemplate":"https:\/\/www.bezoya.es\/bebe-a-bordo\/?s={search_term_string}"},"query-input":{"@type":"PropertyValueSpecification","valueRequired":true,"valueName":"search_term_string"}}],"inLanguage":"es"},{"@type":"Person","@id":"https:\/\/www.bezoya.es\/bebe-a-bordo\/#\/schema\/person\/27f580841a0710199ed73bb8262c9de1","name":"Beb\u00e9 a Bordo","image":{"@type":"ImageObject","inLanguage":"es","@id":"https:\/\/www.bezoya.es\/bebe-a-bordo\/#\/schema\/person\/image\/","url":"https:\/\/secure.gravatar.com\/avatar\/0b0c609b63be1f5d579657e5afa8b15ebc59af1c9cca5c551ddcd2114a725785?s=96&d=mm&r=g","contentUrl":"https:\/\/secure.gravatar.com\/avatar\/0b0c609b63be1f5d579657e5afa8b15ebc59af1c9cca5c551ddcd2114a725785?s=96&d=mm&r=g","caption":"Beb\u00e9 a Bordo"},"description":"El baby coach de Bezoya que te acompa\u00f1a desde el embarazo, parto y postparto, hasta sus primeros pasos.","url":"https:\/\/www.bezoya.es\/bebe-a-bordo\/author\/bebe-a-bordo\/"}]}},"views":7579,"_links":{"self":[{"href":"https:\/\/www.bezoya.es\/bebe-a-bordo\/wp-json\/wp\/v2\/posts\/22008","targetHints":{"allow":["GET"]}}],"collection":[{"href":"https:\/\/www.bezoya.es\/bebe-a-bordo\/wp-json\/wp\/v2\/posts"}],"about":[{"href":"https:\/\/www.bezoya.es\/bebe-a-bordo\/wp-json\/wp\/v2\/types\/post"}],"author":[{"embeddable":true,"href":"https:\/\/www.bezoya.es\/bebe-a-bordo\/wp-json\/wp\/v2\/users\/119"}],"replies":[{"embeddable":true,"href":"https:\/\/www.bezoya.es\/bebe-a-bordo\/wp-json\/wp\/v2\/comments?post=22008"}],"version-history":[{"count":2,"href":"https:\/\/www.bezoya.es\/bebe-a-bordo\/wp-json\/wp\/v2\/posts\/22008\/revisions"}],"predecessor-version":[{"id":22014,"href":"https:\/\/www.bezoya.es\/bebe-a-bordo\/wp-json\/wp\/v2\/posts\/22008\/revisions\/22014"}],"wp:featuredmedia":[{"embeddable":true,"href":"https:\/\/www.bezoya.es\/bebe-a-bordo\/wp-json\/wp\/v2\/media\/21568"}],"wp:attachment":[{"href":"https:\/\/www.bezoya.es\/bebe-a-bordo\/wp-json\/wp\/v2\/media?parent=22008"}],"wp:term":[{"taxonomy":"category","embeddable":true,"href":"https:\/\/www.bezoya.es\/bebe-a-bordo\/wp-json\/wp\/v2\/categories?post=22008"},{"taxonomy":"post_tag","embeddable":true,"href":"https:\/\/www.bezoya.es\/bebe-a-bordo\/wp-json\/wp\/v2\/tags?post=22008"},{"taxonomy":"categoriabab","embeddable":true,"href":"https:\/\/www.bezoya.es\/bebe-a-bordo\/wp-json\/wp\/v2\/categoriabab?post=22008"},{"taxonomy":"palabra_clave","embeddable":true,"href":"https:\/\/www.bezoya.es\/bebe-a-bordo\/wp-json\/wp\/v2\/palabra_clave?post=22008"}],"curies":[{"name":"wp","href":"https:\/\/api.w.org\/{rel}","templated":true}]}}