{"id":21951,"date":"2025-04-29T18:02:42","date_gmt":"2025-04-29T16:02:42","guid":{"rendered":"https:\/\/www.bezoya.es\/bebe-a-bordo\/?p=21951"},"modified":"2025-06-18T12:24:10","modified_gmt":"2025-06-18T10:24:10","slug":"primeras-semanas-embarazo-sintomas-cuidados-cambios","status":"publish","type":"post","link":"https:\/\/www.bezoya.es\/bebe-a-bordo\/blog-bab\/primeras-semanas-embarazo-sintomas-cuidados-cambios\/","title":{"rendered":"Primeras semanas de embarazo: s\u00edntomas, cuidados y recomendaciones para tu bienestar"},"content":{"rendered":"<p><span style=\"font-weight: 400;\">Las primeras semanas de embarazo son un momento lleno de ilusi\u00f3n, dudas y cambios tanto f\u00edsicos como emocionales. Aunque muchas veces los s\u00edntomas iniciales pueden pasar desapercibidos, es fundamental conocer qu\u00e9 ocurre en tu cuerpo y c\u00f3mo cuidarte.<\/span><\/p>\n<p><span style=\"font-weight: 400;\">Si acabas de descubrir que est\u00e1s embarazada o sospechas que podr\u00edas estarlo, este art\u00edculo es para ti. <\/span><a href=\"https:\/\/www.bezoya.es\/bebe-a-bordo\"><span style=\"font-weight: 400;\">Beb\u00e9 a Bordo<\/span><\/a><span style=\"font-weight: 400;\">, el baby coach de <\/span><a href=\"https:\/\/www.bezoya.es\/\"><span style=\"font-weight: 400;\">Bezoya<\/span><\/a><span style=\"font-weight: 400;\">, te cuenta todo lo que necesitas saber sobre s\u00edntomas, cuidados y recomendaciones.<\/span><\/p>\n<p style=\"text-align: center;\"><img loading=\"lazy\" decoding=\"async\" class=\"alignnone wp-image-21954 size-full\" src=\"https:\/\/www.bezoya.es\/bebe-a-bordo\/wp-content\/uploads\/2025\/04\/Las-primeras-semanas-de-embarazo-son-fundamentales-para-el-desarrollo-del-bebe\u0301-y-la-salud-de-la-madre.jpg\" alt=\"Las primeras semanas de embarazo son fundamentales para el desarrollo del beb\u00e9 y la salud de la madre. \" width=\"1200\" height=\"627\" srcset=\"https:\/\/www.bezoya.es\/bebe-a-bordo\/wp-content\/uploads\/2025\/04\/Las-primeras-semanas-de-embarazo-son-fundamentales-para-el-desarrollo-del-bebe\u0301-y-la-salud-de-la-madre.jpg 1200w, https:\/\/www.bezoya.es\/bebe-a-bordo\/wp-content\/uploads\/2025\/04\/Las-primeras-semanas-de-embarazo-son-fundamentales-para-el-desarrollo-del-bebe\u0301-y-la-salud-de-la-madre-300x157.jpg 300w, https:\/\/www.bezoya.es\/bebe-a-bordo\/wp-content\/uploads\/2025\/04\/Las-primeras-semanas-de-embarazo-son-fundamentales-para-el-desarrollo-del-bebe\u0301-y-la-salud-de-la-madre-1024x535.jpg 1024w, https:\/\/www.bezoya.es\/bebe-a-bordo\/wp-content\/uploads\/2025\/04\/Las-primeras-semanas-de-embarazo-son-fundamentales-para-el-desarrollo-del-bebe\u0301-y-la-salud-de-la-madre-768x401.jpg 768w\" sizes=\"auto, (max-width: 1200px) 100vw, 1200px\" \/><\/p>\n<h2><b>5 s\u00edntomas comunes de las primeras semanas de embarazo<\/b><\/h2>\n<p><span style=\"font-weight: 400;\">Aunque cada mujer es diferente, te presentamos 5 s\u00edntomas pueden aparecer a partir de la tercera o cuarta semana de embarazo:<\/span><\/p>\n<ol>\n<li style=\"font-weight: 400;\" aria-level=\"1\"><b>Ausencia de menstruaci\u00f3n: <\/b><span style=\"font-weight: 400;\">Suele ser la primera se\u00f1al evidente de embarazo. Sin embargo, algunas mujeres pueden experimentar ligeros sangrados que se confunden con una menstruaci\u00f3n m\u00e1s leve.<\/span><\/li>\n<li style=\"font-weight: 400;\" aria-level=\"1\"><b>N\u00e1useas y v\u00f3mitos: <\/b><span style=\"font-weight: 400;\">Las famosas \u201cn\u00e1useas matutinas\u201d pueden comenzar en la cuarta o quinta semana, aunque pueden ocurrir en cualquier momento. Aunque son inc\u00f3modas, suelen desaparecer tras el <\/span><a href=\"https:\/\/www.bezoya.es\/bebe-a-bordo\/blog-bab\/consejos-para-afrontar-el-primer-trimestre-de-embarazo\/\"><span style=\"font-weight: 400;\">primer trimestre<\/span><\/a><span style=\"font-weight: 400;\">.<\/span><\/li>\n<li style=\"font-weight: 400;\" aria-level=\"1\"><b>Cansancio o fatiga: <\/b><span style=\"font-weight: 400;\">Es uno de los primeros s\u00edntomas, se debe a que el cuerpo est\u00e1 trabajando para formar la placenta y adaptarse al embarazo.<\/span><\/li>\n<li style=\"font-weight: 400;\" aria-level=\"1\"><b>Revisa tus senos: <\/b><span style=\"font-weight: 400;\">Los pechos pueden volverse m\u00e1s sensibles, o hinchados debido al aumento de las hormonas del embarazo. Tambi\u00e9n es com\u00fan notar que las areolas se oscurecen y aumentan de tama\u00f1o.\u00a0<\/span><\/li>\n<li style=\"font-weight: 400;\" aria-level=\"1\"><b>Calambres abdominales leves: <\/b><span style=\"font-weight: 400;\">Puedes sentir calambres parecidos a los premenstruales, aunque suelen ser leves.<\/span><\/li>\n<\/ol>\n<p style=\"text-align: center;\"><img loading=\"lazy\" decoding=\"async\" class=\"alignnone wp-image-21956 size-full\" src=\"https:\/\/www.bezoya.es\/bebe-a-bordo\/wp-content\/uploads\/2025\/04\/Ausencia-de-menstruacio\u0301n-na\u0301useas-cansancio-o-calambres-abdominales-son-algunos-si\u0301ntomas-de-las-primeras-semanas-de-embarazo.jpg\" alt=\"Ausencia de menstruaci\u00f3n, n\u00e1useas, cansancio o calambres abdominales son algunos s\u00edntomas de las primeras semanas de embarazo. \" width=\"1200\" height=\"627\" srcset=\"https:\/\/www.bezoya.es\/bebe-a-bordo\/wp-content\/uploads\/2025\/04\/Ausencia-de-menstruacio\u0301n-na\u0301useas-cansancio-o-calambres-abdominales-son-algunos-si\u0301ntomas-de-las-primeras-semanas-de-embarazo.jpg 1200w, https:\/\/www.bezoya.es\/bebe-a-bordo\/wp-content\/uploads\/2025\/04\/Ausencia-de-menstruacio\u0301n-na\u0301useas-cansancio-o-calambres-abdominales-son-algunos-si\u0301ntomas-de-las-primeras-semanas-de-embarazo-300x157.jpg 300w, https:\/\/www.bezoya.es\/bebe-a-bordo\/wp-content\/uploads\/2025\/04\/Ausencia-de-menstruacio\u0301n-na\u0301useas-cansancio-o-calambres-abdominales-son-algunos-si\u0301ntomas-de-las-primeras-semanas-de-embarazo-1024x535.jpg 1024w, https:\/\/www.bezoya.es\/bebe-a-bordo\/wp-content\/uploads\/2025\/04\/Ausencia-de-menstruacio\u0301n-na\u0301useas-cansancio-o-calambres-abdominales-son-algunos-si\u0301ntomas-de-las-primeras-semanas-de-embarazo-768x401.jpg 768w\" sizes=\"auto, (max-width: 1200px) 100vw, 1200px\" \/><\/p>\n<h2><b>Cuidados esenciales al inicio del embarazo<\/b><\/h2>\n<p><span style=\"font-weight: 400;\">Las primeras semanas de embarazo son fundamentales para el desarrollo del beb\u00e9 y la salud de la madre. Adoptar h\u00e1bitos saludables desde el inicio puede marcar una gran diferencia en el bienestar de ambos. A continuaci\u00f3n, te explicamos en detalle los cuidados m\u00e1s importantes:<\/span><\/p>\n<ul>\n<li style=\"font-weight: 400;\" aria-level=\"1\"><b>Alimentaci\u00f3n equilibrada: <\/b><span style=\"font-weight: 400;\">Durante el embarazo, tus necesidades nutricionales aumentan, ya que tu cuerpo trabaja para formar una nueva vida. Es fundamental seguir una dieta variada que incluya prote\u00ednas, frutas, verduras, cereales o calcio.<\/span><\/li>\n<li style=\"font-weight: 400;\" aria-level=\"1\"><b>No te olvides de beber agua: <\/b><a href=\"https:\/\/www.bezoya.es\/bebe-a-bordo\/blog-bab\/embarazo-hidratacion-por-que-bebo-tanta-agua\/\"><span style=\"font-weight: 400;\">La hidrataci\u00f3n es un aspecto fundamental durante el embarazo<\/span><\/a><span style=\"font-weight: 400;\">, especialmente en el primer trimestre, ya que aumentamos la ingesta de l\u00edquidos.<\/span><\/li>\n<li style=\"font-weight: 400;\" aria-level=\"1\"><b>\u00c1cido f\u00f3lico: <\/b><span style=\"font-weight: 400;\">El <\/span><a href=\"https:\/\/www.bezoya.es\/bebe-a-bordo\/blog-bab\/importancia-del-acido-folico-hierro-embarazo\/\"><span style=\"font-weight: 400;\">\u00e1cido f\u00f3lico<\/span><\/a><span style=\"font-weight: 400;\"> es una vitamina del grupo B indispensable durante el embarazo, especialmente en las primeras semanas.\u00a0<\/span><\/li>\n<li style=\"font-weight: 400;\" aria-level=\"1\"><b>Ejercicio moderado:<\/b> <a href=\"https:\/\/www.bezoya.es\/bebe-a-bordo\/blog-bab\/ejercicio-durante-el-embarazo\/\"><span style=\"font-weight: 400;\">Mantenerse activa durante el embarazo<\/span><\/a><span style=\"font-weight: 400;\"> aporta numerosos beneficios, como mejorar la circulaci\u00f3n, controlar el aumento de peso, reducir el estr\u00e9s o preparar el cuerpo para el parto.<\/span><\/li>\n<li style=\"font-weight: 400;\" aria-level=\"1\"><b>Control m\u00e9dico temprano: <\/b><span style=\"font-weight: 400;\">Agendar tu primera consulta prenatal lo antes posible es fundamental para detectar y prevenir posibles complicaciones, asegurando el mejor cuidado para ti y tu beb\u00e9 desde el principio.\u00a0<\/span><\/li>\n<\/ul>\n<p style=\"text-align: center;\"><img loading=\"lazy\" decoding=\"async\" class=\"alignnone wp-image-21955 size-full\" src=\"https:\/\/www.bezoya.es\/bebe-a-bordo\/wp-content\/uploads\/2025\/04\/El-a\u0301cido-fo\u0301lico-es-una-vitamina-del-grupo-B-indispensable-durante-el-embarazo.jpg\" alt=\"El \u00e1cido f\u00f3lico es una vitamina del grupo B indispensable durante las primeras semanas de embarazo. \" width=\"1200\" height=\"627\" srcset=\"https:\/\/www.bezoya.es\/bebe-a-bordo\/wp-content\/uploads\/2025\/04\/El-a\u0301cido-fo\u0301lico-es-una-vitamina-del-grupo-B-indispensable-durante-el-embarazo.jpg 1200w, https:\/\/www.bezoya.es\/bebe-a-bordo\/wp-content\/uploads\/2025\/04\/El-a\u0301cido-fo\u0301lico-es-una-vitamina-del-grupo-B-indispensable-durante-el-embarazo-300x157.jpg 300w, https:\/\/www.bezoya.es\/bebe-a-bordo\/wp-content\/uploads\/2025\/04\/El-a\u0301cido-fo\u0301lico-es-una-vitamina-del-grupo-B-indispensable-durante-el-embarazo-1024x535.jpg 1024w, https:\/\/www.bezoya.es\/bebe-a-bordo\/wp-content\/uploads\/2025\/04\/El-a\u0301cido-fo\u0301lico-es-una-vitamina-del-grupo-B-indispensable-durante-el-embarazo-768x401.jpg 768w\" sizes=\"auto, (max-width: 1200px) 100vw, 1200px\" \/><\/p>\n<h2><b>\u00bfQu\u00e9 cambios en tu cuerpo notar\u00e1s al comenzar el embarazo?<\/b><\/h2>\n<p><span style=\"font-weight: 400;\">Durante las primeras semanas, tu cuerpo experimenta una serie de transformaciones:<\/span><\/p>\n<ul>\n<li style=\"font-weight: 400;\" aria-level=\"1\"><b>Cambios en el volumen sangu\u00edneo: <\/b><span style=\"font-weight: 400;\">El cuerpo incrementa la cantidad de sangre para nutrir al embri\u00f3n y formar el l\u00edquido amni\u00f3tico.<\/span><\/li>\n<li style=\"font-weight: 400;\" aria-level=\"1\"><b>Cambios en los niveles de micci\u00f3n:<\/b><span style=\"font-weight: 400;\"> El \u00fatero empieza a crecer y puede presionar la vejiga, lo que te har\u00e1 sentir la necesidad de orinar con m\u00e1s frecuencia<\/span><\/li>\n<li style=\"font-weight: 400;\" aria-level=\"1\"><b>Cambios en el gusto y el olfato: <\/b><span style=\"font-weight: 400;\">Es posible que desarrolles aversi\u00f3n o antojos por ciertos alimentos, as\u00ed como mayor sensibilidad a los olores<\/span><\/li>\n<li style=\"font-weight: 400;\" aria-level=\"1\"><b>Cambios en el ritmo card\u00edaco:<\/b><span style=\"font-weight: 400;\"> El volumen y de gasto card\u00edaco aumentan para atender las nuevas demandas del cuerpo, lo que puede incrementar tu pulso<\/span><\/li>\n<li style=\"font-weight: 400;\" aria-level=\"1\"><b>Cambios de humor:<\/b><span style=\"font-weight: 400;\"> Las fluctuaciones hormonales pueden provocar cambios emocionales y de humor, desde irritabilidad hasta mayor sensibilidad emocional<\/span><\/li>\n<\/ul>\n<p style=\"text-align: center;\"><img loading=\"lazy\" decoding=\"async\" class=\"alignnone wp-image-21957 size-full\" src=\"https:\/\/www.bezoya.es\/bebe-a-bordo\/wp-content\/uploads\/2025\/04\/Durante-el-embarazo-hay-cambios-en-el-volumen-sangui\u0301neo-en-el-gusto-olfato-y-ritmo-cardi\u0301aco.jpg\" alt=\"Durante el embarazo hay cambios en el volumen sangu\u00edneo, en el gusto, olfato y ritmo card\u00edaco. \" width=\"1200\" height=\"627\" srcset=\"https:\/\/www.bezoya.es\/bebe-a-bordo\/wp-content\/uploads\/2025\/04\/Durante-el-embarazo-hay-cambios-en-el-volumen-sangui\u0301neo-en-el-gusto-olfato-y-ritmo-cardi\u0301aco.jpg 1200w, https:\/\/www.bezoya.es\/bebe-a-bordo\/wp-content\/uploads\/2025\/04\/Durante-el-embarazo-hay-cambios-en-el-volumen-sangui\u0301neo-en-el-gusto-olfato-y-ritmo-cardi\u0301aco-300x157.jpg 300w, https:\/\/www.bezoya.es\/bebe-a-bordo\/wp-content\/uploads\/2025\/04\/Durante-el-embarazo-hay-cambios-en-el-volumen-sangui\u0301neo-en-el-gusto-olfato-y-ritmo-cardi\u0301aco-1024x535.jpg 1024w, https:\/\/www.bezoya.es\/bebe-a-bordo\/wp-content\/uploads\/2025\/04\/Durante-el-embarazo-hay-cambios-en-el-volumen-sangui\u0301neo-en-el-gusto-olfato-y-ritmo-cardi\u0301aco-768x401.jpg 768w\" sizes=\"auto, (max-width: 1200px) 100vw, 1200px\" \/><\/p>\n<p><span style=\"font-weight: 400;\">\u00a1Recuerda! Estos s\u00edntomas pueden variar en intensidad y no todas las mujeres los experimentan de la misma manera. Ante la sospecha de embarazo, lo m\u00e1s recomendable es realizar una prueba y consultar con un profesional de salud.<\/span><\/p>\n","protected":false},"excerpt":{"rendered":"<p>Las primeras semanas de embarazo son un momento lleno de ilusi\u00f3n, dudas y cambios tanto f\u00edsicos como emocionales. Aunque muchas veces los s\u00edntomas iniciales pueden pasar desapercibidos, es fundamental conocer qu\u00e9 ocurre en tu cuerpo y c\u00f3mo cuidarte. Si acabas de descubrir que est\u00e1s embarazada o sospechas que podr\u00edas estarlo, este art\u00edculo es para ti. Beb\u00e9 a Bordo, el baby coach de Bezoya, te cuenta todo lo que necesitas saber sobre s\u00edntomas, cuidados y recomendaciones. 5 s\u00edntomas comunes de las primeras semanas de embarazo Aunque cada mujer es diferente, te presentamos 5 s\u00edntomas pueden aparecer a partir de la tercera &#8230;<\/p>\n","protected":false},"author":119,"featured_media":21952,"comment_status":"open","ping_status":"open","sticky":false,"template":"","format":"standard","meta":{"_acf_changed":false,"inline_featured_image":false,"footnotes":""},"categories":[7],"tags":[],"categoriabab":[673],"palabra_clave":[1098],"class_list":["post-21951","post","type-post","status-publish","format-standard","has-post-thumbnail","hentry","category-blog-bab","categoriabab-el-embarazo"],"acf":[],"yoast_head":"<!-- This site is optimized with the Yoast SEO plugin v27.1.1 - https:\/\/yoast.com\/product\/yoast-seo-wordpress\/ -->\n<title>Primeras semanas de embarazo: s\u00edntomas y cuidados esenciales<\/title>\n<meta name=\"description\" content=\"Descubre los s\u00edntomas y cuidados de las primeras semanas de embarazo. Aprende c\u00f3mo cuidarte y qu\u00e9 esperar en esta primera etapa.\" \/>\n<meta name=\"robots\" content=\"index, follow, max-snippet:-1, max-image-preview:large, max-video-preview:-1\" \/>\n<link rel=\"canonical\" href=\"https:\/\/www.bezoya.es\/bebe-a-bordo\/blog-bab\/primeras-semanas-embarazo-sintomas-cuidados-cambios\/\" \/>\n<meta property=\"og:locale\" content=\"es_ES\" \/>\n<meta property=\"og:type\" content=\"article\" \/>\n<meta property=\"og:title\" content=\"Primeras semanas de embarazo: s\u00edntomas y cuidados esenciales\" \/>\n<meta property=\"og:description\" content=\"Descubre los s\u00edntomas y cuidados de las primeras semanas de embarazo. Aprende c\u00f3mo cuidarte y qu\u00e9 esperar en esta primera etapa.\" \/>\n<meta property=\"og:url\" content=\"https:\/\/www.bezoya.es\/bebe-a-bordo\/blog-bab\/primeras-semanas-embarazo-sintomas-cuidados-cambios\/\" \/>\n<meta property=\"og:site_name\" content=\"Agua mineral natural Bezoya\" \/>\n<meta property=\"article:published_time\" content=\"2025-04-29T16:02:42+00:00\" \/>\n<meta property=\"article:modified_time\" content=\"2025-06-18T10:24:10+00:00\" \/>\n<meta property=\"og:image\" content=\"https:\/\/www.bezoya.es\/bebe-a-bordo\/wp-content\/uploads\/2025\/04\/primeras-semanas-de-embarazo.jpg\" \/>\n\t<meta property=\"og:image:width\" content=\"500\" \/>\n\t<meta property=\"og:image:height\" content=\"334\" \/>\n\t<meta property=\"og:image:type\" content=\"image\/jpeg\" \/>\n<meta name=\"author\" content=\"Beb\u00e9 a Bordo\" \/>\n<meta name=\"twitter:card\" content=\"summary_large_image\" \/>\n<meta name=\"twitter:label1\" content=\"Escrito por\" \/>\n\t<meta name=\"twitter:data1\" content=\"Beb\u00e9 a Bordo\" \/>\n\t<meta name=\"twitter:label2\" content=\"Tiempo de lectura\" \/>\n\t<meta name=\"twitter:data2\" content=\"4 minutos\" \/>\n<script type=\"application\/ld+json\" class=\"yoast-schema-graph\">{\"@context\":\"https:\/\/schema.org\",\"@graph\":[{\"@type\":\"Article\",\"@id\":\"https:\/\/www.bezoya.es\/bebe-a-bordo\/blog-bab\/primeras-semanas-embarazo-sintomas-cuidados-cambios\/#article\",\"isPartOf\":{\"@id\":\"https:\/\/www.bezoya.es\/bebe-a-bordo\/blog-bab\/primeras-semanas-embarazo-sintomas-cuidados-cambios\/\"},\"author\":{\"name\":\"Beb\u00e9 a Bordo\",\"@id\":\"https:\/\/www.bezoya.es\/bebe-a-bordo\/#\/schema\/person\/27f580841a0710199ed73bb8262c9de1\"},\"headline\":\"Primeras semanas de embarazo: s\u00edntomas, cuidados y recomendaciones para tu bienestar\",\"datePublished\":\"2025-04-29T16:02:42+00:00\",\"dateModified\":\"2025-06-18T10:24:10+00:00\",\"mainEntityOfPage\":{\"@id\":\"https:\/\/www.bezoya.es\/bebe-a-bordo\/blog-bab\/primeras-semanas-embarazo-sintomas-cuidados-cambios\/\"},\"wordCount\":655,\"commentCount\":0,\"image\":{\"@id\":\"https:\/\/www.bezoya.es\/bebe-a-bordo\/blog-bab\/primeras-semanas-embarazo-sintomas-cuidados-cambios\/#primaryimage\"},\"thumbnailUrl\":\"https:\/\/www.bezoya.es\/bebe-a-bordo\/wp-content\/uploads\/2025\/04\/primeras-semanas-de-embarazo.jpg\",\"articleSection\":[\"Blog Beb\u00e9 a Bordo\"],\"inLanguage\":\"es\",\"potentialAction\":[{\"@type\":\"CommentAction\",\"name\":\"Comment\",\"target\":[\"https:\/\/www.bezoya.es\/bebe-a-bordo\/blog-bab\/primeras-semanas-embarazo-sintomas-cuidados-cambios\/#respond\"]}]},{\"@type\":\"WebPage\",\"@id\":\"https:\/\/www.bezoya.es\/bebe-a-bordo\/blog-bab\/primeras-semanas-embarazo-sintomas-cuidados-cambios\/\",\"url\":\"https:\/\/www.bezoya.es\/bebe-a-bordo\/blog-bab\/primeras-semanas-embarazo-sintomas-cuidados-cambios\/\",\"name\":\"Primeras semanas de embarazo: s\u00edntomas y cuidados esenciales\",\"isPartOf\":{\"@id\":\"https:\/\/www.bezoya.es\/bebe-a-bordo\/#website\"},\"primaryImageOfPage\":{\"@id\":\"https:\/\/www.bezoya.es\/bebe-a-bordo\/blog-bab\/primeras-semanas-embarazo-sintomas-cuidados-cambios\/#primaryimage\"},\"image\":{\"@id\":\"https:\/\/www.bezoya.es\/bebe-a-bordo\/blog-bab\/primeras-semanas-embarazo-sintomas-cuidados-cambios\/#primaryimage\"},\"thumbnailUrl\":\"https:\/\/www.bezoya.es\/bebe-a-bordo\/wp-content\/uploads\/2025\/04\/primeras-semanas-de-embarazo.jpg\",\"datePublished\":\"2025-04-29T16:02:42+00:00\",\"dateModified\":\"2025-06-18T10:24:10+00:00\",\"author\":{\"@id\":\"https:\/\/www.bezoya.es\/bebe-a-bordo\/#\/schema\/person\/27f580841a0710199ed73bb8262c9de1\"},\"description\":\"Descubre los s\u00edntomas y cuidados de las primeras semanas de embarazo. Aprende c\u00f3mo cuidarte y qu\u00e9 esperar en esta primera etapa.\",\"inLanguage\":\"es\",\"potentialAction\":[{\"@type\":\"ReadAction\",\"target\":[\"https:\/\/www.bezoya.es\/bebe-a-bordo\/blog-bab\/primeras-semanas-embarazo-sintomas-cuidados-cambios\/\"]}]},{\"@type\":\"ImageObject\",\"inLanguage\":\"es\",\"@id\":\"https:\/\/www.bezoya.es\/bebe-a-bordo\/blog-bab\/primeras-semanas-embarazo-sintomas-cuidados-cambios\/#primaryimage\",\"url\":\"https:\/\/www.bezoya.es\/bebe-a-bordo\/wp-content\/uploads\/2025\/04\/primeras-semanas-de-embarazo.jpg\",\"contentUrl\":\"https:\/\/www.bezoya.es\/bebe-a-bordo\/wp-content\/uploads\/2025\/04\/primeras-semanas-de-embarazo.jpg\",\"width\":500,\"height\":334,\"caption\":\"Primeras semanas de embarazo: s\u00edntomas, cuidados y qu\u00e9 esperar\"},{\"@type\":\"WebSite\",\"@id\":\"https:\/\/www.bezoya.es\/bebe-a-bordo\/#website\",\"url\":\"https:\/\/www.bezoya.es\/bebe-a-bordo\/\",\"name\":\"Agua mineral natural Bezoya\",\"description\":\"El agua de mineralizaci\u00f3n muy d\u00e9bil\",\"potentialAction\":[{\"@type\":\"SearchAction\",\"target\":{\"@type\":\"EntryPoint\",\"urlTemplate\":\"https:\/\/www.bezoya.es\/bebe-a-bordo\/?s={search_term_string}\"},\"query-input\":{\"@type\":\"PropertyValueSpecification\",\"valueRequired\":true,\"valueName\":\"search_term_string\"}}],\"inLanguage\":\"es\"},{\"@type\":\"Person\",\"@id\":\"https:\/\/www.bezoya.es\/bebe-a-bordo\/#\/schema\/person\/27f580841a0710199ed73bb8262c9de1\",\"name\":\"Beb\u00e9 a Bordo\",\"image\":{\"@type\":\"ImageObject\",\"inLanguage\":\"es\",\"@id\":\"https:\/\/www.bezoya.es\/bebe-a-bordo\/#\/schema\/person\/image\/\",\"url\":\"https:\/\/secure.gravatar.com\/avatar\/0b0c609b63be1f5d579657e5afa8b15ebc59af1c9cca5c551ddcd2114a725785?s=96&d=mm&r=g\",\"contentUrl\":\"https:\/\/secure.gravatar.com\/avatar\/0b0c609b63be1f5d579657e5afa8b15ebc59af1c9cca5c551ddcd2114a725785?s=96&d=mm&r=g\",\"caption\":\"Beb\u00e9 a Bordo\"},\"description\":\"El baby coach de Bezoya que te acompa\u00f1a desde el embarazo, parto y postparto, hasta sus primeros pasos.\",\"url\":\"https:\/\/www.bezoya.es\/bebe-a-bordo\/author\/bebe-a-bordo\/\"}]}<\/script>\n<!-- \/ Yoast SEO plugin. -->","yoast_head_json":{"title":"Primeras semanas de embarazo: s\u00edntomas y cuidados esenciales","description":"Descubre los s\u00edntomas y cuidados de las primeras semanas de embarazo. Aprende c\u00f3mo cuidarte y qu\u00e9 esperar en esta primera etapa.","robots":{"index":"index","follow":"follow","max-snippet":"max-snippet:-1","max-image-preview":"max-image-preview:large","max-video-preview":"max-video-preview:-1"},"canonical":"https:\/\/www.bezoya.es\/bebe-a-bordo\/blog-bab\/primeras-semanas-embarazo-sintomas-cuidados-cambios\/","og_locale":"es_ES","og_type":"article","og_title":"Primeras semanas de embarazo: s\u00edntomas y cuidados esenciales","og_description":"Descubre los s\u00edntomas y cuidados de las primeras semanas de embarazo. Aprende c\u00f3mo cuidarte y qu\u00e9 esperar en esta primera etapa.","og_url":"https:\/\/www.bezoya.es\/bebe-a-bordo\/blog-bab\/primeras-semanas-embarazo-sintomas-cuidados-cambios\/","og_site_name":"Agua mineral natural Bezoya","article_published_time":"2025-04-29T16:02:42+00:00","article_modified_time":"2025-06-18T10:24:10+00:00","og_image":[{"width":500,"height":334,"url":"https:\/\/www.bezoya.es\/bebe-a-bordo\/wp-content\/uploads\/2025\/04\/primeras-semanas-de-embarazo.jpg","type":"image\/jpeg"}],"author":"Beb\u00e9 a Bordo","twitter_card":"summary_large_image","twitter_misc":{"Escrito por":"Beb\u00e9 a Bordo","Tiempo de lectura":"4 minutos"},"schema":{"@context":"https:\/\/schema.org","@graph":[{"@type":"Article","@id":"https:\/\/www.bezoya.es\/bebe-a-bordo\/blog-bab\/primeras-semanas-embarazo-sintomas-cuidados-cambios\/#article","isPartOf":{"@id":"https:\/\/www.bezoya.es\/bebe-a-bordo\/blog-bab\/primeras-semanas-embarazo-sintomas-cuidados-cambios\/"},"author":{"name":"Beb\u00e9 a Bordo","@id":"https:\/\/www.bezoya.es\/bebe-a-bordo\/#\/schema\/person\/27f580841a0710199ed73bb8262c9de1"},"headline":"Primeras semanas de embarazo: s\u00edntomas, cuidados y recomendaciones para tu bienestar","datePublished":"2025-04-29T16:02:42+00:00","dateModified":"2025-06-18T10:24:10+00:00","mainEntityOfPage":{"@id":"https:\/\/www.bezoya.es\/bebe-a-bordo\/blog-bab\/primeras-semanas-embarazo-sintomas-cuidados-cambios\/"},"wordCount":655,"commentCount":0,"image":{"@id":"https:\/\/www.bezoya.es\/bebe-a-bordo\/blog-bab\/primeras-semanas-embarazo-sintomas-cuidados-cambios\/#primaryimage"},"thumbnailUrl":"https:\/\/www.bezoya.es\/bebe-a-bordo\/wp-content\/uploads\/2025\/04\/primeras-semanas-de-embarazo.jpg","articleSection":["Blog Beb\u00e9 a Bordo"],"inLanguage":"es","potentialAction":[{"@type":"CommentAction","name":"Comment","target":["https:\/\/www.bezoya.es\/bebe-a-bordo\/blog-bab\/primeras-semanas-embarazo-sintomas-cuidados-cambios\/#respond"]}]},{"@type":"WebPage","@id":"https:\/\/www.bezoya.es\/bebe-a-bordo\/blog-bab\/primeras-semanas-embarazo-sintomas-cuidados-cambios\/","url":"https:\/\/www.bezoya.es\/bebe-a-bordo\/blog-bab\/primeras-semanas-embarazo-sintomas-cuidados-cambios\/","name":"Primeras semanas de embarazo: s\u00edntomas y cuidados esenciales","isPartOf":{"@id":"https:\/\/www.bezoya.es\/bebe-a-bordo\/#website"},"primaryImageOfPage":{"@id":"https:\/\/www.bezoya.es\/bebe-a-bordo\/blog-bab\/primeras-semanas-embarazo-sintomas-cuidados-cambios\/#primaryimage"},"image":{"@id":"https:\/\/www.bezoya.es\/bebe-a-bordo\/blog-bab\/primeras-semanas-embarazo-sintomas-cuidados-cambios\/#primaryimage"},"thumbnailUrl":"https:\/\/www.bezoya.es\/bebe-a-bordo\/wp-content\/uploads\/2025\/04\/primeras-semanas-de-embarazo.jpg","datePublished":"2025-04-29T16:02:42+00:00","dateModified":"2025-06-18T10:24:10+00:00","author":{"@id":"https:\/\/www.bezoya.es\/bebe-a-bordo\/#\/schema\/person\/27f580841a0710199ed73bb8262c9de1"},"description":"Descubre los s\u00edntomas y cuidados de las primeras semanas de embarazo. Aprende c\u00f3mo cuidarte y qu\u00e9 esperar en esta primera etapa.","inLanguage":"es","potentialAction":[{"@type":"ReadAction","target":["https:\/\/www.bezoya.es\/bebe-a-bordo\/blog-bab\/primeras-semanas-embarazo-sintomas-cuidados-cambios\/"]}]},{"@type":"ImageObject","inLanguage":"es","@id":"https:\/\/www.bezoya.es\/bebe-a-bordo\/blog-bab\/primeras-semanas-embarazo-sintomas-cuidados-cambios\/#primaryimage","url":"https:\/\/www.bezoya.es\/bebe-a-bordo\/wp-content\/uploads\/2025\/04\/primeras-semanas-de-embarazo.jpg","contentUrl":"https:\/\/www.bezoya.es\/bebe-a-bordo\/wp-content\/uploads\/2025\/04\/primeras-semanas-de-embarazo.jpg","width":500,"height":334,"caption":"Primeras semanas de embarazo: s\u00edntomas, cuidados y qu\u00e9 esperar"},{"@type":"WebSite","@id":"https:\/\/www.bezoya.es\/bebe-a-bordo\/#website","url":"https:\/\/www.bezoya.es\/bebe-a-bordo\/","name":"Agua mineral natural Bezoya","description":"El agua de mineralizaci\u00f3n muy d\u00e9bil","potentialAction":[{"@type":"SearchAction","target":{"@type":"EntryPoint","urlTemplate":"https:\/\/www.bezoya.es\/bebe-a-bordo\/?s={search_term_string}"},"query-input":{"@type":"PropertyValueSpecification","valueRequired":true,"valueName":"search_term_string"}}],"inLanguage":"es"},{"@type":"Person","@id":"https:\/\/www.bezoya.es\/bebe-a-bordo\/#\/schema\/person\/27f580841a0710199ed73bb8262c9de1","name":"Beb\u00e9 a Bordo","image":{"@type":"ImageObject","inLanguage":"es","@id":"https:\/\/www.bezoya.es\/bebe-a-bordo\/#\/schema\/person\/image\/","url":"https:\/\/secure.gravatar.com\/avatar\/0b0c609b63be1f5d579657e5afa8b15ebc59af1c9cca5c551ddcd2114a725785?s=96&d=mm&r=g","contentUrl":"https:\/\/secure.gravatar.com\/avatar\/0b0c609b63be1f5d579657e5afa8b15ebc59af1c9cca5c551ddcd2114a725785?s=96&d=mm&r=g","caption":"Beb\u00e9 a Bordo"},"description":"El baby coach de Bezoya que te acompa\u00f1a desde el embarazo, parto y postparto, hasta sus primeros pasos.","url":"https:\/\/www.bezoya.es\/bebe-a-bordo\/author\/bebe-a-bordo\/"}]}},"views":1227,"_links":{"self":[{"href":"https:\/\/www.bezoya.es\/bebe-a-bordo\/wp-json\/wp\/v2\/posts\/21951","targetHints":{"allow":["GET"]}}],"collection":[{"href":"https:\/\/www.bezoya.es\/bebe-a-bordo\/wp-json\/wp\/v2\/posts"}],"about":[{"href":"https:\/\/www.bezoya.es\/bebe-a-bordo\/wp-json\/wp\/v2\/types\/post"}],"author":[{"embeddable":true,"href":"https:\/\/www.bezoya.es\/bebe-a-bordo\/wp-json\/wp\/v2\/users\/119"}],"replies":[{"embeddable":true,"href":"https:\/\/www.bezoya.es\/bebe-a-bordo\/wp-json\/wp\/v2\/comments?post=21951"}],"version-history":[{"count":2,"href":"https:\/\/www.bezoya.es\/bebe-a-bordo\/wp-json\/wp\/v2\/posts\/21951\/revisions"}],"predecessor-version":[{"id":21959,"href":"https:\/\/www.bezoya.es\/bebe-a-bordo\/wp-json\/wp\/v2\/posts\/21951\/revisions\/21959"}],"wp:featuredmedia":[{"embeddable":true,"href":"https:\/\/www.bezoya.es\/bebe-a-bordo\/wp-json\/wp\/v2\/media\/21952"}],"wp:attachment":[{"href":"https:\/\/www.bezoya.es\/bebe-a-bordo\/wp-json\/wp\/v2\/media?parent=21951"}],"wp:term":[{"taxonomy":"category","embeddable":true,"href":"https:\/\/www.bezoya.es\/bebe-a-bordo\/wp-json\/wp\/v2\/categories?post=21951"},{"taxonomy":"post_tag","embeddable":true,"href":"https:\/\/www.bezoya.es\/bebe-a-bordo\/wp-json\/wp\/v2\/tags?post=21951"},{"taxonomy":"categoriabab","embeddable":true,"href":"https:\/\/www.bezoya.es\/bebe-a-bordo\/wp-json\/wp\/v2\/categoriabab?post=21951"},{"taxonomy":"palabra_clave","embeddable":true,"href":"https:\/\/www.bezoya.es\/bebe-a-bordo\/wp-json\/wp\/v2\/palabra_clave?post=21951"}],"curies":[{"name":"wp","href":"https:\/\/api.w.org\/{rel}","templated":true}]}}