{"id":21679,"date":"2024-11-03T10:48:24","date_gmt":"2024-11-03T08:48:24","guid":{"rendered":"https:\/\/www.bezoya.es\/bebe-a-bordo\/?p=21679"},"modified":"2024-11-04T17:16:09","modified_gmt":"2024-11-04T15:16:09","slug":"guia-completa-abrigar-vestir-bebe-otono-invierno","status":"publish","type":"post","link":"https:\/\/www.bezoya.es\/bebe-a-bordo\/blog-bab\/guia-completa-abrigar-vestir-bebe-otono-invierno\/","title":{"rendered":"\u00bfC\u00f3mo debo vestir a mi beb\u00e9? Gu\u00eda completa para abrigarlo en oto\u00f1o e invierno"},"content":{"rendered":"<p><span style=\"font-weight: 200;\">Con la llegada del oto\u00f1o y el invierno, muchos padres se preguntan <a href=\"https:\/\/www.bezoya.es\/bebe-a-bordo\/blog-bab\/como-y-cuanto-abrigar-un-recien-nacido\/\" target=\"_blank\" rel=\"noopener\"><strong>c\u00f3mo abrigar adecuadamente a sus beb\u00e9s<\/strong><\/a>. Esta pregunta, aparentemente sencilla y f\u00e1cil, pero c\u00f3mo abrigar a tu beb\u00e9 puede convertirse en una fuente de preocupaci\u00f3n.<\/span><\/p>\n<p><span style=\"font-weight: 200;\">Mantener a los peque\u00f1os de la casa con una<strong> temperatura adecuada<\/strong> es crucial para su salud y bienestar. Y es que <strong>abrigar adecuadamente a un beb\u00e9 no es cuesti\u00f3n de ponerle m\u00e1s ropa<\/strong>, sino que se trata de crear un buen equilibrio.\u00a0<\/span><\/p>\n<p><span style=\"font-weight: 200;\">En este art\u00edculo, de<a href=\"https:\/\/www.bezoya.es\/bebe-a-bordo\/\" target=\"_blank\" rel=\"noopener\"><strong> Beb\u00e9 a Bordo<\/strong><\/a>, el baby coach de <a href=\"https:\/\/www.bezoya.es\/\" target=\"_blank\" rel=\"noopener\">Bezoya<\/a>, te ofrecemos una gu\u00eda completa sobre c\u00f3mo abrigar a tu beb\u00e9, descubriendo la famosa regla de las capas y algunos trucos y consejos. <strong>\u00a1Sigue leyendo y convi\u00e9rtete en un maestro del abrigo infantil!<\/strong><\/span><\/p>\n<h2><b>La Regla de las Capas o c\u00f3mo abrigar a tu beb\u00e9 de forma efectiva<\/b><\/h2>\n<p><span style=\"font-weight: 200;\"><strong>La regla de las capas es una estrategia fundamenta<\/strong>l para abrigar a los beb\u00e9s. No solo ayuda a mantener a tu peque\u00f1o c\u00e1lido, sino que tambi\u00e9n permite ajustar su vestimenta al clima.<\/span><\/p>\n<p><span style=\"font-weight: 200;\">La regla de las capas consiste en <strong>vestir al beb\u00e9 con varias capas de ropa en lugar de una sola prenda muy gruesa o abrigosa<\/strong>. Vestirle de esta manera te ofrecer\u00e1 mayor flexibilidad, adaptabilidad y comodidad, ya que podr\u00e1s a\u00f1adir o quitar capas seg\u00fan sea necesario. <strong>Un truco para no fallar en esta t\u00e9cnica es que el beb\u00e9 lleve una capa m\u00e1s que el adulto<\/strong>.<\/span><\/p>\n<p><span style=\"font-weight: 200;\">Las capas recomendadas son:<\/span><\/p>\n<ol>\n<li style=\"font-weight: 200;\" aria-level=\"1\"><span style=\"font-weight: 200;\"><strong>Capa base:<\/strong> Un body o camiseta interior de algod\u00f3n.<\/span><\/li>\n<li style=\"font-weight: 200;\" aria-level=\"1\"><span style=\"font-weight: 200;\"><strong>Capa intermedia:<\/strong> Un jersey o sudadera ligera.<\/span><\/li>\n<li style=\"font-weight: 200;\" aria-level=\"1\"><span style=\"font-weight: 200;\"><strong>Capa exterior:<\/strong> Un abrigo o chaqueta adecuada para el clima.<\/span><\/li>\n<li style=\"font-weight: 200;\" aria-level=\"1\"><span style=\"font-weight: 200;\"><strong>\u00a1Extra!<\/strong> Para los reci\u00e9n nacidos se recomienda a\u00f1adir una capa adicional, ya que su sistema de termorregulaci\u00f3n a\u00fan se est\u00e1 desarrollando.<\/span><\/li>\n<\/ol>\n<p><img loading=\"lazy\" decoding=\"async\" class=\"wp-image-21680 size-large aligncenter\" src=\"https:\/\/www.bezoya.es\/bebe-a-bordo\/wp-content\/uploads\/2024\/10\/regla-de-las-capas-bebe-invierno-1024x535.jpg\" alt=\"La \u201cregla de las capas\u201d consiste en vestir al beb\u00e9 con varias capas de ropa en lugar de una sola prenda muy gruesa o abrigosa. \" width=\"640\" height=\"334\" srcset=\"https:\/\/www.bezoya.es\/bebe-a-bordo\/wp-content\/uploads\/2024\/10\/regla-de-las-capas-bebe-invierno-1024x535.jpg 1024w, https:\/\/www.bezoya.es\/bebe-a-bordo\/wp-content\/uploads\/2024\/10\/regla-de-las-capas-bebe-invierno-300x157.jpg 300w, https:\/\/www.bezoya.es\/bebe-a-bordo\/wp-content\/uploads\/2024\/10\/regla-de-las-capas-bebe-invierno-768x401.jpg 768w, https:\/\/www.bezoya.es\/bebe-a-bordo\/wp-content\/uploads\/2024\/10\/regla-de-las-capas-bebe-invierno.jpg 1200w\" sizes=\"auto, (max-width: 640px) 100vw, 640px\" \/><\/p>\n<h2><b>\u00a1Protege y abriga siempre las zonas m\u00e1s sensibles de tu beb\u00e9!<\/b><\/h2>\n<p><span style=\"font-weight: 200;\">Es crucial prestar especial atenci\u00f3n a<strong> las zonas m\u00e1s sensibles al fr\u00edo<\/strong>, estas \u00e1reas requieren protecci\u00f3n adicional para mantener al beb\u00e9 c\u00f3modo y seguro.\u00a0<\/span><\/p>\n<ul>\n<li style=\"font-weight: 200;\" aria-level=\"1\"><span style=\"font-weight: 200;\"><strong>Cabeza<\/strong>: La cabeza de los beb\u00e9s es una zona que pierde calor r\u00e1pidamente, por ello usa gorro suave, nunca apretado, de algod\u00f3n o lana.<\/span><\/li>\n<li style=\"font-weight: 200;\" aria-level=\"1\"><span style=\"font-weight: 200;\"><strong>Cuello<\/strong>: Para mantenerlo abrigado, usa cuellos altos en los jerseys o bodies. Tambi\u00e9n puedes a\u00f1adir bufandas suaves si tu beb\u00e9 ya es m\u00e1s mayor.<\/span><\/li>\n<li style=\"font-weight: 200;\" aria-level=\"1\"><span style=\"font-weight: 200;\"><strong>Manos<\/strong>: Las manos de nuestros beb\u00e9s se pueden enfriar f\u00e1cilmente, para evitarlo ponle manoplas de materiales suaves y c\u00e1lidos, como lana o forrito polar.\u00a0<\/span><\/li>\n<li style=\"font-weight: 200;\" aria-level=\"1\"><span style=\"font-weight: 200;\"><strong>Pies<\/strong>: Usad calcetines gruesos o patucos si el beb\u00e9 a\u00fan es muy peque\u00f1o.\u00a0<\/span><\/li>\n<li style=\"font-weight: 200;\" aria-level=\"1\"><span style=\"font-weight: 200;\"><strong>Pecho y espalda<\/strong>: La mejor opci\u00f3n son bodies o camisetas interiores de algod\u00f3n como capa base. A partir de ah\u00ed puedes a\u00f1adir jerseys, sudaderas\u2026\u00a0<\/span><\/li>\n<\/ul>\n<p style=\"text-align: center;\"><img loading=\"lazy\" decoding=\"async\" class=\"alignnone wp-image-21681 size-large\" src=\"https:\/\/www.bezoya.es\/bebe-a-bordo\/wp-content\/uploads\/2024\/10\/zonas-sensibles-frio-bebe-1024x535.jpg\" alt=\"Cabeza, cuello, manos, pies y pecho son zonas sensibles de tu beb\u00e9 que requieren m\u00e1s protecci\u00f3n contra el fr\u00edo. \" width=\"640\" height=\"334\" srcset=\"https:\/\/www.bezoya.es\/bebe-a-bordo\/wp-content\/uploads\/2024\/10\/zonas-sensibles-frio-bebe-1024x535.jpg 1024w, https:\/\/www.bezoya.es\/bebe-a-bordo\/wp-content\/uploads\/2024\/10\/zonas-sensibles-frio-bebe-300x157.jpg 300w, https:\/\/www.bezoya.es\/bebe-a-bordo\/wp-content\/uploads\/2024\/10\/zonas-sensibles-frio-bebe-768x401.jpg 768w, https:\/\/www.bezoya.es\/bebe-a-bordo\/wp-content\/uploads\/2024\/10\/zonas-sensibles-frio-bebe.jpg 1200w\" sizes=\"auto, (max-width: 640px) 100vw, 640px\" \/><\/p>\n<h2><b>\u00bfC\u00f3mo s\u00e9 si mi beb\u00e9 est\u00e1 demasiado abrigado?\u00a0<\/b><\/h2>\n<p><span style=\"font-weight: 200;\"><strong>Es crucial evitar el sobrecalentamiento<\/strong>, ya que puede ser tan perjudicial como el fr\u00edo. Algunas se\u00f1ales de que tu beb\u00e9 est\u00e1 demasiado abrigado incluyen: <strong>sudoraci\u00f3n, mejillas muy rojas, piel caliente al tacto, irritabilidad, respiraci\u00f3n r\u00e1pida\u2026<\/strong><\/span><\/p>\n<p><span style=\"font-weight: 200;\">Para evitarlo, recuerda vestir a tu beb\u00e9 por capas, c\u00f3mo hemos ense\u00f1ado anteriormente, para<strong> ir adaptando su vestimenta a las diferentes situaciones<\/strong>. Y recuerda, observa siempre a tu beb\u00e9 para identificar cualquier detalle y actuar.\u00a0<\/span><\/p>\n<p style=\"text-align: center;\"><img loading=\"lazy\" decoding=\"async\" class=\"alignnone wp-image-21682 size-large\" src=\"https:\/\/www.bezoya.es\/bebe-a-bordo\/wp-content\/uploads\/2024\/10\/sobreabrigacion-sintomas-bebes-1024x535.jpg\" alt=\"Sudoraci\u00f3n, respiraci\u00f3n r\u00e1pida o mejillas muy rojas son indicadores de sobreabrigaci\u00f3n en tu beb\u00e9 \" width=\"640\" height=\"334\" srcset=\"https:\/\/www.bezoya.es\/bebe-a-bordo\/wp-content\/uploads\/2024\/10\/sobreabrigacion-sintomas-bebes-1024x535.jpg 1024w, https:\/\/www.bezoya.es\/bebe-a-bordo\/wp-content\/uploads\/2024\/10\/sobreabrigacion-sintomas-bebes-300x157.jpg 300w, https:\/\/www.bezoya.es\/bebe-a-bordo\/wp-content\/uploads\/2024\/10\/sobreabrigacion-sintomas-bebes-768x401.jpg 768w, https:\/\/www.bezoya.es\/bebe-a-bordo\/wp-content\/uploads\/2024\/10\/sobreabrigacion-sintomas-bebes.jpg 1200w\" sizes=\"auto, (max-width: 640px) 100vw, 640px\" \/><\/p>\n<h2><b>Trucos y consejos \u00fatiles para abrigar a tu beb\u00e9<\/b><\/h2>\n<p><span style=\"font-weight: 200;\">Adem\u00e1s de todo lo que hemos ido explicando en nuestro art\u00edculo, te dejamos algunos <strong>trucos adicionales<\/strong> para que no se te pase ning\u00fan detalle:\u00a0\u00a0<\/span><\/p>\n<ul>\n<li style=\"font-weight: 200;\" aria-level=\"1\"><span style=\"font-weight: 200;\"><strong>Usa ropa de materiales naturales<\/strong> como algod\u00f3n o lana, que permiten la transpiraci\u00f3n.<\/span><\/li>\n<li style=\"font-weight: 200;\" aria-level=\"1\"><span style=\"font-weight: 200;\"><strong>Ajusta el abrigo seg\u00fan la actividad<\/strong>: si el beb\u00e9 va a estar en el cochecito, necesitar\u00e1 m\u00e1s abrigo que si lo llevas en portabeb\u00e9s.<\/span><\/li>\n<li style=\"font-weight: 200;\" aria-level=\"1\"><span style=\"font-weight: 200;\">Mant\u00e9n la <strong>temperatura de su habitaci\u00f3n<\/strong> entre 20-22\u00b0C durante el d\u00eda y alrededor de 18\u00b0C por la noche.<\/span><\/li>\n<li style=\"font-weight: 200;\" aria-level=\"1\"><span style=\"font-weight: 200;\">Para dormir, <strong>usa un saco de dormir adecuado<\/strong> a la temperatura de la habitaci\u00f3n en lugar de mantas sueltas y evita abrigarlo en exceso.\u00a0<\/span><\/li>\n<li style=\"font-weight: 200;\" aria-level=\"1\"><span style=\"font-weight: 200;\"><strong>Quita capas de ropa al entrar en lugares c\u00e1lidos<\/strong> para evitar el sobrecalentamiento.<\/span><\/li>\n<li style=\"font-weight: 200;\" aria-level=\"1\"><span style=\"font-weight: 200;\">Si viaj\u00e1is en coche, no uses abrigos gruesos bajo el arn\u00e9s de la silla, ya que puede ser peligroso para tu beb\u00e9. Lo mejor es optar siempre por <strong>mantas o sacos especiales para sillas de coche<\/strong> que se colocan por encima del arn\u00e9s.<\/span><\/li>\n<\/ul>\n<h2 style=\"text-align: center;\"><img loading=\"lazy\" decoding=\"async\" class=\"alignnone wp-image-21683 size-large\" src=\"https:\/\/www.bezoya.es\/bebe-a-bordo\/wp-content\/uploads\/2024\/10\/viajar-invierno-bebes-recomendaciones-1024x535.jpg\" alt=\"Si hace fr\u00edo y viajas en coche con tu beb\u00e9, NO le pongas abrigos gruesos bajo el arn\u00e9s de la silla. \u00a1Usa mantitas o sacos especiales! \" width=\"640\" height=\"334\" srcset=\"https:\/\/www.bezoya.es\/bebe-a-bordo\/wp-content\/uploads\/2024\/10\/viajar-invierno-bebes-recomendaciones-1024x535.jpg 1024w, https:\/\/www.bezoya.es\/bebe-a-bordo\/wp-content\/uploads\/2024\/10\/viajar-invierno-bebes-recomendaciones-300x157.jpg 300w, https:\/\/www.bezoya.es\/bebe-a-bordo\/wp-content\/uploads\/2024\/10\/viajar-invierno-bebes-recomendaciones-768x401.jpg 768w, https:\/\/www.bezoya.es\/bebe-a-bordo\/wp-content\/uploads\/2024\/10\/viajar-invierno-bebes-recomendaciones.jpg 1200w\" sizes=\"auto, (max-width: 640px) 100vw, 640px\" \/><\/h2>\n<h2><b>Beneficios de pasear con tu beb\u00e9 aunque haga fr\u00edo<\/b><\/h2>\n<p><span style=\"font-weight: 200;\">Aunque pueda parecer lo m\u00e1s seguro quedarse en casa durante los meses m\u00e1s fr\u00edos, <strong>salir a pasear con tu beb\u00e9 en oto\u00f1o e invierno ofrece numerosos beneficios tanto para el peque\u00f1o como para los padres<\/strong>. \u00a1Y es que, siempre que tu beb\u00e9 est\u00e9 adecuadamente abrigado, estos paseos ser\u00e1n una gran experiencia para todos!<\/span><\/p>\n<p><span style=\"font-weight: 200;\">Estos peque\u00f1os o largos paseos en familia junto a tu beb\u00e9 ayudar\u00e1 a su <strong>estimulaci\u00f3n sensorial<\/strong> o traer\u00e1 grandes <strong>oportunidades de socializaci\u00f3<\/strong>n. Y recuerda llevar siempre una botella de <strong>agua<\/strong> contigo, puedes seleccionar formatos pr\u00e1cticos como los de \u201con the go\u201d de Agua de Mineralizaci\u00f3n Muy D\u00e9bil de <a href=\"https:\/\/www.bezoya.es\" target=\"_blank\" rel=\"noopener\">Bezoya<\/a>, para <a href=\"https:\/\/www.bezoya.es\/bebe-a-bordo\/blog-bab\/cuando-como-que-cantidad-de-agua-necesitan-tomar-los-bebes\/\" target=\"_blank\" rel=\"noopener\">cuidar la hidrataci\u00f3n de toda tu familia<\/a> en cada una de las salidas.\u00a0<\/span><\/p>\n<p><span style=\"font-weight: 200;\">C\u00f3mo has visto a lo largo del art\u00edculo, <strong>abrigar correctamente a tu beb\u00e9 en oto\u00f1o e invierno no es complicado<\/strong>. Recuerda, sigue estas pautas y consejos para mantenerlo abrigado y contribuir a su salud y bienestar en estas estaciones m\u00e1s fr\u00edas.\u00a0<\/span><\/p>\n<p><span style=\"font-weight: 200;\">Y, como siempre decimos, <strong>recuerda que cada beb\u00e9 es diferente, as\u00ed que observa y ajusta seg\u00fan sus necesidades<\/strong>. Si quieres saber m\u00e1s sobre la crianza de tu beb\u00e9, puedes seguir navegando por los <a href=\"https:\/\/www.bezoya.es\/bebe-a-bordo\/blog-bab\/\" target=\"_blank\" rel=\"noopener\">blogs de Beb\u00e9 a Bordo<\/a>.\u00a0<\/span><\/p>\n","protected":false},"excerpt":{"rendered":"<p>Con la llegada del oto\u00f1o y el invierno, muchos padres se preguntan c\u00f3mo abrigar adecuadamente a sus beb\u00e9s. Esta pregunta, aparentemente sencilla y f\u00e1cil, pero c\u00f3mo abrigar a tu beb\u00e9 puede convertirse en una fuente de preocupaci\u00f3n. Mantener a los peque\u00f1os de la casa con una temperatura adecuada es crucial para su salud y bienestar. Y es que abrigar adecuadamente a un beb\u00e9 no es cuesti\u00f3n de ponerle m\u00e1s ropa, sino que se trata de crear un buen equilibrio.\u00a0 En este art\u00edculo, de Beb\u00e9 a Bordo, el baby coach de Bezoya, te ofrecemos una gu\u00eda completa sobre c\u00f3mo abrigar a &#8230;<\/p>\n","protected":false},"author":119,"featured_media":21684,"comment_status":"open","ping_status":"open","sticky":false,"template":"","format":"standard","meta":{"_acf_changed":false,"inline_featured_image":false,"footnotes":""},"categories":[7],"tags":[],"categoriabab":[674,675],"palabra_clave":[1079],"class_list":["post-21679","post","type-post","status-publish","format-standard","has-post-thumbnail","hentry","category-blog-bab","categoriabab-parto-y-posparto","categoriabab-crianza-hasta-los-2-anos"],"acf":[],"yoast_head":"<!-- This site is optimized with the Yoast SEO plugin v27.1.1 - https:\/\/yoast.com\/product\/yoast-seo-wordpress\/ -->\n<title>\u00bfC\u00f3mo abrigar a tu beb\u00e9? Gu\u00eda completa para vestir en oto\u00f1o e invierno<\/title>\n<meta name=\"description\" content=\"\u00bfNo sabes c\u00f3mo abrigar a tu beb\u00e9 en invierno? Lee nuestros consejos, usa la regla de las capas o conoce los s\u00edntomas de la sobreabrigaci\u00f3n\" \/>\n<meta name=\"robots\" content=\"index, follow, max-snippet:-1, max-image-preview:large, max-video-preview:-1\" \/>\n<link rel=\"canonical\" href=\"https:\/\/www.bezoya.es\/bebe-a-bordo\/blog-bab\/guia-completa-abrigar-vestir-bebe-otono-invierno\/\" \/>\n<meta property=\"og:locale\" content=\"es_ES\" \/>\n<meta property=\"og:type\" content=\"article\" \/>\n<meta property=\"og:title\" content=\"\u00bfC\u00f3mo abrigar a tu beb\u00e9? Gu\u00eda completa para vestir en oto\u00f1o e invierno\" \/>\n<meta property=\"og:description\" content=\"\u00bfNo sabes c\u00f3mo abrigar a tu beb\u00e9 en invierno? Lee nuestros consejos, usa la regla de las capas o conoce los s\u00edntomas de la sobreabrigaci\u00f3n\" \/>\n<meta property=\"og:url\" content=\"https:\/\/www.bezoya.es\/bebe-a-bordo\/blog-bab\/guia-completa-abrigar-vestir-bebe-otono-invierno\/\" \/>\n<meta property=\"og:site_name\" content=\"Agua mineral natural Bezoya\" \/>\n<meta property=\"article:published_time\" content=\"2024-11-03T08:48:24+00:00\" \/>\n<meta property=\"article:modified_time\" content=\"2024-11-04T15:16:09+00:00\" \/>\n<meta property=\"og:image\" content=\"https:\/\/www.bezoya.es\/bebe-a-bordo\/wp-content\/uploads\/2024\/10\/gui\u0301a-completa-de-co\u0301mo-abrigar-a-tu-bebe\u0301-en-oton\u0303o-e-invierno.jpg\" \/>\n\t<meta property=\"og:image:width\" content=\"500\" \/>\n\t<meta property=\"og:image:height\" content=\"334\" \/>\n\t<meta property=\"og:image:type\" content=\"image\/jpeg\" \/>\n<meta name=\"author\" content=\"Beb\u00e9 a Bordo\" \/>\n<meta name=\"twitter:card\" content=\"summary_large_image\" \/>\n<meta name=\"twitter:label1\" content=\"Escrito por\" \/>\n\t<meta name=\"twitter:data1\" content=\"Beb\u00e9 a Bordo\" \/>\n\t<meta name=\"twitter:label2\" content=\"Tiempo de lectura\" \/>\n\t<meta name=\"twitter:data2\" content=\"5 minutos\" \/>\n<script type=\"application\/ld+json\" class=\"yoast-schema-graph\">{\"@context\":\"https:\/\/schema.org\",\"@graph\":[{\"@type\":\"Article\",\"@id\":\"https:\/\/www.bezoya.es\/bebe-a-bordo\/blog-bab\/guia-completa-abrigar-vestir-bebe-otono-invierno\/#article\",\"isPartOf\":{\"@id\":\"https:\/\/www.bezoya.es\/bebe-a-bordo\/blog-bab\/guia-completa-abrigar-vestir-bebe-otono-invierno\/\"},\"author\":{\"name\":\"Beb\u00e9 a Bordo\",\"@id\":\"https:\/\/www.bezoya.es\/bebe-a-bordo\/#\/schema\/person\/27f580841a0710199ed73bb8262c9de1\"},\"headline\":\"\u00bfC\u00f3mo debo vestir a mi beb\u00e9? Gu\u00eda completa para abrigarlo en oto\u00f1o e invierno\",\"datePublished\":\"2024-11-03T08:48:24+00:00\",\"dateModified\":\"2024-11-04T15:16:09+00:00\",\"mainEntityOfPage\":{\"@id\":\"https:\/\/www.bezoya.es\/bebe-a-bordo\/blog-bab\/guia-completa-abrigar-vestir-bebe-otono-invierno\/\"},\"wordCount\":991,\"commentCount\":0,\"image\":{\"@id\":\"https:\/\/www.bezoya.es\/bebe-a-bordo\/blog-bab\/guia-completa-abrigar-vestir-bebe-otono-invierno\/#primaryimage\"},\"thumbnailUrl\":\"https:\/\/www.bezoya.es\/bebe-a-bordo\/wp-content\/uploads\/2024\/10\/gui\u0301a-completa-de-co\u0301mo-abrigar-a-tu-bebe\u0301-en-oton\u0303o-e-invierno.jpg\",\"articleSection\":[\"Blog Beb\u00e9 a Bordo\"],\"inLanguage\":\"es\",\"potentialAction\":[{\"@type\":\"CommentAction\",\"name\":\"Comment\",\"target\":[\"https:\/\/www.bezoya.es\/bebe-a-bordo\/blog-bab\/guia-completa-abrigar-vestir-bebe-otono-invierno\/#respond\"]}]},{\"@type\":\"WebPage\",\"@id\":\"https:\/\/www.bezoya.es\/bebe-a-bordo\/blog-bab\/guia-completa-abrigar-vestir-bebe-otono-invierno\/\",\"url\":\"https:\/\/www.bezoya.es\/bebe-a-bordo\/blog-bab\/guia-completa-abrigar-vestir-bebe-otono-invierno\/\",\"name\":\"\u00bfC\u00f3mo abrigar a tu beb\u00e9? Gu\u00eda completa para vestir en oto\u00f1o e invierno\",\"isPartOf\":{\"@id\":\"https:\/\/www.bezoya.es\/bebe-a-bordo\/#website\"},\"primaryImageOfPage\":{\"@id\":\"https:\/\/www.bezoya.es\/bebe-a-bordo\/blog-bab\/guia-completa-abrigar-vestir-bebe-otono-invierno\/#primaryimage\"},\"image\":{\"@id\":\"https:\/\/www.bezoya.es\/bebe-a-bordo\/blog-bab\/guia-completa-abrigar-vestir-bebe-otono-invierno\/#primaryimage\"},\"thumbnailUrl\":\"https:\/\/www.bezoya.es\/bebe-a-bordo\/wp-content\/uploads\/2024\/10\/gui\u0301a-completa-de-co\u0301mo-abrigar-a-tu-bebe\u0301-en-oton\u0303o-e-invierno.jpg\",\"datePublished\":\"2024-11-03T08:48:24+00:00\",\"dateModified\":\"2024-11-04T15:16:09+00:00\",\"author\":{\"@id\":\"https:\/\/www.bezoya.es\/bebe-a-bordo\/#\/schema\/person\/27f580841a0710199ed73bb8262c9de1\"},\"description\":\"\u00bfNo sabes c\u00f3mo abrigar a tu beb\u00e9 en invierno? Lee nuestros consejos, usa la regla de las capas o conoce los s\u00edntomas de la sobreabrigaci\u00f3n\",\"inLanguage\":\"es\",\"potentialAction\":[{\"@type\":\"ReadAction\",\"target\":[\"https:\/\/www.bezoya.es\/bebe-a-bordo\/blog-bab\/guia-completa-abrigar-vestir-bebe-otono-invierno\/\"]}]},{\"@type\":\"ImageObject\",\"inLanguage\":\"es\",\"@id\":\"https:\/\/www.bezoya.es\/bebe-a-bordo\/blog-bab\/guia-completa-abrigar-vestir-bebe-otono-invierno\/#primaryimage\",\"url\":\"https:\/\/www.bezoya.es\/bebe-a-bordo\/wp-content\/uploads\/2024\/10\/gui\u0301a-completa-de-co\u0301mo-abrigar-a-tu-bebe\u0301-en-oton\u0303o-e-invierno.jpg\",\"contentUrl\":\"https:\/\/www.bezoya.es\/bebe-a-bordo\/wp-content\/uploads\/2024\/10\/gui\u0301a-completa-de-co\u0301mo-abrigar-a-tu-bebe\u0301-en-oton\u0303o-e-invierno.jpg\",\"width\":500,\"height\":334},{\"@type\":\"WebSite\",\"@id\":\"https:\/\/www.bezoya.es\/bebe-a-bordo\/#website\",\"url\":\"https:\/\/www.bezoya.es\/bebe-a-bordo\/\",\"name\":\"Agua mineral natural Bezoya\",\"description\":\"El agua de mineralizaci\u00f3n muy d\u00e9bil\",\"potentialAction\":[{\"@type\":\"SearchAction\",\"target\":{\"@type\":\"EntryPoint\",\"urlTemplate\":\"https:\/\/www.bezoya.es\/bebe-a-bordo\/?s={search_term_string}\"},\"query-input\":{\"@type\":\"PropertyValueSpecification\",\"valueRequired\":true,\"valueName\":\"search_term_string\"}}],\"inLanguage\":\"es\"},{\"@type\":\"Person\",\"@id\":\"https:\/\/www.bezoya.es\/bebe-a-bordo\/#\/schema\/person\/27f580841a0710199ed73bb8262c9de1\",\"name\":\"Beb\u00e9 a Bordo\",\"image\":{\"@type\":\"ImageObject\",\"inLanguage\":\"es\",\"@id\":\"https:\/\/www.bezoya.es\/bebe-a-bordo\/#\/schema\/person\/image\/\",\"url\":\"https:\/\/secure.gravatar.com\/avatar\/0b0c609b63be1f5d579657e5afa8b15ebc59af1c9cca5c551ddcd2114a725785?s=96&d=mm&r=g\",\"contentUrl\":\"https:\/\/secure.gravatar.com\/avatar\/0b0c609b63be1f5d579657e5afa8b15ebc59af1c9cca5c551ddcd2114a725785?s=96&d=mm&r=g\",\"caption\":\"Beb\u00e9 a Bordo\"},\"description\":\"El baby coach de Bezoya que te acompa\u00f1a desde el embarazo, parto y postparto, hasta sus primeros pasos.\",\"url\":\"https:\/\/www.bezoya.es\/bebe-a-bordo\/author\/bebe-a-bordo\/\"}]}<\/script>\n<!-- \/ Yoast SEO plugin. -->","yoast_head_json":{"title":"\u00bfC\u00f3mo abrigar a tu beb\u00e9? Gu\u00eda completa para vestir en oto\u00f1o e invierno","description":"\u00bfNo sabes c\u00f3mo abrigar a tu beb\u00e9 en invierno? Lee nuestros consejos, usa la regla de las capas o conoce los s\u00edntomas de la sobreabrigaci\u00f3n","robots":{"index":"index","follow":"follow","max-snippet":"max-snippet:-1","max-image-preview":"max-image-preview:large","max-video-preview":"max-video-preview:-1"},"canonical":"https:\/\/www.bezoya.es\/bebe-a-bordo\/blog-bab\/guia-completa-abrigar-vestir-bebe-otono-invierno\/","og_locale":"es_ES","og_type":"article","og_title":"\u00bfC\u00f3mo abrigar a tu beb\u00e9? Gu\u00eda completa para vestir en oto\u00f1o e invierno","og_description":"\u00bfNo sabes c\u00f3mo abrigar a tu beb\u00e9 en invierno? Lee nuestros consejos, usa la regla de las capas o conoce los s\u00edntomas de la sobreabrigaci\u00f3n","og_url":"https:\/\/www.bezoya.es\/bebe-a-bordo\/blog-bab\/guia-completa-abrigar-vestir-bebe-otono-invierno\/","og_site_name":"Agua mineral natural Bezoya","article_published_time":"2024-11-03T08:48:24+00:00","article_modified_time":"2024-11-04T15:16:09+00:00","og_image":[{"width":500,"height":334,"url":"https:\/\/www.bezoya.es\/bebe-a-bordo\/wp-content\/uploads\/2024\/10\/gui\u0301a-completa-de-co\u0301mo-abrigar-a-tu-bebe\u0301-en-oton\u0303o-e-invierno.jpg","type":"image\/jpeg"}],"author":"Beb\u00e9 a Bordo","twitter_card":"summary_large_image","twitter_misc":{"Escrito por":"Beb\u00e9 a Bordo","Tiempo de lectura":"5 minutos"},"schema":{"@context":"https:\/\/schema.org","@graph":[{"@type":"Article","@id":"https:\/\/www.bezoya.es\/bebe-a-bordo\/blog-bab\/guia-completa-abrigar-vestir-bebe-otono-invierno\/#article","isPartOf":{"@id":"https:\/\/www.bezoya.es\/bebe-a-bordo\/blog-bab\/guia-completa-abrigar-vestir-bebe-otono-invierno\/"},"author":{"name":"Beb\u00e9 a Bordo","@id":"https:\/\/www.bezoya.es\/bebe-a-bordo\/#\/schema\/person\/27f580841a0710199ed73bb8262c9de1"},"headline":"\u00bfC\u00f3mo debo vestir a mi beb\u00e9? Gu\u00eda completa para abrigarlo en oto\u00f1o e invierno","datePublished":"2024-11-03T08:48:24+00:00","dateModified":"2024-11-04T15:16:09+00:00","mainEntityOfPage":{"@id":"https:\/\/www.bezoya.es\/bebe-a-bordo\/blog-bab\/guia-completa-abrigar-vestir-bebe-otono-invierno\/"},"wordCount":991,"commentCount":0,"image":{"@id":"https:\/\/www.bezoya.es\/bebe-a-bordo\/blog-bab\/guia-completa-abrigar-vestir-bebe-otono-invierno\/#primaryimage"},"thumbnailUrl":"https:\/\/www.bezoya.es\/bebe-a-bordo\/wp-content\/uploads\/2024\/10\/gui\u0301a-completa-de-co\u0301mo-abrigar-a-tu-bebe\u0301-en-oton\u0303o-e-invierno.jpg","articleSection":["Blog Beb\u00e9 a Bordo"],"inLanguage":"es","potentialAction":[{"@type":"CommentAction","name":"Comment","target":["https:\/\/www.bezoya.es\/bebe-a-bordo\/blog-bab\/guia-completa-abrigar-vestir-bebe-otono-invierno\/#respond"]}]},{"@type":"WebPage","@id":"https:\/\/www.bezoya.es\/bebe-a-bordo\/blog-bab\/guia-completa-abrigar-vestir-bebe-otono-invierno\/","url":"https:\/\/www.bezoya.es\/bebe-a-bordo\/blog-bab\/guia-completa-abrigar-vestir-bebe-otono-invierno\/","name":"\u00bfC\u00f3mo abrigar a tu beb\u00e9? Gu\u00eda completa para vestir en oto\u00f1o e invierno","isPartOf":{"@id":"https:\/\/www.bezoya.es\/bebe-a-bordo\/#website"},"primaryImageOfPage":{"@id":"https:\/\/www.bezoya.es\/bebe-a-bordo\/blog-bab\/guia-completa-abrigar-vestir-bebe-otono-invierno\/#primaryimage"},"image":{"@id":"https:\/\/www.bezoya.es\/bebe-a-bordo\/blog-bab\/guia-completa-abrigar-vestir-bebe-otono-invierno\/#primaryimage"},"thumbnailUrl":"https:\/\/www.bezoya.es\/bebe-a-bordo\/wp-content\/uploads\/2024\/10\/gui\u0301a-completa-de-co\u0301mo-abrigar-a-tu-bebe\u0301-en-oton\u0303o-e-invierno.jpg","datePublished":"2024-11-03T08:48:24+00:00","dateModified":"2024-11-04T15:16:09+00:00","author":{"@id":"https:\/\/www.bezoya.es\/bebe-a-bordo\/#\/schema\/person\/27f580841a0710199ed73bb8262c9de1"},"description":"\u00bfNo sabes c\u00f3mo abrigar a tu beb\u00e9 en invierno? Lee nuestros consejos, usa la regla de las capas o conoce los s\u00edntomas de la sobreabrigaci\u00f3n","inLanguage":"es","potentialAction":[{"@type":"ReadAction","target":["https:\/\/www.bezoya.es\/bebe-a-bordo\/blog-bab\/guia-completa-abrigar-vestir-bebe-otono-invierno\/"]}]},{"@type":"ImageObject","inLanguage":"es","@id":"https:\/\/www.bezoya.es\/bebe-a-bordo\/blog-bab\/guia-completa-abrigar-vestir-bebe-otono-invierno\/#primaryimage","url":"https:\/\/www.bezoya.es\/bebe-a-bordo\/wp-content\/uploads\/2024\/10\/gui\u0301a-completa-de-co\u0301mo-abrigar-a-tu-bebe\u0301-en-oton\u0303o-e-invierno.jpg","contentUrl":"https:\/\/www.bezoya.es\/bebe-a-bordo\/wp-content\/uploads\/2024\/10\/gui\u0301a-completa-de-co\u0301mo-abrigar-a-tu-bebe\u0301-en-oton\u0303o-e-invierno.jpg","width":500,"height":334},{"@type":"WebSite","@id":"https:\/\/www.bezoya.es\/bebe-a-bordo\/#website","url":"https:\/\/www.bezoya.es\/bebe-a-bordo\/","name":"Agua mineral natural Bezoya","description":"El agua de mineralizaci\u00f3n muy d\u00e9bil","potentialAction":[{"@type":"SearchAction","target":{"@type":"EntryPoint","urlTemplate":"https:\/\/www.bezoya.es\/bebe-a-bordo\/?s={search_term_string}"},"query-input":{"@type":"PropertyValueSpecification","valueRequired":true,"valueName":"search_term_string"}}],"inLanguage":"es"},{"@type":"Person","@id":"https:\/\/www.bezoya.es\/bebe-a-bordo\/#\/schema\/person\/27f580841a0710199ed73bb8262c9de1","name":"Beb\u00e9 a Bordo","image":{"@type":"ImageObject","inLanguage":"es","@id":"https:\/\/www.bezoya.es\/bebe-a-bordo\/#\/schema\/person\/image\/","url":"https:\/\/secure.gravatar.com\/avatar\/0b0c609b63be1f5d579657e5afa8b15ebc59af1c9cca5c551ddcd2114a725785?s=96&d=mm&r=g","contentUrl":"https:\/\/secure.gravatar.com\/avatar\/0b0c609b63be1f5d579657e5afa8b15ebc59af1c9cca5c551ddcd2114a725785?s=96&d=mm&r=g","caption":"Beb\u00e9 a Bordo"},"description":"El baby coach de Bezoya que te acompa\u00f1a desde el embarazo, parto y postparto, hasta sus primeros pasos.","url":"https:\/\/www.bezoya.es\/bebe-a-bordo\/author\/bebe-a-bordo\/"}]}},"views":1283,"_links":{"self":[{"href":"https:\/\/www.bezoya.es\/bebe-a-bordo\/wp-json\/wp\/v2\/posts\/21679","targetHints":{"allow":["GET"]}}],"collection":[{"href":"https:\/\/www.bezoya.es\/bebe-a-bordo\/wp-json\/wp\/v2\/posts"}],"about":[{"href":"https:\/\/www.bezoya.es\/bebe-a-bordo\/wp-json\/wp\/v2\/types\/post"}],"author":[{"embeddable":true,"href":"https:\/\/www.bezoya.es\/bebe-a-bordo\/wp-json\/wp\/v2\/users\/119"}],"replies":[{"embeddable":true,"href":"https:\/\/www.bezoya.es\/bebe-a-bordo\/wp-json\/wp\/v2\/comments?post=21679"}],"version-history":[{"count":2,"href":"https:\/\/www.bezoya.es\/bebe-a-bordo\/wp-json\/wp\/v2\/posts\/21679\/revisions"}],"predecessor-version":[{"id":21686,"href":"https:\/\/www.bezoya.es\/bebe-a-bordo\/wp-json\/wp\/v2\/posts\/21679\/revisions\/21686"}],"wp:featuredmedia":[{"embeddable":true,"href":"https:\/\/www.bezoya.es\/bebe-a-bordo\/wp-json\/wp\/v2\/media\/21684"}],"wp:attachment":[{"href":"https:\/\/www.bezoya.es\/bebe-a-bordo\/wp-json\/wp\/v2\/media?parent=21679"}],"wp:term":[{"taxonomy":"category","embeddable":true,"href":"https:\/\/www.bezoya.es\/bebe-a-bordo\/wp-json\/wp\/v2\/categories?post=21679"},{"taxonomy":"post_tag","embeddable":true,"href":"https:\/\/www.bezoya.es\/bebe-a-bordo\/wp-json\/wp\/v2\/tags?post=21679"},{"taxonomy":"categoriabab","embeddable":true,"href":"https:\/\/www.bezoya.es\/bebe-a-bordo\/wp-json\/wp\/v2\/categoriabab?post=21679"},{"taxonomy":"palabra_clave","embeddable":true,"href":"https:\/\/www.bezoya.es\/bebe-a-bordo\/wp-json\/wp\/v2\/palabra_clave?post=21679"}],"curies":[{"name":"wp","href":"https:\/\/api.w.org\/{rel}","templated":true}]}}