{"id":19817,"date":"2023-10-05T11:35:35","date_gmt":"2023-10-05T09:35:35","guid":{"rendered":"https:\/\/www.bezoya.es\/bebe-a-bordo\/?p=19817"},"modified":"2024-04-30T13:17:37","modified_gmt":"2024-04-30T11:17:37","slug":"preguntas-frecuentes-sobre-lactancia-materna","status":"publish","type":"post","link":"https:\/\/www.bezoya.es\/bebe-a-bordo\/blog-bab\/preguntas-frecuentes-sobre-lactancia-materna\/","title":{"rendered":"Las 10 preguntas m\u00e1s frecuentes sobre lactancia materna"},"content":{"rendered":"<p><span style=\"font-weight: 400;\">La lactancia materna, tan f\u00e1cil y tan dif\u00edcil a la vez. Tan natural y tan complicada en esos primeros d\u00edas de \u201cno se engancha\u201d y \u201cno s\u00e9 si traga\u201d. Tan sencilla y tan acompa\u00f1ada de dudas\u2026<\/span><\/p>\n<p><span style=\"font-weight: 400;\">Y es as\u00ed, como la maternidad en s\u00ed misma la lactancia puede ser para nosotras un c\u00famulo de sentimientos encontrados y a veces incongruencias y ambivalencia.<\/span><\/p>\n<p><span style=\"font-weight: 400;\">Y para liberarte de las partes malas, que las dudas sean menos y puedas disfrutar m\u00e1s de tu lactancia he escrito este art\u00edculo con las 10 preguntas que m\u00e1s me hac\u00e9is sobre lactancia materna.<\/span><\/p>\n<p><span style=\"font-weight: 400;\">\u00a1Vamos all\u00e1!<\/span><\/p>\n<h2><b>1. \u00bfMe puedo tomar un ibuprofeno si estoy dando el pecho?<\/b><\/h2>\n<p><span style=\"font-weight: 400;\">En el caso del ibuprofeno el riesgo es m\u00ednimo para la lactancia y el lactante, y podr\u00e1s tomarlo si lo necesitas.\u00a0<\/span><\/p>\n<p><span style=\"font-weight: 400;\">La mejor web para que consult\u00e9is cualquier duda sobre medicaci\u00f3n compatible o no con la lactancia es <\/span><a href=\"https:\/\/www.e-lactancia.org\/\" target=\"_blank\" rel=\"noopener\"><span style=\"font-weight: 400;\">https:\/\/www.e-lactancia.org\/<\/span><\/a><\/p>\n<h2><b>2. \u00bfC\u00f3mo s\u00e9 si tengo poca leche?<\/b><\/h2>\n<p><span style=\"font-weight: 400;\">Nadie tiene mucha ni <a href=\"https:\/\/www.bezoya.es\/bebe-a-bordo\/blog-bab\/bebe-0-6-meses\/subida-leche-estomago-recien-nacidos\/\" target=\"_blank\" rel=\"noopener\">poca leche<\/a>. T\u00fa creas la leche que tu beb\u00e9 necesita.<\/span><span style=\"font-weight: 400;\"> Las tomas del beb\u00e9 al pecho estimulan la producci\u00f3n de leche, sobre todo las tomas nocturnas.\u00a0<\/span><\/p>\n<p><img loading=\"lazy\" decoding=\"async\" class=\"aligncenter wp-image-19818 size-large\" src=\"https:\/\/www.bezoya.es\/bebe-a-bordo\/wp-content\/uploads\/2023\/10\/Banner-1-1024x535.jpg\" alt=\"Creas la leche que tu beb\u00e9 necesita\" width=\"640\" height=\"334\" srcset=\"https:\/\/www.bezoya.es\/bebe-a-bordo\/wp-content\/uploads\/2023\/10\/Banner-1-1024x535.jpg 1024w, https:\/\/www.bezoya.es\/bebe-a-bordo\/wp-content\/uploads\/2023\/10\/Banner-1-300x157.jpg 300w, https:\/\/www.bezoya.es\/bebe-a-bordo\/wp-content\/uploads\/2023\/10\/Banner-1-768x401.jpg 768w, https:\/\/www.bezoya.es\/bebe-a-bordo\/wp-content\/uploads\/2023\/10\/Banner-1-1536x802.jpg 1536w, https:\/\/www.bezoya.es\/bebe-a-bordo\/wp-content\/uploads\/2023\/10\/Banner-1-2048x1070.jpg 2048w\" sizes=\"auto, (max-width: 640px) 100vw, 640px\" \/><\/p>\n<p><span style=\"font-weight: 400;\">Lo \u00fanico que tienes que ver para comprobar que tu beb\u00e9 se alimenta bien, es si despu\u00e9s de tomar el pecho se queda saciado, hace pip\u00eds y cacas y engorda.<\/span><\/p>\n<h2><b>3. Entonces, \u00bfcu\u00e1ntos pip\u00eds son normales?\u00a0<\/b><\/h2>\n<p><span style=\"font-weight: 400;\">Los primeros d\u00edas pueden hacer solo 1-2 pip\u00eds al d\u00eda hasta que a su mam\u00e1 le suba la leche, desde entonces suelen hacer unos 6 al d\u00eda y un m\u00ednimo de 4. Eso significa que est\u00e1 hidratado y comiendo bien. Pero no te obsesiones y cualquier duda pregunta siempre a tu pediatra.<\/span><\/p>\n<h2><b>4. \u00bfLe puede dar mi pareja biber\u00f3n durante la noche para que yo pueda descansar?<\/b><\/h2>\n<p><span style=\"font-weight: 400;\">Es una pregunta que solo vosotros pod\u00e9is responder y que depender\u00e1 de cada familia. Pero ten en cuenta que si no toma el pecho directo por la noche bajar\u00e1 la producci\u00f3n de leche porque la estimulaci\u00f3n nocturna es la m\u00e1s importante.\u00a0<\/span><\/p>\n<h2><b>5. \u00bfPuedo dar chupete al beb\u00e9 si quiero darle pecho?<\/b><\/h2>\n<p><span style=\"font-weight: 400;\">S\u00ed, pero siempre os recomendamos que esper\u00e9is a que la lactancia est\u00e9 establecida, que suele ser alrededor del mes de vida.<\/span><\/p>\n<h2><b>6. Cu\u00e1nta leche tiene que tomar un beb\u00e9 al d\u00eda\u00a0<\/b><\/h2>\n<p><span style=\"font-weight: 400;\">Depende de cada beb\u00e9. Dos beb\u00e9s pueden estar tomando diferente cantidad de leche y estar engordando igual porque tampoco es igual su metabolismo, ni su gen\u00e9tica, ni lo que se mueven, etc. Lo \u00fanico que tenemos que ver es que el peque crece a un ritmo normal y hace pip\u00ed y caca con frecuencia.<\/span><\/p>\n<h2><b>7. \u00bfLe tengo que dar el pecho cada tres horas e ir cambiando de pecho?<\/b><\/h2>\n<p><span style=\"font-weight: 400;\">Lo m\u00e1s importante es que sepas que <\/span><span style=\"font-weight: 400;\">los beb\u00e9s siempre se alimentan a demanda y cada cu\u00e1nto necesitan comer depende mucho de cada beb\u00e9<\/span><span style=\"font-weight: 400;\">. Algunos toman pecho cada hora y media y otros cada 4 horas o pueden variar, algunos toman m\u00e1s veces por la tarde y noche que por la ma\u00f1ana, etc.\u00a0 No hay reglas. <\/span><\/p>\n<p><img loading=\"lazy\" decoding=\"async\" class=\"aligncenter wp-image-19819 size-large\" src=\"https:\/\/www.bezoya.es\/bebe-a-bordo\/wp-content\/uploads\/2023\/10\/banner2-1024x535.jpg\" alt=\"La lactancia es a demanda\" width=\"640\" height=\"334\" srcset=\"https:\/\/www.bezoya.es\/bebe-a-bordo\/wp-content\/uploads\/2023\/10\/banner2-1024x535.jpg 1024w, https:\/\/www.bezoya.es\/bebe-a-bordo\/wp-content\/uploads\/2023\/10\/banner2-300x157.jpg 300w, https:\/\/www.bezoya.es\/bebe-a-bordo\/wp-content\/uploads\/2023\/10\/banner2-768x401.jpg 768w, https:\/\/www.bezoya.es\/bebe-a-bordo\/wp-content\/uploads\/2023\/10\/banner2-1536x802.jpg 1536w, https:\/\/www.bezoya.es\/bebe-a-bordo\/wp-content\/uploads\/2023\/10\/banner2-2048x1070.jpg 2048w\" sizes=\"auto, (max-width: 640px) 100vw, 640px\" \/><\/p>\n<p><span style=\"font-weight: 400;\">Recuerda que darle pecho con frecuencia favorece la producci\u00f3n de leche y si tu beb\u00e9 toma cada 2 horas y engorda en su percentil y hace pip\u00ed y caca, significa que necesita comer con esa frecuencia, no quiere decir que \u201ctengas menos leche\u201d que la mam\u00e1 de otro beb\u00e9 que se alimente cada 4h.<\/span><\/p>\n<p><span style=\"font-weight: 400;\">Y sobre cambiar de pecho, la recomendaci\u00f3n es de que cambi\u00e9is al sentir que hab\u00e9is dado una toma completa (la leche del final de la toma tiene m\u00e1s grasa que la del principio, as\u00ed que es importante hacer esa \u201ctoma completa\u201d).\u00a0 Para algunas mujeres es muy f\u00e1cil saber si han dado una toma \u201ccompleta\u201d y para otras es m\u00e1s dif\u00edcil (realmente no es algo matem\u00e1tico porque no es que haya una determinada cantidad de leche que se agote como la de un brick de leche\u2026 Esto no va as\u00ed\u2026) Normalmente el beb\u00e9 te ayuda a saber cu\u00e1ndo ha terminado una toma porque ves que succiona y traga y al terminar se separa y est\u00e1 saciado, adem\u00e1s te da la sensaci\u00f3n de que las tomas suelen durar algo parecido (es aproximado y va cambiando seg\u00fan va creciendo tu beb\u00e9, si est\u00e1s en una crisis de lactancia, etc.).\u00a0<\/span><\/p>\n<h2><b>8. \u00bfEs posible amamantar con un solo pecho?<\/b><\/h2>\n<p><span style=\"font-weight: 400;\">\u00a1Claro! Algunos beb\u00e9s por diferentes motivos rechazan un pecho y siempre quieren tomar del mismo. \u00a1Y no pasa nada!\u00a0 Adem\u00e1s, puedo hablarte \u201cen primera persona\u201d porque tengo muchas amigas que han amamantado durante m\u00e1s de 3 a\u00f1os con un solo pecho.<\/span><\/p>\n<h2><b>9. \u00bfEs seguro realizarse tratamientos est\u00e9ticos durante la lactancia materna?\u00a0<\/b><\/h2>\n<p><span style=\"font-weight: 400;\">Depende del tipo de tratamiento. En la web <\/span><a href=\"http:\/\/e-lactancia.org\/\" target=\"_blank\" rel=\"noopener\"><span style=\"font-weight: 400;\">e-lactancia.org<\/span><\/a><span style=\"font-weight: 400;\"> puedes consultar uno a uno y saber si determinados tratamientos est\u00e9ticos son compatibles o no. Por ejemplo, en el caso de la toxina botul\u00ednica indica que bien administrada localmente, no deben alcanzarse niveles significativos en sangre por lo que el riesgo ser\u00eda bajo.\u00a0<\/span><\/p>\n<h2><b>10. <\/b><b>\u00bfHay alg\u00fan problema por darle durante mucho tiempo pecho al beb\u00e9?<\/b><\/h2>\n<p><span style=\"font-weight: 400;\">Ning\u00fan problema. Es m\u00e1s, tiene much\u00edsimos beneficios para los dos. Yo misma sigo dando pecho a mi hija despu\u00e9s de 4 a\u00f1os.<\/span><\/p>\n<p><span style=\"font-weight: 400;\">Recuerda que la lactancia materna tiene much\u00edsimos beneficios como disminuir el riesgo de muerte s\u00fabita del lactante o prevenir el c\u00e1ncer de mama y de ovario en el caso de la mam\u00e1. Si tienes dudas o necesitas ayuda, acude a tu pediatra y a tu matrona para que te ayuden. <\/span><\/p>\n<p>&nbsp;<\/p>\n","protected":false},"excerpt":{"rendered":"<p>La lactancia materna, tan f\u00e1cil y tan dif\u00edcil a la vez. Tan natural y tan complicada en esos primeros d\u00edas de \u201cno se engancha\u201d y \u201cno s\u00e9 si traga\u201d. Tan sencilla y tan acompa\u00f1ada de dudas\u2026 Y es as\u00ed, como la maternidad en s\u00ed misma la lactancia puede ser para nosotras un c\u00famulo de sentimientos encontrados y a veces incongruencias y ambivalencia. Y para liberarte de las partes malas, que las dudas sean menos y puedas disfrutar m\u00e1s de tu lactancia he escrito este art\u00edculo con las 10 preguntas que m\u00e1s me hac\u00e9is sobre lactancia materna. \u00a1Vamos all\u00e1! 1. \u00bfMe &#8230;<\/p>\n","protected":false},"author":118,"featured_media":19822,"comment_status":"open","ping_status":"open","sticky":false,"template":"","format":"standard","meta":{"_acf_changed":false,"inline_featured_image":false,"footnotes":""},"categories":[7],"tags":[],"categoriabab":[674,675],"palabra_clave":[936],"class_list":["post-19817","post","type-post","status-publish","format-standard","has-post-thumbnail","hentry","category-blog-bab","categoriabab-parto-y-posparto","categoriabab-crianza-hasta-los-2-anos"],"acf":[],"yoast_head":"<!-- This site is optimized with the Yoast SEO plugin v27.1.1 - https:\/\/yoast.com\/product\/yoast-seo-wordpress\/ -->\n<title>Las 10 preguntas m\u00e1s frecuentes sobre lactancia materna<\/title>\n<meta name=\"description\" content=\"\u00bfPuedo tomar ibuprofeno? \u00bfC\u00f3mo s\u00e9 si tengo poca leche? Resolvemos las dudas m\u00e1s frecuentes de la lactancia materna junto a nuestras expertas\" \/>\n<meta name=\"robots\" content=\"index, follow, max-snippet:-1, max-image-preview:large, max-video-preview:-1\" \/>\n<link rel=\"canonical\" href=\"https:\/\/www.bezoya.es\/bebe-a-bordo\/blog-bab\/preguntas-frecuentes-sobre-lactancia-materna\/\" \/>\n<meta property=\"og:locale\" content=\"es_ES\" \/>\n<meta property=\"og:type\" content=\"article\" \/>\n<meta property=\"og:title\" content=\"Las 10 preguntas m\u00e1s frecuentes sobre lactancia materna\" \/>\n<meta property=\"og:description\" content=\"\u00bfPuedo tomar ibuprofeno? \u00bfC\u00f3mo s\u00e9 si tengo poca leche? Resolvemos las dudas m\u00e1s frecuentes de la lactancia materna junto a nuestras expertas\" \/>\n<meta property=\"og:url\" content=\"https:\/\/www.bezoya.es\/bebe-a-bordo\/blog-bab\/preguntas-frecuentes-sobre-lactancia-materna\/\" \/>\n<meta property=\"og:site_name\" content=\"Agua mineral natural Bezoya\" \/>\n<meta property=\"article:published_time\" content=\"2023-10-05T09:35:35+00:00\" \/>\n<meta property=\"article:modified_time\" content=\"2024-04-30T11:17:37+00:00\" \/>\n<meta property=\"og:image\" content=\"https:\/\/www.bezoya.es\/bebe-a-bordo\/wp-content\/uploads\/2023\/10\/Imagen-portada.jpg\" \/>\n\t<meta property=\"og:image:width\" content=\"2500\" \/>\n\t<meta property=\"og:image:height\" content=\"1306\" \/>\n\t<meta property=\"og:image:type\" content=\"image\/jpeg\" \/>\n<meta name=\"author\" content=\"Dra. Mar L\u00f3pez Sureda\" \/>\n<meta name=\"twitter:card\" content=\"summary_large_image\" \/>\n<meta name=\"twitter:label1\" content=\"Escrito por\" \/>\n\t<meta name=\"twitter:data1\" content=\"Dra. Mar L\u00f3pez Sureda\" \/>\n\t<meta name=\"twitter:label2\" content=\"Tiempo de lectura\" \/>\n\t<meta name=\"twitter:data2\" content=\"5 minutos\" \/>\n<script type=\"application\/ld+json\" class=\"yoast-schema-graph\">{\"@context\":\"https:\/\/schema.org\",\"@graph\":[{\"@type\":\"Article\",\"@id\":\"https:\/\/www.bezoya.es\/bebe-a-bordo\/blog-bab\/preguntas-frecuentes-sobre-lactancia-materna\/#article\",\"isPartOf\":{\"@id\":\"https:\/\/www.bezoya.es\/bebe-a-bordo\/blog-bab\/preguntas-frecuentes-sobre-lactancia-materna\/\"},\"author\":{\"name\":\"Dra. Mar L\u00f3pez Sureda\",\"@id\":\"https:\/\/www.bezoya.es\/bebe-a-bordo\/#\/schema\/person\/e6dbbaff280218a12018f5abae7b205d\"},\"headline\":\"Las 10 preguntas m\u00e1s frecuentes sobre lactancia materna\",\"datePublished\":\"2023-10-05T09:35:35+00:00\",\"dateModified\":\"2024-04-30T11:17:37+00:00\",\"mainEntityOfPage\":{\"@id\":\"https:\/\/www.bezoya.es\/bebe-a-bordo\/blog-bab\/preguntas-frecuentes-sobre-lactancia-materna\/\"},\"wordCount\":956,\"commentCount\":0,\"image\":{\"@id\":\"https:\/\/www.bezoya.es\/bebe-a-bordo\/blog-bab\/preguntas-frecuentes-sobre-lactancia-materna\/#primaryimage\"},\"thumbnailUrl\":\"https:\/\/www.bezoya.es\/bebe-a-bordo\/wp-content\/uploads\/2023\/10\/Imagen-portada.jpg\",\"articleSection\":[\"Blog Beb\u00e9 a Bordo\"],\"inLanguage\":\"es\",\"potentialAction\":[{\"@type\":\"CommentAction\",\"name\":\"Comment\",\"target\":[\"https:\/\/www.bezoya.es\/bebe-a-bordo\/blog-bab\/preguntas-frecuentes-sobre-lactancia-materna\/#respond\"]}]},{\"@type\":\"WebPage\",\"@id\":\"https:\/\/www.bezoya.es\/bebe-a-bordo\/blog-bab\/preguntas-frecuentes-sobre-lactancia-materna\/\",\"url\":\"https:\/\/www.bezoya.es\/bebe-a-bordo\/blog-bab\/preguntas-frecuentes-sobre-lactancia-materna\/\",\"name\":\"Las 10 preguntas m\u00e1s frecuentes sobre lactancia materna\",\"isPartOf\":{\"@id\":\"https:\/\/www.bezoya.es\/bebe-a-bordo\/#website\"},\"primaryImageOfPage\":{\"@id\":\"https:\/\/www.bezoya.es\/bebe-a-bordo\/blog-bab\/preguntas-frecuentes-sobre-lactancia-materna\/#primaryimage\"},\"image\":{\"@id\":\"https:\/\/www.bezoya.es\/bebe-a-bordo\/blog-bab\/preguntas-frecuentes-sobre-lactancia-materna\/#primaryimage\"},\"thumbnailUrl\":\"https:\/\/www.bezoya.es\/bebe-a-bordo\/wp-content\/uploads\/2023\/10\/Imagen-portada.jpg\",\"datePublished\":\"2023-10-05T09:35:35+00:00\",\"dateModified\":\"2024-04-30T11:17:37+00:00\",\"author\":{\"@id\":\"https:\/\/www.bezoya.es\/bebe-a-bordo\/#\/schema\/person\/e6dbbaff280218a12018f5abae7b205d\"},\"description\":\"\u00bfPuedo tomar ibuprofeno? \u00bfC\u00f3mo s\u00e9 si tengo poca leche? Resolvemos las dudas m\u00e1s frecuentes de la lactancia materna junto a nuestras expertas\",\"inLanguage\":\"es\",\"potentialAction\":[{\"@type\":\"ReadAction\",\"target\":[\"https:\/\/www.bezoya.es\/bebe-a-bordo\/blog-bab\/preguntas-frecuentes-sobre-lactancia-materna\/\"]}]},{\"@type\":\"ImageObject\",\"inLanguage\":\"es\",\"@id\":\"https:\/\/www.bezoya.es\/bebe-a-bordo\/blog-bab\/preguntas-frecuentes-sobre-lactancia-materna\/#primaryimage\",\"url\":\"https:\/\/www.bezoya.es\/bebe-a-bordo\/wp-content\/uploads\/2023\/10\/Imagen-portada.jpg\",\"contentUrl\":\"https:\/\/www.bezoya.es\/bebe-a-bordo\/wp-content\/uploads\/2023\/10\/Imagen-portada.jpg\",\"width\":2500,\"height\":1306,\"caption\":\"10 preguntas m\u00e1s frecuentes sobre lactancia materna\"},{\"@type\":\"WebSite\",\"@id\":\"https:\/\/www.bezoya.es\/bebe-a-bordo\/#website\",\"url\":\"https:\/\/www.bezoya.es\/bebe-a-bordo\/\",\"name\":\"Agua mineral natural Bezoya\",\"description\":\"El agua de mineralizaci\u00f3n muy d\u00e9bil\",\"potentialAction\":[{\"@type\":\"SearchAction\",\"target\":{\"@type\":\"EntryPoint\",\"urlTemplate\":\"https:\/\/www.bezoya.es\/bebe-a-bordo\/?s={search_term_string}\"},\"query-input\":{\"@type\":\"PropertyValueSpecification\",\"valueRequired\":true,\"valueName\":\"search_term_string\"}}],\"inLanguage\":\"es\"},{\"@type\":\"Person\",\"@id\":\"https:\/\/www.bezoya.es\/bebe-a-bordo\/#\/schema\/person\/e6dbbaff280218a12018f5abae7b205d\",\"name\":\"Dra. Mar L\u00f3pez Sureda\",\"image\":{\"@type\":\"ImageObject\",\"inLanguage\":\"es\",\"@id\":\"https:\/\/www.bezoya.es\/bebe-a-bordo\/#\/schema\/person\/image\/\",\"url\":\"https:\/\/secure.gravatar.com\/avatar\/0bb5130b481eb8ab27078ed9fe35e23aceaf1d675fa100dbbe5521aa9fcfc5df?s=96&d=mm&r=g\",\"contentUrl\":\"https:\/\/secure.gravatar.com\/avatar\/0bb5130b481eb8ab27078ed9fe35e23aceaf1d675fa100dbbe5521aa9fcfc5df?s=96&d=mm&r=g\",\"caption\":\"Dra. Mar L\u00f3pez Sureda\"},\"description\":\"Me llamo Mar L\u00f3pez Sureda y soy Pediatra de Atenci\u00f3n Primaria en Mallorca y mam\u00e1. Ser madre me ha permitido ver mi profesi\u00f3n desde otro punto de vista y poder entender mejor a las familias.\",\"url\":\"https:\/\/www.bezoya.es\/bebe-a-bordo\/author\/marlopez\/\"}]}<\/script>\n<!-- \/ Yoast SEO plugin. -->","yoast_head_json":{"title":"Las 10 preguntas m\u00e1s frecuentes sobre lactancia materna","description":"\u00bfPuedo tomar ibuprofeno? \u00bfC\u00f3mo s\u00e9 si tengo poca leche? Resolvemos las dudas m\u00e1s frecuentes de la lactancia materna junto a nuestras expertas","robots":{"index":"index","follow":"follow","max-snippet":"max-snippet:-1","max-image-preview":"max-image-preview:large","max-video-preview":"max-video-preview:-1"},"canonical":"https:\/\/www.bezoya.es\/bebe-a-bordo\/blog-bab\/preguntas-frecuentes-sobre-lactancia-materna\/","og_locale":"es_ES","og_type":"article","og_title":"Las 10 preguntas m\u00e1s frecuentes sobre lactancia materna","og_description":"\u00bfPuedo tomar ibuprofeno? \u00bfC\u00f3mo s\u00e9 si tengo poca leche? Resolvemos las dudas m\u00e1s frecuentes de la lactancia materna junto a nuestras expertas","og_url":"https:\/\/www.bezoya.es\/bebe-a-bordo\/blog-bab\/preguntas-frecuentes-sobre-lactancia-materna\/","og_site_name":"Agua mineral natural Bezoya","article_published_time":"2023-10-05T09:35:35+00:00","article_modified_time":"2024-04-30T11:17:37+00:00","og_image":[{"width":2500,"height":1306,"url":"https:\/\/www.bezoya.es\/bebe-a-bordo\/wp-content\/uploads\/2023\/10\/Imagen-portada.jpg","type":"image\/jpeg"}],"author":"Dra. Mar L\u00f3pez Sureda","twitter_card":"summary_large_image","twitter_misc":{"Escrito por":"Dra. Mar L\u00f3pez Sureda","Tiempo de lectura":"5 minutos"},"schema":{"@context":"https:\/\/schema.org","@graph":[{"@type":"Article","@id":"https:\/\/www.bezoya.es\/bebe-a-bordo\/blog-bab\/preguntas-frecuentes-sobre-lactancia-materna\/#article","isPartOf":{"@id":"https:\/\/www.bezoya.es\/bebe-a-bordo\/blog-bab\/preguntas-frecuentes-sobre-lactancia-materna\/"},"author":{"name":"Dra. Mar L\u00f3pez Sureda","@id":"https:\/\/www.bezoya.es\/bebe-a-bordo\/#\/schema\/person\/e6dbbaff280218a12018f5abae7b205d"},"headline":"Las 10 preguntas m\u00e1s frecuentes sobre lactancia materna","datePublished":"2023-10-05T09:35:35+00:00","dateModified":"2024-04-30T11:17:37+00:00","mainEntityOfPage":{"@id":"https:\/\/www.bezoya.es\/bebe-a-bordo\/blog-bab\/preguntas-frecuentes-sobre-lactancia-materna\/"},"wordCount":956,"commentCount":0,"image":{"@id":"https:\/\/www.bezoya.es\/bebe-a-bordo\/blog-bab\/preguntas-frecuentes-sobre-lactancia-materna\/#primaryimage"},"thumbnailUrl":"https:\/\/www.bezoya.es\/bebe-a-bordo\/wp-content\/uploads\/2023\/10\/Imagen-portada.jpg","articleSection":["Blog Beb\u00e9 a Bordo"],"inLanguage":"es","potentialAction":[{"@type":"CommentAction","name":"Comment","target":["https:\/\/www.bezoya.es\/bebe-a-bordo\/blog-bab\/preguntas-frecuentes-sobre-lactancia-materna\/#respond"]}]},{"@type":"WebPage","@id":"https:\/\/www.bezoya.es\/bebe-a-bordo\/blog-bab\/preguntas-frecuentes-sobre-lactancia-materna\/","url":"https:\/\/www.bezoya.es\/bebe-a-bordo\/blog-bab\/preguntas-frecuentes-sobre-lactancia-materna\/","name":"Las 10 preguntas m\u00e1s frecuentes sobre lactancia materna","isPartOf":{"@id":"https:\/\/www.bezoya.es\/bebe-a-bordo\/#website"},"primaryImageOfPage":{"@id":"https:\/\/www.bezoya.es\/bebe-a-bordo\/blog-bab\/preguntas-frecuentes-sobre-lactancia-materna\/#primaryimage"},"image":{"@id":"https:\/\/www.bezoya.es\/bebe-a-bordo\/blog-bab\/preguntas-frecuentes-sobre-lactancia-materna\/#primaryimage"},"thumbnailUrl":"https:\/\/www.bezoya.es\/bebe-a-bordo\/wp-content\/uploads\/2023\/10\/Imagen-portada.jpg","datePublished":"2023-10-05T09:35:35+00:00","dateModified":"2024-04-30T11:17:37+00:00","author":{"@id":"https:\/\/www.bezoya.es\/bebe-a-bordo\/#\/schema\/person\/e6dbbaff280218a12018f5abae7b205d"},"description":"\u00bfPuedo tomar ibuprofeno? \u00bfC\u00f3mo s\u00e9 si tengo poca leche? Resolvemos las dudas m\u00e1s frecuentes de la lactancia materna junto a nuestras expertas","inLanguage":"es","potentialAction":[{"@type":"ReadAction","target":["https:\/\/www.bezoya.es\/bebe-a-bordo\/blog-bab\/preguntas-frecuentes-sobre-lactancia-materna\/"]}]},{"@type":"ImageObject","inLanguage":"es","@id":"https:\/\/www.bezoya.es\/bebe-a-bordo\/blog-bab\/preguntas-frecuentes-sobre-lactancia-materna\/#primaryimage","url":"https:\/\/www.bezoya.es\/bebe-a-bordo\/wp-content\/uploads\/2023\/10\/Imagen-portada.jpg","contentUrl":"https:\/\/www.bezoya.es\/bebe-a-bordo\/wp-content\/uploads\/2023\/10\/Imagen-portada.jpg","width":2500,"height":1306,"caption":"10 preguntas m\u00e1s frecuentes sobre lactancia materna"},{"@type":"WebSite","@id":"https:\/\/www.bezoya.es\/bebe-a-bordo\/#website","url":"https:\/\/www.bezoya.es\/bebe-a-bordo\/","name":"Agua mineral natural Bezoya","description":"El agua de mineralizaci\u00f3n muy d\u00e9bil","potentialAction":[{"@type":"SearchAction","target":{"@type":"EntryPoint","urlTemplate":"https:\/\/www.bezoya.es\/bebe-a-bordo\/?s={search_term_string}"},"query-input":{"@type":"PropertyValueSpecification","valueRequired":true,"valueName":"search_term_string"}}],"inLanguage":"es"},{"@type":"Person","@id":"https:\/\/www.bezoya.es\/bebe-a-bordo\/#\/schema\/person\/e6dbbaff280218a12018f5abae7b205d","name":"Dra. Mar L\u00f3pez Sureda","image":{"@type":"ImageObject","inLanguage":"es","@id":"https:\/\/www.bezoya.es\/bebe-a-bordo\/#\/schema\/person\/image\/","url":"https:\/\/secure.gravatar.com\/avatar\/0bb5130b481eb8ab27078ed9fe35e23aceaf1d675fa100dbbe5521aa9fcfc5df?s=96&d=mm&r=g","contentUrl":"https:\/\/secure.gravatar.com\/avatar\/0bb5130b481eb8ab27078ed9fe35e23aceaf1d675fa100dbbe5521aa9fcfc5df?s=96&d=mm&r=g","caption":"Dra. Mar L\u00f3pez Sureda"},"description":"Me llamo Mar L\u00f3pez Sureda y soy Pediatra de Atenci\u00f3n Primaria en Mallorca y mam\u00e1. Ser madre me ha permitido ver mi profesi\u00f3n desde otro punto de vista y poder entender mejor a las familias.","url":"https:\/\/www.bezoya.es\/bebe-a-bordo\/author\/marlopez\/"}]}},"views":3492,"_links":{"self":[{"href":"https:\/\/www.bezoya.es\/bebe-a-bordo\/wp-json\/wp\/v2\/posts\/19817","targetHints":{"allow":["GET"]}}],"collection":[{"href":"https:\/\/www.bezoya.es\/bebe-a-bordo\/wp-json\/wp\/v2\/posts"}],"about":[{"href":"https:\/\/www.bezoya.es\/bebe-a-bordo\/wp-json\/wp\/v2\/types\/post"}],"author":[{"embeddable":true,"href":"https:\/\/www.bezoya.es\/bebe-a-bordo\/wp-json\/wp\/v2\/users\/118"}],"replies":[{"embeddable":true,"href":"https:\/\/www.bezoya.es\/bebe-a-bordo\/wp-json\/wp\/v2\/comments?post=19817"}],"version-history":[{"count":9,"href":"https:\/\/www.bezoya.es\/bebe-a-bordo\/wp-json\/wp\/v2\/posts\/19817\/revisions"}],"predecessor-version":[{"id":19830,"href":"https:\/\/www.bezoya.es\/bebe-a-bordo\/wp-json\/wp\/v2\/posts\/19817\/revisions\/19830"}],"wp:featuredmedia":[{"embeddable":true,"href":"https:\/\/www.bezoya.es\/bebe-a-bordo\/wp-json\/wp\/v2\/media\/19822"}],"wp:attachment":[{"href":"https:\/\/www.bezoya.es\/bebe-a-bordo\/wp-json\/wp\/v2\/media?parent=19817"}],"wp:term":[{"taxonomy":"category","embeddable":true,"href":"https:\/\/www.bezoya.es\/bebe-a-bordo\/wp-json\/wp\/v2\/categories?post=19817"},{"taxonomy":"post_tag","embeddable":true,"href":"https:\/\/www.bezoya.es\/bebe-a-bordo\/wp-json\/wp\/v2\/tags?post=19817"},{"taxonomy":"categoriabab","embeddable":true,"href":"https:\/\/www.bezoya.es\/bebe-a-bordo\/wp-json\/wp\/v2\/categoriabab?post=19817"},{"taxonomy":"palabra_clave","embeddable":true,"href":"https:\/\/www.bezoya.es\/bebe-a-bordo\/wp-json\/wp\/v2\/palabra_clave?post=19817"}],"curies":[{"name":"wp","href":"https:\/\/api.w.org\/{rel}","templated":true}]}}