{"id":18017,"date":"2021-03-14T12:00:20","date_gmt":"2021-03-14T10:00:20","guid":{"rendered":"https:\/\/www.bezoya.es\/bebe-a-bordo\/?p=18017"},"modified":"2024-04-23T17:09:52","modified_gmt":"2024-04-23T15:09:52","slug":"maternidad-pandemia-homenaje-bebe-bordo","status":"publish","type":"post","link":"https:\/\/www.bezoya.es\/bebe-a-bordo\/blog-bab\/maternidad-pandemia-homenaje-bebe-bordo\/","title":{"rendered":"Maternidad en pandemia; la nueva temporada de Beb\u00e9 a Bordo."},"content":{"rendered":"<p>La octava temporada de Beb\u00e9 a Bordo, <span style=\"font-weight: 400;\">el baby coach de <a href=\"https:\/\/www.bezoya.es\/bebe-a-bordo\/\" target=\"_blank\" rel=\"noopener noreferrer\">Bezoya<\/a>,<\/span> se estrena en un d\u00eda muy especial y con una tem\u00e1tica que a todos nos ha tocado de cerca. A lo largo de estas semanas iremos recorriendo vivencias de la maternidad en tiempos de pandemia de la mano de especialistas y de 3 madres que han vivido esta experiencia en tres momentos vitales.<\/p>\n<p><span style=\"font-weight: 400;\">Comenzamos el 14 de marzo, fecha en el que se cumple un a\u00f1o del d\u00eda que cambi\u00f3 nuestras vidas. Se decret\u00f3 el estado de alarma y millones de personas vimos c\u00f3mo se transformaba nuestra forma de vivir a consecuencia de un virus que nos marcar\u00e1 para siempre. Sin embargo, hubo un lugar donde la vida sigui\u00f3 su transcurso normal. Un lugar donde la vida fue m\u00e1s fuerte, forj\u00e1ndose y creciendo sin importar lo que pasase fuera.<\/span><\/p>\n<p>&nbsp;<\/p>\n<h2>Por todos los que apostaron por la maternidad en tiempos de pandemia<\/h2>\n<p><span style=\"font-weight: 400;\">Nuestra temporada comienza con un homenaje a todas las familias de #PandemialsABordo, que con sus beb\u00e9s dieron paz a un mundo desbordado. Se trata de un reencuentro lleno de vida, en el que 3 familias volver\u00e1n a reunirse con los especialistas m\u00e9dicos que atendieron sus partos. Para ello nos abren las puertas de su hogar, y nos narran c\u00f3mo vivieron el confinamiento. Un tributo a la vida y a todos los sanitarios que lo hicieron posible.<\/span><\/p>\n<p style=\"text-align: center;\"><iframe loading=\"lazy\" src=\"https:\/\/www.youtube-nocookie.com\/embed\/41idYev5y_k\" width=\"560\" height=\"315\" frameborder=\"0\" allowfullscreen=\"allowfullscreen\"><\/iframe><\/p>\n<p>Las familias que nos acompa\u00f1an son <span style=\"font-weight: 400;\"><a href=\"https:\/\/www.instagram.com\/pao_mamidem\/\" target=\"_blank\" rel=\"noopener noreferrer\">Pao Mamidem<\/a>, <a href=\"https:\/\/www.instagram.com\/loquemoladelola\/\">Lo que mola de Lola<\/a> y <a href=\"https:\/\/www.instagram.com\/shiraumee\/\" target=\"_blank\" rel=\"noopener noreferrer\">Shiraumee<\/a>. Gracias a ellas podremos conocer de cerca c\u00f3mo vivieron la maternidad en diferentes momentos de la pandemia. Pao Mamidem fue madre por segunda vez a 9 d\u00edas del confinamiento. Por su lado Lo que mola de Lola vivi\u00f3 ser madre primeriza, y de mellizos, en pleno estado de alarma y sola. Mientras que Shiraumee dio a luz a su beb\u00e9 en la nueva normalidad.<\/span><\/p>\n<p>&nbsp;<\/p>\n<h2>T\u00fa tambi\u00e9n eres un h\u00e9roe de la pandemia: #Pandemialsabordo<\/h2>\n<p>Desde Beb\u00e9 a Bordo queremos acercarnos a todas las familias que apostaron por la maternidad en 2020. Por eso queremos conocer a las familias que durante este \u00faltimo a\u00f1o han dado la bienvenida a sus hijos y concederles un espacio en nuestras redes sociales.<\/p>\n<p>Participar en <span style=\"font-weight: 400;\"><strong>#PandemialsABordo<\/strong> es muy sencillo, s\u00f3lo tienes que contarnos tu historia a trav\u00e9s de Instagram. Etiqu\u00e9tanos en tus fotos o v\u00eddeos m\u00e1s especiales y comparte tus experiencias por escrito con nuestra comunidad usando el hashtag.\u00a0<\/span><\/p>\n<p>Adem\u00e1s de <a href=\"https:\/\/www.instagram.com\/bebeabordo_bezoya\/\" target=\"_blank\" rel=\"noopener noreferrer\">Instagram<\/a>, Beb\u00e9 a Bordo se encuentra en otras plataformas como <a href=\"https:\/\/www.youtube.com\/channel\/UCm1tQkqRxz65VNeTq6tKQ8w\"><span style=\"font-weight: 400;\">YouTube<\/span><\/a><span style=\"font-weight: 400;\"> y <\/span><a href=\"https:\/\/www.facebook.com\/BezoyaBebeaBordo\/\"><span style=\"font-weight: 400;\">Facebook<\/span><\/a>. Si a\u00fan no nos sigues \u00fanete y compartamos momentos \u00fanicos de la aventura que es ser padres.<\/p>\n","protected":false},"excerpt":{"rendered":"<p>La octava temporada de Beb\u00e9 a Bordo, el baby coach de Bezoya, se estrena en un d\u00eda muy especial y con una tem\u00e1tica que a todos nos ha tocado de cerca. A lo largo de estas semanas iremos recorriendo vivencias de la maternidad en tiempos de pandemia de la mano de especialistas y de 3 madres que han vivido esta experiencia en tres momentos vitales. Comenzamos el 14 de marzo, fecha en el que se cumple un a\u00f1o del d\u00eda que cambi\u00f3 nuestras vidas. Se decret\u00f3 el estado de alarma y millones de personas vimos c\u00f3mo se transformaba nuestra forma &#8230;<\/p>\n","protected":false},"author":119,"featured_media":18026,"comment_status":"open","ping_status":"open","sticky":false,"template":"","format":"standard","meta":{"_acf_changed":false,"inline_featured_image":false,"footnotes":""},"categories":[7],"tags":[],"categoriabab":[674,675],"palabra_clave":[],"class_list":["post-18017","post","type-post","status-publish","format-standard","has-post-thumbnail","hentry","category-blog-bab","categoriabab-parto-y-posparto","categoriabab-crianza-hasta-los-2-anos"],"acf":[],"yoast_head":"<!-- This site is optimized with the Yoast SEO plugin v27.1.1 - https:\/\/yoast.com\/product\/yoast-seo-wordpress\/ -->\n<title>Maternidad en pandemia | Nueva temporada de Beb\u00e9 a Bordo<\/title>\n<meta name=\"description\" content=\"Descubre #PandemialsABordo, un tributo a la vida, a las familias y a todos los especialistas que hicieron posible que la vida continuara en pandemia.\" \/>\n<meta name=\"robots\" content=\"index, follow, max-snippet:-1, max-image-preview:large, max-video-preview:-1\" \/>\n<link rel=\"canonical\" href=\"https:\/\/www.bezoya.es\/bebe-a-bordo\/blog-bab\/maternidad-pandemia-homenaje-bebe-bordo\/\" \/>\n<meta property=\"og:locale\" content=\"es_ES\" \/>\n<meta property=\"og:type\" content=\"article\" \/>\n<meta property=\"og:title\" content=\"Maternidad en pandemia | Nueva temporada de Beb\u00e9 a Bordo\" \/>\n<meta property=\"og:description\" content=\"Descubre #PandemialsABordo, un tributo a la vida, a las familias y a todos los especialistas que hicieron posible que la vida continuara en pandemia.\" \/>\n<meta property=\"og:url\" content=\"https:\/\/www.bezoya.es\/bebe-a-bordo\/blog-bab\/maternidad-pandemia-homenaje-bebe-bordo\/\" \/>\n<meta property=\"og:site_name\" content=\"Agua mineral natural Bezoya\" \/>\n<meta property=\"article:published_time\" content=\"2021-03-14T10:00:20+00:00\" \/>\n<meta property=\"article:modified_time\" content=\"2024-04-23T15:09:52+00:00\" \/>\n<meta property=\"og:image\" content=\"https:\/\/www.bezoya.es\/bebe-a-bordo\/wp-content\/uploads\/2021\/03\/miniatura-BAB-03.jpg\" \/>\n\t<meta property=\"og:image:width\" content=\"1600\" \/>\n\t<meta property=\"og:image:height\" content=\"900\" \/>\n\t<meta property=\"og:image:type\" content=\"image\/jpeg\" \/>\n<meta name=\"author\" content=\"Beb\u00e9 a Bordo\" \/>\n<meta name=\"twitter:card\" content=\"summary_large_image\" \/>\n<meta name=\"twitter:label1\" content=\"Escrito por\" \/>\n\t<meta name=\"twitter:data1\" content=\"Beb\u00e9 a Bordo\" \/>\n\t<meta name=\"twitter:label2\" content=\"Tiempo de lectura\" \/>\n\t<meta name=\"twitter:data2\" content=\"2 minutos\" \/>\n<script type=\"application\/ld+json\" class=\"yoast-schema-graph\">{\"@context\":\"https:\/\/schema.org\",\"@graph\":[{\"@type\":\"Article\",\"@id\":\"https:\/\/www.bezoya.es\/bebe-a-bordo\/blog-bab\/maternidad-pandemia-homenaje-bebe-bordo\/#article\",\"isPartOf\":{\"@id\":\"https:\/\/www.bezoya.es\/bebe-a-bordo\/blog-bab\/maternidad-pandemia-homenaje-bebe-bordo\/\"},\"author\":{\"name\":\"Beb\u00e9 a Bordo\",\"@id\":\"https:\/\/www.bezoya.es\/bebe-a-bordo\/#\/schema\/person\/27f580841a0710199ed73bb8262c9de1\"},\"headline\":\"Maternidad en pandemia; la nueva temporada de Beb\u00e9 a Bordo.\",\"datePublished\":\"2021-03-14T10:00:20+00:00\",\"dateModified\":\"2024-04-23T15:09:52+00:00\",\"mainEntityOfPage\":{\"@id\":\"https:\/\/www.bezoya.es\/bebe-a-bordo\/blog-bab\/maternidad-pandemia-homenaje-bebe-bordo\/\"},\"wordCount\":460,\"commentCount\":0,\"image\":{\"@id\":\"https:\/\/www.bezoya.es\/bebe-a-bordo\/blog-bab\/maternidad-pandemia-homenaje-bebe-bordo\/#primaryimage\"},\"thumbnailUrl\":\"https:\/\/www.bezoya.es\/bebe-a-bordo\/wp-content\/uploads\/2021\/03\/miniatura-BAB-03.jpg\",\"articleSection\":[\"Blog Beb\u00e9 a Bordo\"],\"inLanguage\":\"es\",\"potentialAction\":[{\"@type\":\"CommentAction\",\"name\":\"Comment\",\"target\":[\"https:\/\/www.bezoya.es\/bebe-a-bordo\/blog-bab\/maternidad-pandemia-homenaje-bebe-bordo\/#respond\"]}]},{\"@type\":\"WebPage\",\"@id\":\"https:\/\/www.bezoya.es\/bebe-a-bordo\/blog-bab\/maternidad-pandemia-homenaje-bebe-bordo\/\",\"url\":\"https:\/\/www.bezoya.es\/bebe-a-bordo\/blog-bab\/maternidad-pandemia-homenaje-bebe-bordo\/\",\"name\":\"Maternidad en pandemia | Nueva temporada de Beb\u00e9 a Bordo\",\"isPartOf\":{\"@id\":\"https:\/\/www.bezoya.es\/bebe-a-bordo\/#website\"},\"primaryImageOfPage\":{\"@id\":\"https:\/\/www.bezoya.es\/bebe-a-bordo\/blog-bab\/maternidad-pandemia-homenaje-bebe-bordo\/#primaryimage\"},\"image\":{\"@id\":\"https:\/\/www.bezoya.es\/bebe-a-bordo\/blog-bab\/maternidad-pandemia-homenaje-bebe-bordo\/#primaryimage\"},\"thumbnailUrl\":\"https:\/\/www.bezoya.es\/bebe-a-bordo\/wp-content\/uploads\/2021\/03\/miniatura-BAB-03.jpg\",\"datePublished\":\"2021-03-14T10:00:20+00:00\",\"dateModified\":\"2024-04-23T15:09:52+00:00\",\"author\":{\"@id\":\"https:\/\/www.bezoya.es\/bebe-a-bordo\/#\/schema\/person\/27f580841a0710199ed73bb8262c9de1\"},\"description\":\"Descubre #PandemialsABordo, un tributo a la vida, a las familias y a todos los especialistas que hicieron posible que la vida continuara en pandemia.\",\"inLanguage\":\"es\",\"potentialAction\":[{\"@type\":\"ReadAction\",\"target\":[\"https:\/\/www.bezoya.es\/bebe-a-bordo\/blog-bab\/maternidad-pandemia-homenaje-bebe-bordo\/\"]}]},{\"@type\":\"ImageObject\",\"inLanguage\":\"es\",\"@id\":\"https:\/\/www.bezoya.es\/bebe-a-bordo\/blog-bab\/maternidad-pandemia-homenaje-bebe-bordo\/#primaryimage\",\"url\":\"https:\/\/www.bezoya.es\/bebe-a-bordo\/wp-content\/uploads\/2021\/03\/miniatura-BAB-03.jpg\",\"contentUrl\":\"https:\/\/www.bezoya.es\/bebe-a-bordo\/wp-content\/uploads\/2021\/03\/miniatura-BAB-03.jpg\",\"width\":1600,\"height\":900,\"caption\":\"Maternidad en Pandemia\"},{\"@type\":\"WebSite\",\"@id\":\"https:\/\/www.bezoya.es\/bebe-a-bordo\/#website\",\"url\":\"https:\/\/www.bezoya.es\/bebe-a-bordo\/\",\"name\":\"Agua mineral natural Bezoya\",\"description\":\"El agua de mineralizaci\u00f3n muy d\u00e9bil\",\"potentialAction\":[{\"@type\":\"SearchAction\",\"target\":{\"@type\":\"EntryPoint\",\"urlTemplate\":\"https:\/\/www.bezoya.es\/bebe-a-bordo\/?s={search_term_string}\"},\"query-input\":{\"@type\":\"PropertyValueSpecification\",\"valueRequired\":true,\"valueName\":\"search_term_string\"}}],\"inLanguage\":\"es\"},{\"@type\":\"Person\",\"@id\":\"https:\/\/www.bezoya.es\/bebe-a-bordo\/#\/schema\/person\/27f580841a0710199ed73bb8262c9de1\",\"name\":\"Beb\u00e9 a Bordo\",\"image\":{\"@type\":\"ImageObject\",\"inLanguage\":\"es\",\"@id\":\"https:\/\/www.bezoya.es\/bebe-a-bordo\/#\/schema\/person\/image\/\",\"url\":\"https:\/\/secure.gravatar.com\/avatar\/0b0c609b63be1f5d579657e5afa8b15ebc59af1c9cca5c551ddcd2114a725785?s=96&d=mm&r=g\",\"contentUrl\":\"https:\/\/secure.gravatar.com\/avatar\/0b0c609b63be1f5d579657e5afa8b15ebc59af1c9cca5c551ddcd2114a725785?s=96&d=mm&r=g\",\"caption\":\"Beb\u00e9 a Bordo\"},\"description\":\"El baby coach de Bezoya que te acompa\u00f1a desde el embarazo, parto y postparto, hasta sus primeros pasos.\",\"url\":\"https:\/\/www.bezoya.es\/bebe-a-bordo\/author\/bebe-a-bordo\/\"}]}<\/script>\n<!-- \/ Yoast SEO plugin. -->","yoast_head_json":{"title":"Maternidad en pandemia | Nueva temporada de Beb\u00e9 a Bordo","description":"Descubre #PandemialsABordo, un tributo a la vida, a las familias y a todos los especialistas que hicieron posible que la vida continuara en pandemia.","robots":{"index":"index","follow":"follow","max-snippet":"max-snippet:-1","max-image-preview":"max-image-preview:large","max-video-preview":"max-video-preview:-1"},"canonical":"https:\/\/www.bezoya.es\/bebe-a-bordo\/blog-bab\/maternidad-pandemia-homenaje-bebe-bordo\/","og_locale":"es_ES","og_type":"article","og_title":"Maternidad en pandemia | Nueva temporada de Beb\u00e9 a Bordo","og_description":"Descubre #PandemialsABordo, un tributo a la vida, a las familias y a todos los especialistas que hicieron posible que la vida continuara en pandemia.","og_url":"https:\/\/www.bezoya.es\/bebe-a-bordo\/blog-bab\/maternidad-pandemia-homenaje-bebe-bordo\/","og_site_name":"Agua mineral natural Bezoya","article_published_time":"2021-03-14T10:00:20+00:00","article_modified_time":"2024-04-23T15:09:52+00:00","og_image":[{"width":1600,"height":900,"url":"https:\/\/www.bezoya.es\/bebe-a-bordo\/wp-content\/uploads\/2021\/03\/miniatura-BAB-03.jpg","type":"image\/jpeg"}],"author":"Beb\u00e9 a Bordo","twitter_card":"summary_large_image","twitter_misc":{"Escrito por":"Beb\u00e9 a Bordo","Tiempo de lectura":"2 minutos"},"schema":{"@context":"https:\/\/schema.org","@graph":[{"@type":"Article","@id":"https:\/\/www.bezoya.es\/bebe-a-bordo\/blog-bab\/maternidad-pandemia-homenaje-bebe-bordo\/#article","isPartOf":{"@id":"https:\/\/www.bezoya.es\/bebe-a-bordo\/blog-bab\/maternidad-pandemia-homenaje-bebe-bordo\/"},"author":{"name":"Beb\u00e9 a Bordo","@id":"https:\/\/www.bezoya.es\/bebe-a-bordo\/#\/schema\/person\/27f580841a0710199ed73bb8262c9de1"},"headline":"Maternidad en pandemia; la nueva temporada de Beb\u00e9 a Bordo.","datePublished":"2021-03-14T10:00:20+00:00","dateModified":"2024-04-23T15:09:52+00:00","mainEntityOfPage":{"@id":"https:\/\/www.bezoya.es\/bebe-a-bordo\/blog-bab\/maternidad-pandemia-homenaje-bebe-bordo\/"},"wordCount":460,"commentCount":0,"image":{"@id":"https:\/\/www.bezoya.es\/bebe-a-bordo\/blog-bab\/maternidad-pandemia-homenaje-bebe-bordo\/#primaryimage"},"thumbnailUrl":"https:\/\/www.bezoya.es\/bebe-a-bordo\/wp-content\/uploads\/2021\/03\/miniatura-BAB-03.jpg","articleSection":["Blog Beb\u00e9 a Bordo"],"inLanguage":"es","potentialAction":[{"@type":"CommentAction","name":"Comment","target":["https:\/\/www.bezoya.es\/bebe-a-bordo\/blog-bab\/maternidad-pandemia-homenaje-bebe-bordo\/#respond"]}]},{"@type":"WebPage","@id":"https:\/\/www.bezoya.es\/bebe-a-bordo\/blog-bab\/maternidad-pandemia-homenaje-bebe-bordo\/","url":"https:\/\/www.bezoya.es\/bebe-a-bordo\/blog-bab\/maternidad-pandemia-homenaje-bebe-bordo\/","name":"Maternidad en pandemia | Nueva temporada de Beb\u00e9 a Bordo","isPartOf":{"@id":"https:\/\/www.bezoya.es\/bebe-a-bordo\/#website"},"primaryImageOfPage":{"@id":"https:\/\/www.bezoya.es\/bebe-a-bordo\/blog-bab\/maternidad-pandemia-homenaje-bebe-bordo\/#primaryimage"},"image":{"@id":"https:\/\/www.bezoya.es\/bebe-a-bordo\/blog-bab\/maternidad-pandemia-homenaje-bebe-bordo\/#primaryimage"},"thumbnailUrl":"https:\/\/www.bezoya.es\/bebe-a-bordo\/wp-content\/uploads\/2021\/03\/miniatura-BAB-03.jpg","datePublished":"2021-03-14T10:00:20+00:00","dateModified":"2024-04-23T15:09:52+00:00","author":{"@id":"https:\/\/www.bezoya.es\/bebe-a-bordo\/#\/schema\/person\/27f580841a0710199ed73bb8262c9de1"},"description":"Descubre #PandemialsABordo, un tributo a la vida, a las familias y a todos los especialistas que hicieron posible que la vida continuara en pandemia.","inLanguage":"es","potentialAction":[{"@type":"ReadAction","target":["https:\/\/www.bezoya.es\/bebe-a-bordo\/blog-bab\/maternidad-pandemia-homenaje-bebe-bordo\/"]}]},{"@type":"ImageObject","inLanguage":"es","@id":"https:\/\/www.bezoya.es\/bebe-a-bordo\/blog-bab\/maternidad-pandemia-homenaje-bebe-bordo\/#primaryimage","url":"https:\/\/www.bezoya.es\/bebe-a-bordo\/wp-content\/uploads\/2021\/03\/miniatura-BAB-03.jpg","contentUrl":"https:\/\/www.bezoya.es\/bebe-a-bordo\/wp-content\/uploads\/2021\/03\/miniatura-BAB-03.jpg","width":1600,"height":900,"caption":"Maternidad en Pandemia"},{"@type":"WebSite","@id":"https:\/\/www.bezoya.es\/bebe-a-bordo\/#website","url":"https:\/\/www.bezoya.es\/bebe-a-bordo\/","name":"Agua mineral natural Bezoya","description":"El agua de mineralizaci\u00f3n muy d\u00e9bil","potentialAction":[{"@type":"SearchAction","target":{"@type":"EntryPoint","urlTemplate":"https:\/\/www.bezoya.es\/bebe-a-bordo\/?s={search_term_string}"},"query-input":{"@type":"PropertyValueSpecification","valueRequired":true,"valueName":"search_term_string"}}],"inLanguage":"es"},{"@type":"Person","@id":"https:\/\/www.bezoya.es\/bebe-a-bordo\/#\/schema\/person\/27f580841a0710199ed73bb8262c9de1","name":"Beb\u00e9 a Bordo","image":{"@type":"ImageObject","inLanguage":"es","@id":"https:\/\/www.bezoya.es\/bebe-a-bordo\/#\/schema\/person\/image\/","url":"https:\/\/secure.gravatar.com\/avatar\/0b0c609b63be1f5d579657e5afa8b15ebc59af1c9cca5c551ddcd2114a725785?s=96&d=mm&r=g","contentUrl":"https:\/\/secure.gravatar.com\/avatar\/0b0c609b63be1f5d579657e5afa8b15ebc59af1c9cca5c551ddcd2114a725785?s=96&d=mm&r=g","caption":"Beb\u00e9 a Bordo"},"description":"El baby coach de Bezoya que te acompa\u00f1a desde el embarazo, parto y postparto, hasta sus primeros pasos.","url":"https:\/\/www.bezoya.es\/bebe-a-bordo\/author\/bebe-a-bordo\/"}]}},"views":2310,"_links":{"self":[{"href":"https:\/\/www.bezoya.es\/bebe-a-bordo\/wp-json\/wp\/v2\/posts\/18017","targetHints":{"allow":["GET"]}}],"collection":[{"href":"https:\/\/www.bezoya.es\/bebe-a-bordo\/wp-json\/wp\/v2\/posts"}],"about":[{"href":"https:\/\/www.bezoya.es\/bebe-a-bordo\/wp-json\/wp\/v2\/types\/post"}],"author":[{"embeddable":true,"href":"https:\/\/www.bezoya.es\/bebe-a-bordo\/wp-json\/wp\/v2\/users\/119"}],"replies":[{"embeddable":true,"href":"https:\/\/www.bezoya.es\/bebe-a-bordo\/wp-json\/wp\/v2\/comments?post=18017"}],"version-history":[{"count":11,"href":"https:\/\/www.bezoya.es\/bebe-a-bordo\/wp-json\/wp\/v2\/posts\/18017\/revisions"}],"predecessor-version":[{"id":18585,"href":"https:\/\/www.bezoya.es\/bebe-a-bordo\/wp-json\/wp\/v2\/posts\/18017\/revisions\/18585"}],"wp:featuredmedia":[{"embeddable":true,"href":"https:\/\/www.bezoya.es\/bebe-a-bordo\/wp-json\/wp\/v2\/media\/18026"}],"wp:attachment":[{"href":"https:\/\/www.bezoya.es\/bebe-a-bordo\/wp-json\/wp\/v2\/media?parent=18017"}],"wp:term":[{"taxonomy":"category","embeddable":true,"href":"https:\/\/www.bezoya.es\/bebe-a-bordo\/wp-json\/wp\/v2\/categories?post=18017"},{"taxonomy":"post_tag","embeddable":true,"href":"https:\/\/www.bezoya.es\/bebe-a-bordo\/wp-json\/wp\/v2\/tags?post=18017"},{"taxonomy":"categoriabab","embeddable":true,"href":"https:\/\/www.bezoya.es\/bebe-a-bordo\/wp-json\/wp\/v2\/categoriabab?post=18017"},{"taxonomy":"palabra_clave","embeddable":true,"href":"https:\/\/www.bezoya.es\/bebe-a-bordo\/wp-json\/wp\/v2\/palabra_clave?post=18017"}],"curies":[{"name":"wp","href":"https:\/\/api.w.org\/{rel}","templated":true}]}}