{"id":17751,"date":"2020-09-24T14:31:18","date_gmt":"2020-09-24T12:31:18","guid":{"rendered":"https:\/\/www.bezoya.es\/bebe-a-bordo\/?p=17751"},"modified":"2024-04-23T17:12:02","modified_gmt":"2024-04-23T15:12:02","slug":"la-musica-movimiento","status":"publish","type":"post","link":"https:\/\/www.bezoya.es\/bebe-a-bordo\/blog-bab\/la-musica-movimiento\/","title":{"rendered":"La M\u00fasica y el Movimiento"},"content":{"rendered":"<h5 style=\"text-align: center;\"><strong>Hacia el ecuador del embarazo, el ni\u00f1o comienza a percibir los primeros sonidos, la voz de la madre se convierte en la primera sinton\u00eda de vida. <\/strong><strong>\u201cLa m\u00fasica es amor buscando palabras\u201d, Lawrence Durrell.<\/strong><\/h5>\n<p><span style=\"font-weight: 400;\">Existen numerosos estudios que confirman que exponer al beb\u00e9 a m\u00fasica durante el embarazo potencia el desarrollo psicomotriz. Incluso a nivel concepci\u00f3n, se realiz\u00f3 una investigaci\u00f3n que sac\u00f3 los siguientes resultados: <strong>Los embriones expuestos a cualquier tipo de m\u00fasica, prosperaban mejor que aquellos que no ten\u00edan ese est\u00edmulo sonoro.<\/strong> \u00bfNo es incre\u00edble?<\/span><\/p>\n<p><span style=\"font-weight: 400;\">De los 0 a los 6 a\u00f1os es cuando el ni\u00f1o produce el mayor n\u00famero de conexiones neuronales de toda su vida. Y la m\u00fasica puede ser un gran acompa\u00f1ante.<\/span><\/p>\n<p><strong>La m\u00fasica es un gran recurs<\/strong><span style=\"font-weight: 400;\"><strong>o.<\/strong> En el caso de los ni\u00f1os, debido a su alta sensibilidad, tienden a calmarse cuando escuchan a alguien cantar<\/span><span style=\"font-weight: 400;\">.<\/span><span style=\"font-weight: 400;\">&#x263a; <\/span><span style=\"font-weight: 400;\">Las nanas son un recurso de toda la vida para relajar a los m\u00e1s peque\u00f1os. <\/span><span style=\"font-weight: 400;\">La m\u00fasica se integra con fuerza en los proyectos educativos por su gran potencial: fomenta el desarrollo cognitivo, psicol\u00f3gico y creativo. <strong>Los efectos de la m\u00fasica van mucho m\u00e1s all\u00e1 de favorecer el movimiento f\u00ed<\/strong>sico.<\/span><\/p>\n<p><span style=\"font-weight: 400;\">Por ejemplo, el sonido r\u00edtmico es un gran recurso para adquirir una buena base matem\u00e1tica. Las melod\u00edas con letra favorecen la memorizaci\u00f3n, la comprensi\u00f3n de textos e incluso de idiomas.<\/span><\/p>\n<p><span style=\"font-weight: 400;\"><strong>La m\u00fasica es una gran herramienta did\u00e1ctica<\/strong>, accesible para todas las familias y que puede regalar grandes aprendizajes a los ni\u00f1os. Es tan eficaz que tiene aplicaciones terap\u00e9uticas para diferentes trastornos. <\/span><span style=\"font-weight: 400;\">Si tenemos presente que los ni\u00f1os en la etapa infantil, que comprende a nivel educativo hasta los 6 a\u00f1os, est\u00e1n en la etapa m\u00e1s sensible, con todos sus sentidos en su m\u00e1ximo apogeo y abiertos a percibir todo est\u00edmulo de su entorno, debemos aprovechar este momento para potenciar su desarrollo a todos los niveles.<\/span><\/p>\n<p><span style=\"font-weight: 400;\">La m\u00fasica es una gran aliada para acompa\u00f1ar a los ni\u00f1os en sus procesos de adquisiciones y aprendizajes. <strong>Para interiorizar las partes del cuerpo a trav\u00e9s del movimiento, para profundizar en sus sensaciones, experiencias y emociones\u2026 <\/strong><\/span><span style=\"font-weight: 400;\">Si en la edad adulta, la m\u00fasica es capaz de emocionarnos, relajarnos, trasladarnos o evocarnos, imaginad c\u00f3mo puede convertirse en un recurso para los ni\u00f1os, por la magia que desprende.<\/span><\/p>\n<p><span style=\"font-weight: 400;\">Os propongo, a continuaci\u00f3n, algunas <strong>actividades relacionadas con la estimulaci\u00f3n musical y el movimiento<\/strong> para aprovechar todos los beneficios que les brinda y que se sientan bien orgullosos de haber creado, por s\u00ed mismos, instrumentos o disfrutado de experiencias sensibles al escuchar canciones. Los padres tambi\u00e9n se pueden animar \ud83d\ude09<\/span><\/p>\n<ul>\n<li style=\"font-weight: 400;\"><a href=\"https:\/\/www.bezoya.es\/bebe-a-bordo\/blog-bab\/educacion-de-3-a-5-anos\/actividades-educa-3-5\/caricias-al-la-musica\/\"><span style=\"font-weight: 400;\">Caricias al son de la m\u00fasica<\/span><\/a><\/li>\n<li style=\"font-weight: 400;\"><a href=\"https:\/\/www.bezoya.es\/bebe-a-bordo\/blog-bab\/educacion-de-3-a-5-anos\/construir-unas-maracas-bezoya\/\"><span style=\"font-weight: 400;\">Maracas Bezoya<\/span><\/a><\/li>\n<li style=\"font-weight: 400;\"><a href=\"https:\/\/www.bezoya.es\/bebe-a-bordo\/blog-bab\/educacion-de-3-a-5-anos\/dados-la-musica-la-expresion\/\"><span style=\"font-weight: 400;\">Dados de la m\u00fasica y la expresi\u00f3n<\/span><\/a><\/li>\n<li style=\"font-weight: 400;\"><a href=\"https:\/\/www.bezoya.es\/bebe-a-bordo\/blog-bab\/educacion-de-3-a-5-anos\/macetas-autorregulables-la-musica\/\"><span style=\"font-weight: 400;\">Macetas autoregulables y la m\u00fasica\u00a0<\/span><\/a><\/li>\n<\/ul>\n<p>&nbsp;<\/p>\n<p>Ana Villaseca<\/p>\n","protected":false},"excerpt":{"rendered":"<p>Hacia el ecuador del embarazo, el ni\u00f1o comienza a percibir los primeros sonidos, la voz de la madre se convierte en la primera sinton\u00eda de vida. \u201cLa m\u00fasica es amor buscando palabras\u201d, Lawrence Durrell. Existen numerosos estudios que confirman que exponer al beb\u00e9 a m\u00fasica durante el embarazo potencia el desarrollo psicomotriz. Incluso a nivel concepci\u00f3n, se realiz\u00f3 una investigaci\u00f3n que sac\u00f3 los siguientes resultados: Los embriones expuestos a cualquier tipo de m\u00fasica, prosperaban mejor que aquellos que no ten\u00edan ese est\u00edmulo sonoro. \u00bfNo es incre\u00edble? De los 0 a los 6 a\u00f1os es cuando el ni\u00f1o produce el mayor &#8230;<\/p>\n","protected":false},"author":119,"featured_media":17755,"comment_status":"open","ping_status":"open","sticky":false,"template":"","format":"standard","meta":{"_acf_changed":false,"inline_featured_image":false,"footnotes":""},"categories":[7],"tags":[],"categoriabab":[675],"palabra_clave":[],"class_list":["post-17751","post","type-post","status-publish","format-standard","has-post-thumbnail","hentry","category-blog-bab","categoriabab-crianza-hasta-los-2-anos"],"acf":[],"yoast_head":"<!-- This site is optimized with the Yoast SEO plugin v27.1.1 - https:\/\/yoast.com\/product\/yoast-seo-wordpress\/ -->\n<title>La M\u00fasica y el Movimiento - Agua mineral natural Bezoya<\/title>\n<meta name=\"robots\" content=\"index, follow, max-snippet:-1, max-image-preview:large, max-video-preview:-1\" \/>\n<link rel=\"canonical\" href=\"https:\/\/www.bezoya.es\/bebe-a-bordo\/blog-bab\/la-musica-movimiento\/\" \/>\n<meta property=\"og:locale\" content=\"es_ES\" \/>\n<meta property=\"og:type\" content=\"article\" \/>\n<meta property=\"og:title\" content=\"La M\u00fasica y el Movimiento - Agua mineral natural Bezoya\" \/>\n<meta property=\"og:description\" content=\"Hacia el ecuador del embarazo, el ni\u00f1o comienza a percibir los primeros sonidos, la voz de la madre se convierte en la primera sinton\u00eda de vida. \u201cLa m\u00fasica es amor buscando palabras\u201d, Lawrence Durrell. Existen numerosos estudios que confirman que exponer al beb\u00e9 a m\u00fasica durante el embarazo potencia el desarrollo psicomotriz. Incluso a nivel concepci\u00f3n, se realiz\u00f3 una investigaci\u00f3n que sac\u00f3 los siguientes resultados: Los embriones expuestos a cualquier tipo de m\u00fasica, prosperaban mejor que aquellos que no ten\u00edan ese est\u00edmulo sonoro. \u00bfNo es incre\u00edble? De los 0 a los 6 a\u00f1os es cuando el ni\u00f1o produce el mayor ...\" \/>\n<meta property=\"og:url\" content=\"https:\/\/www.bezoya.es\/bebe-a-bordo\/blog-bab\/la-musica-movimiento\/\" \/>\n<meta property=\"og:site_name\" content=\"Agua mineral natural Bezoya\" \/>\n<meta property=\"article:published_time\" content=\"2020-09-24T12:31:18+00:00\" \/>\n<meta property=\"article:modified_time\" content=\"2024-04-23T15:12:02+00:00\" \/>\n<meta property=\"og:image\" content=\"https:\/\/www.bezoya.es\/bebe-a-bordo\/wp-content\/uploads\/2020\/09\/shutterstock_1041785455.jpg\" \/>\n\t<meta property=\"og:image:width\" content=\"1600\" \/>\n\t<meta property=\"og:image:height\" content=\"1068\" \/>\n\t<meta property=\"og:image:type\" content=\"image\/jpeg\" \/>\n<meta name=\"author\" content=\"Beb\u00e9 a Bordo\" \/>\n<meta name=\"twitter:card\" content=\"summary_large_image\" \/>\n<meta name=\"twitter:label1\" content=\"Escrito por\" \/>\n\t<meta name=\"twitter:data1\" content=\"Beb\u00e9 a Bordo\" \/>\n\t<meta name=\"twitter:label2\" content=\"Tiempo de lectura\" \/>\n\t<meta name=\"twitter:data2\" content=\"3 minutos\" \/>\n<script type=\"application\/ld+json\" class=\"yoast-schema-graph\">{\"@context\":\"https:\/\/schema.org\",\"@graph\":[{\"@type\":\"Article\",\"@id\":\"https:\/\/www.bezoya.es\/bebe-a-bordo\/blog-bab\/la-musica-movimiento\/#article\",\"isPartOf\":{\"@id\":\"https:\/\/www.bezoya.es\/bebe-a-bordo\/blog-bab\/la-musica-movimiento\/\"},\"author\":{\"name\":\"Beb\u00e9 a Bordo\",\"@id\":\"https:\/\/www.bezoya.es\/bebe-a-bordo\/#\/schema\/person\/27f580841a0710199ed73bb8262c9de1\"},\"headline\":\"La M\u00fasica y el Movimiento\",\"datePublished\":\"2020-09-24T12:31:18+00:00\",\"dateModified\":\"2024-04-23T15:12:02+00:00\",\"mainEntityOfPage\":{\"@id\":\"https:\/\/www.bezoya.es\/bebe-a-bordo\/blog-bab\/la-musica-movimiento\/\"},\"wordCount\":504,\"commentCount\":0,\"image\":{\"@id\":\"https:\/\/www.bezoya.es\/bebe-a-bordo\/blog-bab\/la-musica-movimiento\/#primaryimage\"},\"thumbnailUrl\":\"https:\/\/www.bezoya.es\/bebe-a-bordo\/wp-content\/uploads\/2020\/09\/shutterstock_1041785455.jpg\",\"articleSection\":[\"Blog Beb\u00e9 a Bordo\"],\"inLanguage\":\"es\",\"potentialAction\":[{\"@type\":\"CommentAction\",\"name\":\"Comment\",\"target\":[\"https:\/\/www.bezoya.es\/bebe-a-bordo\/blog-bab\/la-musica-movimiento\/#respond\"]}]},{\"@type\":\"WebPage\",\"@id\":\"https:\/\/www.bezoya.es\/bebe-a-bordo\/blog-bab\/la-musica-movimiento\/\",\"url\":\"https:\/\/www.bezoya.es\/bebe-a-bordo\/blog-bab\/la-musica-movimiento\/\",\"name\":\"La M\u00fasica y el Movimiento - Agua mineral natural Bezoya\",\"isPartOf\":{\"@id\":\"https:\/\/www.bezoya.es\/bebe-a-bordo\/#website\"},\"primaryImageOfPage\":{\"@id\":\"https:\/\/www.bezoya.es\/bebe-a-bordo\/blog-bab\/la-musica-movimiento\/#primaryimage\"},\"image\":{\"@id\":\"https:\/\/www.bezoya.es\/bebe-a-bordo\/blog-bab\/la-musica-movimiento\/#primaryimage\"},\"thumbnailUrl\":\"https:\/\/www.bezoya.es\/bebe-a-bordo\/wp-content\/uploads\/2020\/09\/shutterstock_1041785455.jpg\",\"datePublished\":\"2020-09-24T12:31:18+00:00\",\"dateModified\":\"2024-04-23T15:12:02+00:00\",\"author\":{\"@id\":\"https:\/\/www.bezoya.es\/bebe-a-bordo\/#\/schema\/person\/27f580841a0710199ed73bb8262c9de1\"},\"inLanguage\":\"es\",\"potentialAction\":[{\"@type\":\"ReadAction\",\"target\":[\"https:\/\/www.bezoya.es\/bebe-a-bordo\/blog-bab\/la-musica-movimiento\/\"]}]},{\"@type\":\"ImageObject\",\"inLanguage\":\"es\",\"@id\":\"https:\/\/www.bezoya.es\/bebe-a-bordo\/blog-bab\/la-musica-movimiento\/#primaryimage\",\"url\":\"https:\/\/www.bezoya.es\/bebe-a-bordo\/wp-content\/uploads\/2020\/09\/shutterstock_1041785455.jpg\",\"contentUrl\":\"https:\/\/www.bezoya.es\/bebe-a-bordo\/wp-content\/uploads\/2020\/09\/shutterstock_1041785455.jpg\",\"width\":1600,\"height\":1068,\"caption\":\"m\u00fasica ni\u00f1os\"},{\"@type\":\"WebSite\",\"@id\":\"https:\/\/www.bezoya.es\/bebe-a-bordo\/#website\",\"url\":\"https:\/\/www.bezoya.es\/bebe-a-bordo\/\",\"name\":\"Agua mineral natural Bezoya\",\"description\":\"El agua de mineralizaci\u00f3n muy d\u00e9bil\",\"potentialAction\":[{\"@type\":\"SearchAction\",\"target\":{\"@type\":\"EntryPoint\",\"urlTemplate\":\"https:\/\/www.bezoya.es\/bebe-a-bordo\/?s={search_term_string}\"},\"query-input\":{\"@type\":\"PropertyValueSpecification\",\"valueRequired\":true,\"valueName\":\"search_term_string\"}}],\"inLanguage\":\"es\"},{\"@type\":\"Person\",\"@id\":\"https:\/\/www.bezoya.es\/bebe-a-bordo\/#\/schema\/person\/27f580841a0710199ed73bb8262c9de1\",\"name\":\"Beb\u00e9 a Bordo\",\"image\":{\"@type\":\"ImageObject\",\"inLanguage\":\"es\",\"@id\":\"https:\/\/www.bezoya.es\/bebe-a-bordo\/#\/schema\/person\/image\/\",\"url\":\"https:\/\/secure.gravatar.com\/avatar\/0b0c609b63be1f5d579657e5afa8b15ebc59af1c9cca5c551ddcd2114a725785?s=96&d=mm&r=g\",\"contentUrl\":\"https:\/\/secure.gravatar.com\/avatar\/0b0c609b63be1f5d579657e5afa8b15ebc59af1c9cca5c551ddcd2114a725785?s=96&d=mm&r=g\",\"caption\":\"Beb\u00e9 a Bordo\"},\"description\":\"El baby coach de Bezoya que te acompa\u00f1a desde el embarazo, parto y postparto, hasta sus primeros pasos.\",\"url\":\"https:\/\/www.bezoya.es\/bebe-a-bordo\/author\/bebe-a-bordo\/\"}]}<\/script>\n<!-- \/ Yoast SEO plugin. -->","yoast_head_json":{"title":"La M\u00fasica y el Movimiento - Agua mineral natural Bezoya","robots":{"index":"index","follow":"follow","max-snippet":"max-snippet:-1","max-image-preview":"max-image-preview:large","max-video-preview":"max-video-preview:-1"},"canonical":"https:\/\/www.bezoya.es\/bebe-a-bordo\/blog-bab\/la-musica-movimiento\/","og_locale":"es_ES","og_type":"article","og_title":"La M\u00fasica y el Movimiento - Agua mineral natural Bezoya","og_description":"Hacia el ecuador del embarazo, el ni\u00f1o comienza a percibir los primeros sonidos, la voz de la madre se convierte en la primera sinton\u00eda de vida. \u201cLa m\u00fasica es amor buscando palabras\u201d, Lawrence Durrell. Existen numerosos estudios que confirman que exponer al beb\u00e9 a m\u00fasica durante el embarazo potencia el desarrollo psicomotriz. Incluso a nivel concepci\u00f3n, se realiz\u00f3 una investigaci\u00f3n que sac\u00f3 los siguientes resultados: Los embriones expuestos a cualquier tipo de m\u00fasica, prosperaban mejor que aquellos que no ten\u00edan ese est\u00edmulo sonoro. \u00bfNo es incre\u00edble? De los 0 a los 6 a\u00f1os es cuando el ni\u00f1o produce el mayor ...","og_url":"https:\/\/www.bezoya.es\/bebe-a-bordo\/blog-bab\/la-musica-movimiento\/","og_site_name":"Agua mineral natural Bezoya","article_published_time":"2020-09-24T12:31:18+00:00","article_modified_time":"2024-04-23T15:12:02+00:00","og_image":[{"width":1600,"height":1068,"url":"https:\/\/www.bezoya.es\/bebe-a-bordo\/wp-content\/uploads\/2020\/09\/shutterstock_1041785455.jpg","type":"image\/jpeg"}],"author":"Beb\u00e9 a Bordo","twitter_card":"summary_large_image","twitter_misc":{"Escrito por":"Beb\u00e9 a Bordo","Tiempo de lectura":"3 minutos"},"schema":{"@context":"https:\/\/schema.org","@graph":[{"@type":"Article","@id":"https:\/\/www.bezoya.es\/bebe-a-bordo\/blog-bab\/la-musica-movimiento\/#article","isPartOf":{"@id":"https:\/\/www.bezoya.es\/bebe-a-bordo\/blog-bab\/la-musica-movimiento\/"},"author":{"name":"Beb\u00e9 a Bordo","@id":"https:\/\/www.bezoya.es\/bebe-a-bordo\/#\/schema\/person\/27f580841a0710199ed73bb8262c9de1"},"headline":"La M\u00fasica y el Movimiento","datePublished":"2020-09-24T12:31:18+00:00","dateModified":"2024-04-23T15:12:02+00:00","mainEntityOfPage":{"@id":"https:\/\/www.bezoya.es\/bebe-a-bordo\/blog-bab\/la-musica-movimiento\/"},"wordCount":504,"commentCount":0,"image":{"@id":"https:\/\/www.bezoya.es\/bebe-a-bordo\/blog-bab\/la-musica-movimiento\/#primaryimage"},"thumbnailUrl":"https:\/\/www.bezoya.es\/bebe-a-bordo\/wp-content\/uploads\/2020\/09\/shutterstock_1041785455.jpg","articleSection":["Blog Beb\u00e9 a Bordo"],"inLanguage":"es","potentialAction":[{"@type":"CommentAction","name":"Comment","target":["https:\/\/www.bezoya.es\/bebe-a-bordo\/blog-bab\/la-musica-movimiento\/#respond"]}]},{"@type":"WebPage","@id":"https:\/\/www.bezoya.es\/bebe-a-bordo\/blog-bab\/la-musica-movimiento\/","url":"https:\/\/www.bezoya.es\/bebe-a-bordo\/blog-bab\/la-musica-movimiento\/","name":"La M\u00fasica y el Movimiento - Agua mineral natural Bezoya","isPartOf":{"@id":"https:\/\/www.bezoya.es\/bebe-a-bordo\/#website"},"primaryImageOfPage":{"@id":"https:\/\/www.bezoya.es\/bebe-a-bordo\/blog-bab\/la-musica-movimiento\/#primaryimage"},"image":{"@id":"https:\/\/www.bezoya.es\/bebe-a-bordo\/blog-bab\/la-musica-movimiento\/#primaryimage"},"thumbnailUrl":"https:\/\/www.bezoya.es\/bebe-a-bordo\/wp-content\/uploads\/2020\/09\/shutterstock_1041785455.jpg","datePublished":"2020-09-24T12:31:18+00:00","dateModified":"2024-04-23T15:12:02+00:00","author":{"@id":"https:\/\/www.bezoya.es\/bebe-a-bordo\/#\/schema\/person\/27f580841a0710199ed73bb8262c9de1"},"inLanguage":"es","potentialAction":[{"@type":"ReadAction","target":["https:\/\/www.bezoya.es\/bebe-a-bordo\/blog-bab\/la-musica-movimiento\/"]}]},{"@type":"ImageObject","inLanguage":"es","@id":"https:\/\/www.bezoya.es\/bebe-a-bordo\/blog-bab\/la-musica-movimiento\/#primaryimage","url":"https:\/\/www.bezoya.es\/bebe-a-bordo\/wp-content\/uploads\/2020\/09\/shutterstock_1041785455.jpg","contentUrl":"https:\/\/www.bezoya.es\/bebe-a-bordo\/wp-content\/uploads\/2020\/09\/shutterstock_1041785455.jpg","width":1600,"height":1068,"caption":"m\u00fasica ni\u00f1os"},{"@type":"WebSite","@id":"https:\/\/www.bezoya.es\/bebe-a-bordo\/#website","url":"https:\/\/www.bezoya.es\/bebe-a-bordo\/","name":"Agua mineral natural Bezoya","description":"El agua de mineralizaci\u00f3n muy d\u00e9bil","potentialAction":[{"@type":"SearchAction","target":{"@type":"EntryPoint","urlTemplate":"https:\/\/www.bezoya.es\/bebe-a-bordo\/?s={search_term_string}"},"query-input":{"@type":"PropertyValueSpecification","valueRequired":true,"valueName":"search_term_string"}}],"inLanguage":"es"},{"@type":"Person","@id":"https:\/\/www.bezoya.es\/bebe-a-bordo\/#\/schema\/person\/27f580841a0710199ed73bb8262c9de1","name":"Beb\u00e9 a Bordo","image":{"@type":"ImageObject","inLanguage":"es","@id":"https:\/\/www.bezoya.es\/bebe-a-bordo\/#\/schema\/person\/image\/","url":"https:\/\/secure.gravatar.com\/avatar\/0b0c609b63be1f5d579657e5afa8b15ebc59af1c9cca5c551ddcd2114a725785?s=96&d=mm&r=g","contentUrl":"https:\/\/secure.gravatar.com\/avatar\/0b0c609b63be1f5d579657e5afa8b15ebc59af1c9cca5c551ddcd2114a725785?s=96&d=mm&r=g","caption":"Beb\u00e9 a Bordo"},"description":"El baby coach de Bezoya que te acompa\u00f1a desde el embarazo, parto y postparto, hasta sus primeros pasos.","url":"https:\/\/www.bezoya.es\/bebe-a-bordo\/author\/bebe-a-bordo\/"}]}},"views":2123,"_links":{"self":[{"href":"https:\/\/www.bezoya.es\/bebe-a-bordo\/wp-json\/wp\/v2\/posts\/17751","targetHints":{"allow":["GET"]}}],"collection":[{"href":"https:\/\/www.bezoya.es\/bebe-a-bordo\/wp-json\/wp\/v2\/posts"}],"about":[{"href":"https:\/\/www.bezoya.es\/bebe-a-bordo\/wp-json\/wp\/v2\/types\/post"}],"author":[{"embeddable":true,"href":"https:\/\/www.bezoya.es\/bebe-a-bordo\/wp-json\/wp\/v2\/users\/119"}],"replies":[{"embeddable":true,"href":"https:\/\/www.bezoya.es\/bebe-a-bordo\/wp-json\/wp\/v2\/comments?post=17751"}],"version-history":[{"count":6,"href":"https:\/\/www.bezoya.es\/bebe-a-bordo\/wp-json\/wp\/v2\/posts\/17751\/revisions"}],"predecessor-version":[{"id":18291,"href":"https:\/\/www.bezoya.es\/bebe-a-bordo\/wp-json\/wp\/v2\/posts\/17751\/revisions\/18291"}],"wp:featuredmedia":[{"embeddable":true,"href":"https:\/\/www.bezoya.es\/bebe-a-bordo\/wp-json\/wp\/v2\/media\/17755"}],"wp:attachment":[{"href":"https:\/\/www.bezoya.es\/bebe-a-bordo\/wp-json\/wp\/v2\/media?parent=17751"}],"wp:term":[{"taxonomy":"category","embeddable":true,"href":"https:\/\/www.bezoya.es\/bebe-a-bordo\/wp-json\/wp\/v2\/categories?post=17751"},{"taxonomy":"post_tag","embeddable":true,"href":"https:\/\/www.bezoya.es\/bebe-a-bordo\/wp-json\/wp\/v2\/tags?post=17751"},{"taxonomy":"categoriabab","embeddable":true,"href":"https:\/\/www.bezoya.es\/bebe-a-bordo\/wp-json\/wp\/v2\/categoriabab?post=17751"},{"taxonomy":"palabra_clave","embeddable":true,"href":"https:\/\/www.bezoya.es\/bebe-a-bordo\/wp-json\/wp\/v2\/palabra_clave?post=17751"}],"curies":[{"name":"wp","href":"https:\/\/api.w.org\/{rel}","templated":true}]}}