{"id":16817,"date":"2018-04-30T12:12:00","date_gmt":"2018-04-30T10:12:00","guid":{"rendered":"https:\/\/www.bezoya.es\/bebe-a-bordo\/?p=16817"},"modified":"2024-04-30T13:34:21","modified_gmt":"2024-04-30T11:34:21","slug":"el-porteo-3","status":"publish","type":"post","link":"https:\/\/www.bezoya.es\/bebe-a-bordo\/blog-bab\/el-porteo-3\/","title":{"rendered":"El porteo"},"content":{"rendered":"<p class=\"p1\">\u00a1\u00a1\u00a1Hola Cuchufletillassssss!!!<\/p>\n<p class=\"p1\">Hoy os voy a hablar de mi experiencia personal con las mochilas de porteo. Hay much\u00edsimos modelos de portabeb\u00e9s, pero no todos ellos son ergon\u00f3micos.<\/p>\n<p class=\"p1\">Para que os hag\u00e1is una idea de c\u00f3mo es una mochila ergon\u00f3mica: son aquellas que respetan la posici\u00f3n natural del beb\u00e9 (conocida como posici\u00f3n \u00abde ranita\u00bb y que puedes reconocer porque la espalda del beb\u00e9 hace una C y sus piernas una M). Es importante que las piernas del beb\u00e9 no cuelguen y el peso no recaiga sobre sus genitales, y que su espalda est\u00e9 sujeta.<\/p>\n<p class=\"p1\" style=\"text-align: center;\"><img loading=\"lazy\" decoding=\"async\" class=\"alignnone size-full wp-image-16820\" src=\"https:\/\/www.bezoya.es\/bebe-a-bordo\/wp-content\/uploads\/2018\/04\/porteo-clarisse-1.png\" alt=\"porteo-clarisse-1\" width=\"375\" height=\"500\" srcset=\"https:\/\/www.bezoya.es\/bebe-a-bordo\/wp-content\/uploads\/2018\/04\/porteo-clarisse-1.png 375w, https:\/\/www.bezoya.es\/bebe-a-bordo\/wp-content\/uploads\/2018\/04\/porteo-clarisse-1-225x300.png 225w\" sizes=\"auto, (max-width: 375px) 100vw, 375px\" \/><\/p>\n<p class=\"p1\">Hoy en d\u00eda hay mucha variedad de portabeb\u00e9s ergon\u00f3micos en el mercado: fular el\u00e1stico, fular tejido, bandoleras, fular de anillas, mei tai, mochilas portabeb\u00e9s&#8230;<\/p>\n<p class=\"p1\">Desde antes de nacer Martina, ten\u00eda muy claro que quer\u00eda portear. Hab\u00eda le\u00eddo sobre el tema en muchos libros de crianza respetuosa\/con apego sobre c\u00f3mo aporta seguridad y confort al beb\u00e9, ya que cuando le porteas est\u00e1s simulando, en cierta manera, las condiciones en las que estaba en el vientre materno, en constante movimiento, el estar recogidito, el olor de su mam\u00e1, el poder escuchar los latidos de su coraz\u00f3n\u2026 Tambi\u00e9n lo ve\u00eda muy pr\u00e1ctico, ya que vivo en la ciudad y cojo el transporte p\u00fablico muy a menudo (sobre todo cuando tengo que coger metro y en algunas paradas no hay ascensor e ir con carrito es un fastidio).<\/p>\n<p class=\"p1\">Adem\u00e1s, te deja las dos manos libres para seguir haciendo cosas mientras est\u00e1s cerca de tu beb\u00e9 (recoger la casa, hacer la comida, jugar con tus otros hijos\u2026). A mi hija Martina los primeros 3 meses le aliviaba mucho los c\u00f3licos del lactante y una gran ventaja es que haces ejercicio.<\/p>\n<p class=\"p1\">As\u00ed que cuando mis abuelos me preguntaron: \u201c\u00bfQu\u00e9 regalo quieres por el nacimiento de Martina?\u201d les respond\u00ed que quer\u00eda una pr\u00e1ctica mochila de porteo ergon\u00f3mica.<\/p>\n<p class=\"p1\" style=\"text-align: center;\"><img loading=\"lazy\" decoding=\"async\" class=\"alignnone size-full wp-image-16823\" src=\"https:\/\/www.bezoya.es\/bebe-a-bordo\/wp-content\/uploads\/2018\/04\/porteo-clarisse-3.png\" alt=\"porteo-clarisse-3\" width=\"500\" height=\"375\" srcset=\"https:\/\/www.bezoya.es\/bebe-a-bordo\/wp-content\/uploads\/2018\/04\/porteo-clarisse-3.png 500w, https:\/\/www.bezoya.es\/bebe-a-bordo\/wp-content\/uploads\/2018\/04\/porteo-clarisse-3-300x225.png 300w\" sizes=\"auto, (max-width: 500px) 100vw, 500px\" \/><\/p>\n<p class=\"p1\">Lo m\u00e1s importante para m\u00ed era buscar que fueran ergon\u00f3micas. Aunque parezca mentira, hay muchos portabeb\u00e9s en el mercado, de marcas muy conocidas, que no lo son y que no respetan la posici\u00f3n natural del beb\u00e9, m\u00e1s conocidas como \u00abmochilas colgonas\u00bb .<\/p>\n<p class=\"p1\">Nosotros lo ten\u00edamos claro: quer\u00edamos una mochila de porteo, por su simplicidad para pon\u00e9rsela y porque la ve\u00edamos m\u00e1s c\u00f3moda para Joni. Las bandoleras o los fulares los ve\u00edamos m\u00e1s complicados y liosos a la hora de pon\u00e9rselos con un reci\u00e9n nacido.<\/p>\n<p class=\"p1\">Nosotros compramos una mochila ergon\u00f3mica que se pod\u00eda empezar a utilizar desde el nacimiento hasta los 36 meses. Era s\u00faper c\u00f3moda, no me dol\u00eda la espalda, no apretaba por ning\u00fan lado y el beb\u00e9 iba s\u00faper recogidito junto a m\u00ed. Para nosotros fue la salvaci\u00f3n a noches en vela cuando Martina ten\u00eda gases, cuando ten\u00edamos que coger transporte p\u00fablico para viajar por la ciudad\u2026<\/p>\n<p class=\"p1\">Para estar por casa tambi\u00e9n me gusta la camiseta de porteo, que es como un fular pero en forma de camiseta, pero mucho m\u00e1s sencillo de poner. La \u00fanica pega que puede tener es que s\u00f3lo se puede utilizar hasta los 6 meses.<\/p>\n<p class=\"p1\" style=\"text-align: center;\"><img loading=\"lazy\" decoding=\"async\" class=\"alignnone size-full wp-image-16821\" src=\"https:\/\/www.bezoya.es\/bebe-a-bordo\/wp-content\/uploads\/2018\/04\/porteo-clarisse-2.png\" alt=\"porteo-clarisse-2\" width=\"500\" height=\"375\" srcset=\"https:\/\/www.bezoya.es\/bebe-a-bordo\/wp-content\/uploads\/2018\/04\/porteo-clarisse-2.png 500w, https:\/\/www.bezoya.es\/bebe-a-bordo\/wp-content\/uploads\/2018\/04\/porteo-clarisse-2-300x225.png 300w\" sizes=\"auto, (max-width: 500px) 100vw, 500px\" \/><\/p>\n<p class=\"p1\">En todo caso, sea lo que sea lo que elij\u00e1is, es muy importante que antes de poner a vuestro beb\u00e9 os asegur\u00e9is de que es el correcto para su edad y peso.<\/p>\n<p class=\"p1\">Yo estoy enamorada del porteo. Lo utilic\u00e9 con mi hija Martina hasta los 2 a\u00f1os y ahora lo utilizo a diario con M\u00eda para ir a la compra, ir a buscar a su hermana al cole, recoger la casa cuando est\u00e1 m\u00e1s tontorrona, ir a por el pan\u2026 Me encanta tener a mis hijas siempre cerca.<\/p>\n<p class=\"p1\">Espero que os sea \u00fatil mi experiencia.<\/p>\n<p class=\"p1\">\u00a1\u00a1Un beso muy fuerte!!<\/p>\n<p class=\"p1\" style=\"text-align: right;\"><strong>Tamara &#8211; Clarisse<\/strong><\/p>\n","protected":false},"excerpt":{"rendered":"<p>\u00a1\u00a1\u00a1Hola Cuchufletillassssss!!! Hoy os voy a hablar de mi experiencia personal con las mochilas de porteo. Hay much\u00edsimos modelos de portabeb\u00e9s, pero no todos ellos son ergon\u00f3micos. Para que os hag\u00e1is una idea de c\u00f3mo es una mochila ergon\u00f3mica: son aquellas que respetan la posici\u00f3n natural del beb\u00e9 (conocida como posici\u00f3n \u00abde ranita\u00bb y que puedes reconocer porque la espalda del beb\u00e9 hace una C y sus piernas una M). Es importante que las piernas del beb\u00e9 no cuelguen y el peso no recaiga sobre sus genitales, y que su espalda est\u00e9 sujeta. Hoy en d\u00eda hay mucha variedad de &#8230;<\/p>\n","protected":false},"author":119,"featured_media":16819,"comment_status":"open","ping_status":"open","sticky":false,"template":"","format":"standard","meta":{"_acf_changed":false,"inline_featured_image":false,"footnotes":""},"categories":[7],"tags":[],"categoriabab":[674,675],"palabra_clave":[966],"class_list":["post-16817","post","type-post","status-publish","format-standard","has-post-thumbnail","hentry","category-blog-bab","categoriabab-parto-y-posparto","categoriabab-crianza-hasta-los-2-anos"],"acf":[],"yoast_head":"<!-- This site is optimized with the Yoast SEO plugin v27.1.1 - https:\/\/yoast.com\/product\/yoast-seo-wordpress\/ -->\n<title>El porteo - Agua mineral natural Bezoya<\/title>\n<meta name=\"robots\" content=\"index, follow, max-snippet:-1, max-image-preview:large, max-video-preview:-1\" \/>\n<link rel=\"canonical\" href=\"https:\/\/www.bezoya.es\/bebe-a-bordo\/blog-bab\/el-porteo-3\/\" \/>\n<meta property=\"og:locale\" content=\"es_ES\" \/>\n<meta property=\"og:type\" content=\"article\" \/>\n<meta property=\"og:title\" content=\"El porteo - Agua mineral natural Bezoya\" \/>\n<meta property=\"og:description\" content=\"\u00a1\u00a1\u00a1Hola Cuchufletillassssss!!! Hoy os voy a hablar de mi experiencia personal con las mochilas de porteo. Hay much\u00edsimos modelos de portabeb\u00e9s, pero no todos ellos son ergon\u00f3micos. Para que os hag\u00e1is una idea de c\u00f3mo es una mochila ergon\u00f3mica: son aquellas que respetan la posici\u00f3n natural del beb\u00e9 (conocida como posici\u00f3n \u00abde ranita\u00bb y que puedes reconocer porque la espalda del beb\u00e9 hace una C y sus piernas una M). Es importante que las piernas del beb\u00e9 no cuelguen y el peso no recaiga sobre sus genitales, y que su espalda est\u00e9 sujeta. Hoy en d\u00eda hay mucha variedad de ...\" \/>\n<meta property=\"og:url\" content=\"https:\/\/www.bezoya.es\/bebe-a-bordo\/blog-bab\/el-porteo-3\/\" \/>\n<meta property=\"og:site_name\" content=\"Agua mineral natural Bezoya\" \/>\n<meta property=\"article:published_time\" content=\"2018-04-30T10:12:00+00:00\" \/>\n<meta property=\"article:modified_time\" content=\"2024-04-30T11:34:21+00:00\" \/>\n<meta property=\"og:image\" content=\"https:\/\/www.bezoya.es\/bebe-a-bordo\/wp-content\/uploads\/2018\/04\/porteo-clarisse-principal.png\" \/>\n\t<meta property=\"og:image:width\" content=\"500\" \/>\n\t<meta property=\"og:image:height\" content=\"375\" \/>\n\t<meta property=\"og:image:type\" content=\"image\/png\" \/>\n<meta name=\"author\" content=\"Beb\u00e9 a Bordo\" \/>\n<meta name=\"twitter:card\" content=\"summary_large_image\" \/>\n<meta name=\"twitter:label1\" content=\"Escrito por\" \/>\n\t<meta name=\"twitter:data1\" content=\"Beb\u00e9 a Bordo\" \/>\n\t<meta name=\"twitter:label2\" content=\"Tiempo de lectura\" \/>\n\t<meta name=\"twitter:data2\" content=\"4 minutos\" \/>\n<script type=\"application\/ld+json\" class=\"yoast-schema-graph\">{\"@context\":\"https:\/\/schema.org\",\"@graph\":[{\"@type\":\"Article\",\"@id\":\"https:\/\/www.bezoya.es\/bebe-a-bordo\/blog-bab\/el-porteo-3\/#article\",\"isPartOf\":{\"@id\":\"https:\/\/www.bezoya.es\/bebe-a-bordo\/blog-bab\/el-porteo-3\/\"},\"author\":{\"name\":\"Beb\u00e9 a Bordo\",\"@id\":\"https:\/\/www.bezoya.es\/bebe-a-bordo\/#\/schema\/person\/27f580841a0710199ed73bb8262c9de1\"},\"headline\":\"El porteo\",\"datePublished\":\"2018-04-30T10:12:00+00:00\",\"dateModified\":\"2024-04-30T11:34:21+00:00\",\"mainEntityOfPage\":{\"@id\":\"https:\/\/www.bezoya.es\/bebe-a-bordo\/blog-bab\/el-porteo-3\/\"},\"wordCount\":658,\"commentCount\":0,\"image\":{\"@id\":\"https:\/\/www.bezoya.es\/bebe-a-bordo\/blog-bab\/el-porteo-3\/#primaryimage\"},\"thumbnailUrl\":\"https:\/\/www.bezoya.es\/bebe-a-bordo\/wp-content\/uploads\/2018\/04\/porteo-clarisse-principal.png\",\"articleSection\":[\"Blog Beb\u00e9 a Bordo\"],\"inLanguage\":\"es\",\"potentialAction\":[{\"@type\":\"CommentAction\",\"name\":\"Comment\",\"target\":[\"https:\/\/www.bezoya.es\/bebe-a-bordo\/blog-bab\/el-porteo-3\/#respond\"]}]},{\"@type\":\"WebPage\",\"@id\":\"https:\/\/www.bezoya.es\/bebe-a-bordo\/blog-bab\/el-porteo-3\/\",\"url\":\"https:\/\/www.bezoya.es\/bebe-a-bordo\/blog-bab\/el-porteo-3\/\",\"name\":\"El porteo - Agua mineral natural Bezoya\",\"isPartOf\":{\"@id\":\"https:\/\/www.bezoya.es\/bebe-a-bordo\/#website\"},\"primaryImageOfPage\":{\"@id\":\"https:\/\/www.bezoya.es\/bebe-a-bordo\/blog-bab\/el-porteo-3\/#primaryimage\"},\"image\":{\"@id\":\"https:\/\/www.bezoya.es\/bebe-a-bordo\/blog-bab\/el-porteo-3\/#primaryimage\"},\"thumbnailUrl\":\"https:\/\/www.bezoya.es\/bebe-a-bordo\/wp-content\/uploads\/2018\/04\/porteo-clarisse-principal.png\",\"datePublished\":\"2018-04-30T10:12:00+00:00\",\"dateModified\":\"2024-04-30T11:34:21+00:00\",\"author\":{\"@id\":\"https:\/\/www.bezoya.es\/bebe-a-bordo\/#\/schema\/person\/27f580841a0710199ed73bb8262c9de1\"},\"inLanguage\":\"es\",\"potentialAction\":[{\"@type\":\"ReadAction\",\"target\":[\"https:\/\/www.bezoya.es\/bebe-a-bordo\/blog-bab\/el-porteo-3\/\"]}]},{\"@type\":\"ImageObject\",\"inLanguage\":\"es\",\"@id\":\"https:\/\/www.bezoya.es\/bebe-a-bordo\/blog-bab\/el-porteo-3\/#primaryimage\",\"url\":\"https:\/\/www.bezoya.es\/bebe-a-bordo\/wp-content\/uploads\/2018\/04\/porteo-clarisse-principal.png\",\"contentUrl\":\"https:\/\/www.bezoya.es\/bebe-a-bordo\/wp-content\/uploads\/2018\/04\/porteo-clarisse-principal.png\",\"width\":500,\"height\":375},{\"@type\":\"WebSite\",\"@id\":\"https:\/\/www.bezoya.es\/bebe-a-bordo\/#website\",\"url\":\"https:\/\/www.bezoya.es\/bebe-a-bordo\/\",\"name\":\"Agua mineral natural Bezoya\",\"description\":\"El agua de mineralizaci\u00f3n muy d\u00e9bil\",\"potentialAction\":[{\"@type\":\"SearchAction\",\"target\":{\"@type\":\"EntryPoint\",\"urlTemplate\":\"https:\/\/www.bezoya.es\/bebe-a-bordo\/?s={search_term_string}\"},\"query-input\":{\"@type\":\"PropertyValueSpecification\",\"valueRequired\":true,\"valueName\":\"search_term_string\"}}],\"inLanguage\":\"es\"},{\"@type\":\"Person\",\"@id\":\"https:\/\/www.bezoya.es\/bebe-a-bordo\/#\/schema\/person\/27f580841a0710199ed73bb8262c9de1\",\"name\":\"Beb\u00e9 a Bordo\",\"image\":{\"@type\":\"ImageObject\",\"inLanguage\":\"es\",\"@id\":\"https:\/\/www.bezoya.es\/bebe-a-bordo\/#\/schema\/person\/image\/\",\"url\":\"https:\/\/secure.gravatar.com\/avatar\/0b0c609b63be1f5d579657e5afa8b15ebc59af1c9cca5c551ddcd2114a725785?s=96&d=mm&r=g\",\"contentUrl\":\"https:\/\/secure.gravatar.com\/avatar\/0b0c609b63be1f5d579657e5afa8b15ebc59af1c9cca5c551ddcd2114a725785?s=96&d=mm&r=g\",\"caption\":\"Beb\u00e9 a Bordo\"},\"description\":\"El baby coach de Bezoya que te acompa\u00f1a desde el embarazo, parto y postparto, hasta sus primeros pasos.\",\"url\":\"https:\/\/www.bezoya.es\/bebe-a-bordo\/author\/bebe-a-bordo\/\"}]}<\/script>\n<!-- \/ Yoast SEO plugin. -->","yoast_head_json":{"title":"El porteo - Agua mineral natural Bezoya","robots":{"index":"index","follow":"follow","max-snippet":"max-snippet:-1","max-image-preview":"max-image-preview:large","max-video-preview":"max-video-preview:-1"},"canonical":"https:\/\/www.bezoya.es\/bebe-a-bordo\/blog-bab\/el-porteo-3\/","og_locale":"es_ES","og_type":"article","og_title":"El porteo - Agua mineral natural Bezoya","og_description":"\u00a1\u00a1\u00a1Hola Cuchufletillassssss!!! Hoy os voy a hablar de mi experiencia personal con las mochilas de porteo. Hay much\u00edsimos modelos de portabeb\u00e9s, pero no todos ellos son ergon\u00f3micos. Para que os hag\u00e1is una idea de c\u00f3mo es una mochila ergon\u00f3mica: son aquellas que respetan la posici\u00f3n natural del beb\u00e9 (conocida como posici\u00f3n \u00abde ranita\u00bb y que puedes reconocer porque la espalda del beb\u00e9 hace una C y sus piernas una M). Es importante que las piernas del beb\u00e9 no cuelguen y el peso no recaiga sobre sus genitales, y que su espalda est\u00e9 sujeta. Hoy en d\u00eda hay mucha variedad de ...","og_url":"https:\/\/www.bezoya.es\/bebe-a-bordo\/blog-bab\/el-porteo-3\/","og_site_name":"Agua mineral natural Bezoya","article_published_time":"2018-04-30T10:12:00+00:00","article_modified_time":"2024-04-30T11:34:21+00:00","og_image":[{"width":500,"height":375,"url":"https:\/\/www.bezoya.es\/bebe-a-bordo\/wp-content\/uploads\/2018\/04\/porteo-clarisse-principal.png","type":"image\/png"}],"author":"Beb\u00e9 a Bordo","twitter_card":"summary_large_image","twitter_misc":{"Escrito por":"Beb\u00e9 a Bordo","Tiempo de lectura":"4 minutos"},"schema":{"@context":"https:\/\/schema.org","@graph":[{"@type":"Article","@id":"https:\/\/www.bezoya.es\/bebe-a-bordo\/blog-bab\/el-porteo-3\/#article","isPartOf":{"@id":"https:\/\/www.bezoya.es\/bebe-a-bordo\/blog-bab\/el-porteo-3\/"},"author":{"name":"Beb\u00e9 a Bordo","@id":"https:\/\/www.bezoya.es\/bebe-a-bordo\/#\/schema\/person\/27f580841a0710199ed73bb8262c9de1"},"headline":"El porteo","datePublished":"2018-04-30T10:12:00+00:00","dateModified":"2024-04-30T11:34:21+00:00","mainEntityOfPage":{"@id":"https:\/\/www.bezoya.es\/bebe-a-bordo\/blog-bab\/el-porteo-3\/"},"wordCount":658,"commentCount":0,"image":{"@id":"https:\/\/www.bezoya.es\/bebe-a-bordo\/blog-bab\/el-porteo-3\/#primaryimage"},"thumbnailUrl":"https:\/\/www.bezoya.es\/bebe-a-bordo\/wp-content\/uploads\/2018\/04\/porteo-clarisse-principal.png","articleSection":["Blog Beb\u00e9 a Bordo"],"inLanguage":"es","potentialAction":[{"@type":"CommentAction","name":"Comment","target":["https:\/\/www.bezoya.es\/bebe-a-bordo\/blog-bab\/el-porteo-3\/#respond"]}]},{"@type":"WebPage","@id":"https:\/\/www.bezoya.es\/bebe-a-bordo\/blog-bab\/el-porteo-3\/","url":"https:\/\/www.bezoya.es\/bebe-a-bordo\/blog-bab\/el-porteo-3\/","name":"El porteo - Agua mineral natural Bezoya","isPartOf":{"@id":"https:\/\/www.bezoya.es\/bebe-a-bordo\/#website"},"primaryImageOfPage":{"@id":"https:\/\/www.bezoya.es\/bebe-a-bordo\/blog-bab\/el-porteo-3\/#primaryimage"},"image":{"@id":"https:\/\/www.bezoya.es\/bebe-a-bordo\/blog-bab\/el-porteo-3\/#primaryimage"},"thumbnailUrl":"https:\/\/www.bezoya.es\/bebe-a-bordo\/wp-content\/uploads\/2018\/04\/porteo-clarisse-principal.png","datePublished":"2018-04-30T10:12:00+00:00","dateModified":"2024-04-30T11:34:21+00:00","author":{"@id":"https:\/\/www.bezoya.es\/bebe-a-bordo\/#\/schema\/person\/27f580841a0710199ed73bb8262c9de1"},"inLanguage":"es","potentialAction":[{"@type":"ReadAction","target":["https:\/\/www.bezoya.es\/bebe-a-bordo\/blog-bab\/el-porteo-3\/"]}]},{"@type":"ImageObject","inLanguage":"es","@id":"https:\/\/www.bezoya.es\/bebe-a-bordo\/blog-bab\/el-porteo-3\/#primaryimage","url":"https:\/\/www.bezoya.es\/bebe-a-bordo\/wp-content\/uploads\/2018\/04\/porteo-clarisse-principal.png","contentUrl":"https:\/\/www.bezoya.es\/bebe-a-bordo\/wp-content\/uploads\/2018\/04\/porteo-clarisse-principal.png","width":500,"height":375},{"@type":"WebSite","@id":"https:\/\/www.bezoya.es\/bebe-a-bordo\/#website","url":"https:\/\/www.bezoya.es\/bebe-a-bordo\/","name":"Agua mineral natural Bezoya","description":"El agua de mineralizaci\u00f3n muy d\u00e9bil","potentialAction":[{"@type":"SearchAction","target":{"@type":"EntryPoint","urlTemplate":"https:\/\/www.bezoya.es\/bebe-a-bordo\/?s={search_term_string}"},"query-input":{"@type":"PropertyValueSpecification","valueRequired":true,"valueName":"search_term_string"}}],"inLanguage":"es"},{"@type":"Person","@id":"https:\/\/www.bezoya.es\/bebe-a-bordo\/#\/schema\/person\/27f580841a0710199ed73bb8262c9de1","name":"Beb\u00e9 a Bordo","image":{"@type":"ImageObject","inLanguage":"es","@id":"https:\/\/www.bezoya.es\/bebe-a-bordo\/#\/schema\/person\/image\/","url":"https:\/\/secure.gravatar.com\/avatar\/0b0c609b63be1f5d579657e5afa8b15ebc59af1c9cca5c551ddcd2114a725785?s=96&d=mm&r=g","contentUrl":"https:\/\/secure.gravatar.com\/avatar\/0b0c609b63be1f5d579657e5afa8b15ebc59af1c9cca5c551ddcd2114a725785?s=96&d=mm&r=g","caption":"Beb\u00e9 a Bordo"},"description":"El baby coach de Bezoya que te acompa\u00f1a desde el embarazo, parto y postparto, hasta sus primeros pasos.","url":"https:\/\/www.bezoya.es\/bebe-a-bordo\/author\/bebe-a-bordo\/"}]}},"views":2010,"_links":{"self":[{"href":"https:\/\/www.bezoya.es\/bebe-a-bordo\/wp-json\/wp\/v2\/posts\/16817","targetHints":{"allow":["GET"]}}],"collection":[{"href":"https:\/\/www.bezoya.es\/bebe-a-bordo\/wp-json\/wp\/v2\/posts"}],"about":[{"href":"https:\/\/www.bezoya.es\/bebe-a-bordo\/wp-json\/wp\/v2\/types\/post"}],"author":[{"embeddable":true,"href":"https:\/\/www.bezoya.es\/bebe-a-bordo\/wp-json\/wp\/v2\/users\/119"}],"replies":[{"embeddable":true,"href":"https:\/\/www.bezoya.es\/bebe-a-bordo\/wp-json\/wp\/v2\/comments?post=16817"}],"version-history":[{"count":4,"href":"https:\/\/www.bezoya.es\/bebe-a-bordo\/wp-json\/wp\/v2\/posts\/16817\/revisions"}],"predecessor-version":[{"id":18324,"href":"https:\/\/www.bezoya.es\/bebe-a-bordo\/wp-json\/wp\/v2\/posts\/16817\/revisions\/18324"}],"wp:featuredmedia":[{"embeddable":true,"href":"https:\/\/www.bezoya.es\/bebe-a-bordo\/wp-json\/wp\/v2\/media\/16819"}],"wp:attachment":[{"href":"https:\/\/www.bezoya.es\/bebe-a-bordo\/wp-json\/wp\/v2\/media?parent=16817"}],"wp:term":[{"taxonomy":"category","embeddable":true,"href":"https:\/\/www.bezoya.es\/bebe-a-bordo\/wp-json\/wp\/v2\/categories?post=16817"},{"taxonomy":"post_tag","embeddable":true,"href":"https:\/\/www.bezoya.es\/bebe-a-bordo\/wp-json\/wp\/v2\/tags?post=16817"},{"taxonomy":"categoriabab","embeddable":true,"href":"https:\/\/www.bezoya.es\/bebe-a-bordo\/wp-json\/wp\/v2\/categoriabab?post=16817"},{"taxonomy":"palabra_clave","embeddable":true,"href":"https:\/\/www.bezoya.es\/bebe-a-bordo\/wp-json\/wp\/v2\/palabra_clave?post=16817"}],"curies":[{"name":"wp","href":"https:\/\/api.w.org\/{rel}","templated":true}]}}