{"id":15866,"date":"2017-10-19T11:36:11","date_gmt":"2017-10-19T09:36:11","guid":{"rendered":"https:\/\/www.bezoya.es\/bebe-a-bordo\/?p=15866"},"modified":"2024-04-23T21:30:32","modified_gmt":"2024-04-23T19:30:32","slug":"estimula-habla-bebe","status":"publish","type":"post","link":"https:\/\/www.bezoya.es\/bebe-a-bordo\/blog-bab\/estimula-habla-bebe\/","title":{"rendered":"Estimula el habla de tu beb\u00e9"},"content":{"rendered":"<p>Para saber por qu\u00e9 es tan importante estimular el habla de nuestro beb\u00e9, debemos ser conscientes de que el lenguaje es la base fundamental de cualquier ser humano.<\/p>\n<p>Su desarrollo se inicia desde el primer momento en que nuestro beb\u00e9 nos escucha hablar y nos observa cuando mantenemos conversaciones con nuestros iguales. Es en este instante cuando creamos el v\u00ednculo de la comunicaci\u00f3n<b>.<\/b><\/p>\n<p style=\"text-align: center;\"><img loading=\"lazy\" decoding=\"async\" class=\"alignnone wp-image-15879 size-full\" src=\"https:\/\/www.bezoya.es\/bebe-a-bordo\/wp-content\/uploads\/2017\/10\/estimula-habla-beb\u00e9-2.jpg\" alt=\"Estimula el habla de tu beb\u00e9\" width=\"500\" height=\"375\" srcset=\"https:\/\/www.bezoya.es\/bebe-a-bordo\/wp-content\/uploads\/2017\/10\/estimula-habla-beb\u00e9-2.jpg 500w, https:\/\/www.bezoya.es\/bebe-a-bordo\/wp-content\/uploads\/2017\/10\/estimula-habla-beb\u00e9-2-300x225.jpg 300w\" sizes=\"auto, (max-width: 500px) 100vw, 500px\" \/><\/p>\n<p>Es imprescindible que los ni\u00f1os y ni\u00f1as nos escuchen hablar a\u00fan sin entender lo que se dice. Por este motivo, las personas que rodean al ni\u00f1o son esenciales para su correcto desarrollo.<\/p>\n<p>Es importante estimular el lenguaje de nuestro beb\u00e9, ya que esto le ayudar\u00e1 a pensar, desarrollar su inteligencia, analizar, comprender y solucionar problemas, entender las emociones y relacionarse socialmente; pero, sobre todo, esto le ayudar\u00e1 a su desarrollo cognitivo.<\/p>\n<p>Por este motivo, la primera etapa del desarrollo, llamada \u2018Etapa Preling\u00fc\u00edstica\u2019 (0-2 a\u00f1os), es sumamente importante. Esta etapa es donde el beb\u00e9 aprende las bases de la comunicaci\u00f3n, as\u00ed como que las palabras tienen un significado.<\/p>\n<p style=\"text-align: center;\"><img loading=\"lazy\" decoding=\"async\" class=\"alignnone wp-image-15880 size-full\" src=\"https:\/\/www.bezoya.es\/bebe-a-bordo\/wp-content\/uploads\/2017\/10\/estimula-habla-beb\u00e9-3.jpg\" alt=\"Estimula el habla de tu beb\u00e9\" width=\"500\" height=\"375\" srcset=\"https:\/\/www.bezoya.es\/bebe-a-bordo\/wp-content\/uploads\/2017\/10\/estimula-habla-beb\u00e9-3.jpg 500w, https:\/\/www.bezoya.es\/bebe-a-bordo\/wp-content\/uploads\/2017\/10\/estimula-habla-beb\u00e9-3-300x225.jpg 300w\" sizes=\"auto, (max-width: 500px) 100vw, 500px\" \/><\/p>\n<p>Los beb\u00e9s hacen uso de miradas, gestos y expresiones faciales con el fin de comunicarse.<\/p>\n<p>Tambi\u00e9n es en esta etapa donde emiten los primeros sonidos (balbuceos), y estos son la base del habla que desarrollar\u00e1 con el paso de los a\u00f1os.<\/p>\n<p>M\u00e1s adelante (20-24 meses), empieza a producirse la emisi\u00f3n de las primeras palabras y el beb\u00e9 comienza a entender que ciertos sonidos tienen un significado.<\/p>\n<p style=\"text-align: center;\"><img loading=\"lazy\" decoding=\"async\" class=\"alignnone wp-image-15881 size-full\" src=\"https:\/\/www.bezoya.es\/bebe-a-bordo\/wp-content\/uploads\/2017\/10\/estimula-habla-beb\u00e9-4.jpg\" alt=\"Estimula el habla de tu beb\u00e9\" width=\"500\" height=\"375\" srcset=\"https:\/\/www.bezoya.es\/bebe-a-bordo\/wp-content\/uploads\/2017\/10\/estimula-habla-beb\u00e9-4.jpg 500w, https:\/\/www.bezoya.es\/bebe-a-bordo\/wp-content\/uploads\/2017\/10\/estimula-habla-beb\u00e9-4-300x225.jpg 300w\" sizes=\"auto, (max-width: 500px) 100vw, 500px\" \/><\/p>\n<p>Es por este motivo que la estimulaci\u00f3n en esta etapa del desarrollo es tan importante.<\/p>\n<p>No se necesitan grandes est\u00edmulos para ayudar al desarrollo de nuestro beb\u00e9, es tan sencillo como hablar con \u00e9l, respondiendo a sus balbuceos, haciendo que \u00e9stos tengan un sentido. Podemos cantar canciones o bien introducirlo dentro de las conversaciones familiares. Hay que decir el nombre de las cosas y poner nombre a los gestos que el beb\u00e9 realiza y, lo m\u00e1s importante de todo, no debemos hablar como un beb\u00e9. A medida que el beb\u00e9 crece y sus emisiones no son correctas hay que corregirlas, si el adulto se amolda al habla del beb\u00e9 o se r\u00ede, el ni\u00f1o no aprende de forma correcta y a la larga podr\u00eda traer consecuencias.<\/p>\n<p>Si un beb\u00e9 es poco estimulado durante esta fase, podr\u00edamos encontrarnos ni\u00f1os y ni\u00f1as que presenten dificultades para la adquisici\u00f3n del lenguaje.<\/p>\n<p style=\"text-align: center;\">[youtube_sc url=\u00bbhttps:\/\/www.youtube.com\/watch?v=zIpYqWJyljI\u00bb]<\/p>\n<p style=\"text-align: right;\"><strong>Miriam Minuesa<\/strong><\/p>\n<p style=\"text-align: right;\"><strong>Logopeda<\/strong><\/p>\n<p style=\"text-align: right;\"><a href=\"http:\/\/www.cosimentcornella.es\/logopedia\" target=\"_blank\" rel=\"noopener noreferrer\">www.cosimentcornella.es\/logopedia<\/a><\/p>\n","protected":false},"excerpt":{"rendered":"<p>Para saber por qu\u00e9 es tan importante estimular el habla de nuestro beb\u00e9, debemos ser conscientes de que el lenguaje es la base fundamental de cualquier ser humano. Su desarrollo se inicia desde el primer momento en que nuestro beb\u00e9 nos escucha hablar y nos observa cuando mantenemos conversaciones con nuestros iguales. Es en este instante cuando creamos el v\u00ednculo de la comunicaci\u00f3n. Es imprescindible que los ni\u00f1os y ni\u00f1as nos escuchen hablar a\u00fan sin entender lo que se dice. Por este motivo, las personas que rodean al ni\u00f1o son esenciales para su correcto desarrollo. Es importante estimular el lenguaje &#8230;<\/p>\n","protected":false},"author":119,"featured_media":19613,"comment_status":"open","ping_status":"open","sticky":false,"template":"","format":"standard","meta":{"_acf_changed":false,"inline_featured_image":false,"footnotes":""},"categories":[7],"tags":[],"categoriabab":[675],"palabra_clave":[],"class_list":["post-15866","post","type-post","status-publish","format-standard","has-post-thumbnail","hentry","category-blog-bab","categoriabab-crianza-hasta-los-2-anos"],"acf":[],"yoast_head":"<!-- This site is optimized with the Yoast SEO plugin v27.1.1 - https:\/\/yoast.com\/product\/yoast-seo-wordpress\/ -->\n<title>Estimula el habla de tu beb\u00e9<\/title>\n<meta name=\"description\" content=\"El papel de los padres en la estimulaci\u00f3n del lenguaje de los beb\u00e9s es fundamental. Te contamos paso a paso el secreto para estimular el habla de tu beb\u00e9\" \/>\n<meta name=\"robots\" content=\"index, follow, max-snippet:-1, max-image-preview:large, max-video-preview:-1\" \/>\n<link rel=\"canonical\" href=\"https:\/\/www.bezoya.es\/bebe-a-bordo\/blog-bab\/estimula-habla-bebe\/\" \/>\n<meta property=\"og:locale\" content=\"es_ES\" \/>\n<meta property=\"og:type\" content=\"article\" \/>\n<meta property=\"og:title\" content=\"Estimula el habla de tu beb\u00e9\" \/>\n<meta property=\"og:description\" content=\"El papel de los padres en la estimulaci\u00f3n del lenguaje de los beb\u00e9s es fundamental. Te contamos paso a paso el secreto para estimular el habla de tu beb\u00e9\" \/>\n<meta property=\"og:url\" content=\"https:\/\/www.bezoya.es\/bebe-a-bordo\/blog-bab\/estimula-habla-bebe\/\" \/>\n<meta property=\"og:site_name\" content=\"Agua mineral natural Bezoya\" \/>\n<meta property=\"article:published_time\" content=\"2017-10-19T09:36:11+00:00\" \/>\n<meta property=\"article:modified_time\" content=\"2024-04-23T19:30:32+00:00\" \/>\n<meta property=\"og:image\" content=\"https:\/\/www.bezoya.es\/bebe-a-bordo\/wp-content\/uploads\/2017\/10\/shutterstock_1648010488-scaled.jpg\" \/>\n\t<meta property=\"og:image:width\" content=\"2560\" \/>\n\t<meta property=\"og:image:height\" content=\"1707\" \/>\n\t<meta property=\"og:image:type\" content=\"image\/jpeg\" \/>\n<meta name=\"author\" content=\"Beb\u00e9 a Bordo\" \/>\n<meta name=\"twitter:card\" content=\"summary_large_image\" \/>\n<meta name=\"twitter:label1\" content=\"Escrito por\" \/>\n\t<meta name=\"twitter:data1\" content=\"Beb\u00e9 a Bordo\" \/>\n\t<meta name=\"twitter:label2\" content=\"Tiempo de lectura\" \/>\n\t<meta name=\"twitter:data2\" content=\"3 minutos\" \/>\n<script type=\"application\/ld+json\" class=\"yoast-schema-graph\">{\"@context\":\"https:\/\/schema.org\",\"@graph\":[{\"@type\":\"Article\",\"@id\":\"https:\/\/www.bezoya.es\/bebe-a-bordo\/blog-bab\/estimula-habla-bebe\/#article\",\"isPartOf\":{\"@id\":\"https:\/\/www.bezoya.es\/bebe-a-bordo\/blog-bab\/estimula-habla-bebe\/\"},\"author\":{\"name\":\"Beb\u00e9 a Bordo\",\"@id\":\"https:\/\/www.bezoya.es\/bebe-a-bordo\/#\/schema\/person\/27f580841a0710199ed73bb8262c9de1\"},\"headline\":\"Estimula el habla de tu beb\u00e9\",\"datePublished\":\"2017-10-19T09:36:11+00:00\",\"dateModified\":\"2024-04-23T19:30:32+00:00\",\"mainEntityOfPage\":{\"@id\":\"https:\/\/www.bezoya.es\/bebe-a-bordo\/blog-bab\/estimula-habla-bebe\/\"},\"wordCount\":431,\"commentCount\":0,\"image\":{\"@id\":\"https:\/\/www.bezoya.es\/bebe-a-bordo\/blog-bab\/estimula-habla-bebe\/#primaryimage\"},\"thumbnailUrl\":\"https:\/\/www.bezoya.es\/bebe-a-bordo\/wp-content\/uploads\/2017\/10\/shutterstock_1648010488-scaled.jpg\",\"articleSection\":[\"Blog Beb\u00e9 a Bordo\"],\"inLanguage\":\"es\",\"potentialAction\":[{\"@type\":\"CommentAction\",\"name\":\"Comment\",\"target\":[\"https:\/\/www.bezoya.es\/bebe-a-bordo\/blog-bab\/estimula-habla-bebe\/#respond\"]}]},{\"@type\":\"WebPage\",\"@id\":\"https:\/\/www.bezoya.es\/bebe-a-bordo\/blog-bab\/estimula-habla-bebe\/\",\"url\":\"https:\/\/www.bezoya.es\/bebe-a-bordo\/blog-bab\/estimula-habla-bebe\/\",\"name\":\"Estimula el habla de tu beb\u00e9\",\"isPartOf\":{\"@id\":\"https:\/\/www.bezoya.es\/bebe-a-bordo\/#website\"},\"primaryImageOfPage\":{\"@id\":\"https:\/\/www.bezoya.es\/bebe-a-bordo\/blog-bab\/estimula-habla-bebe\/#primaryimage\"},\"image\":{\"@id\":\"https:\/\/www.bezoya.es\/bebe-a-bordo\/blog-bab\/estimula-habla-bebe\/#primaryimage\"},\"thumbnailUrl\":\"https:\/\/www.bezoya.es\/bebe-a-bordo\/wp-content\/uploads\/2017\/10\/shutterstock_1648010488-scaled.jpg\",\"datePublished\":\"2017-10-19T09:36:11+00:00\",\"dateModified\":\"2024-04-23T19:30:32+00:00\",\"author\":{\"@id\":\"https:\/\/www.bezoya.es\/bebe-a-bordo\/#\/schema\/person\/27f580841a0710199ed73bb8262c9de1\"},\"description\":\"El papel de los padres en la estimulaci\u00f3n del lenguaje de los beb\u00e9s es fundamental. Te contamos paso a paso el secreto para estimular el habla de tu beb\u00e9\",\"inLanguage\":\"es\",\"potentialAction\":[{\"@type\":\"ReadAction\",\"target\":[\"https:\/\/www.bezoya.es\/bebe-a-bordo\/blog-bab\/estimula-habla-bebe\/\"]}]},{\"@type\":\"ImageObject\",\"inLanguage\":\"es\",\"@id\":\"https:\/\/www.bezoya.es\/bebe-a-bordo\/blog-bab\/estimula-habla-bebe\/#primaryimage\",\"url\":\"https:\/\/www.bezoya.es\/bebe-a-bordo\/wp-content\/uploads\/2017\/10\/shutterstock_1648010488-scaled.jpg\",\"contentUrl\":\"https:\/\/www.bezoya.es\/bebe-a-bordo\/wp-content\/uploads\/2017\/10\/shutterstock_1648010488-scaled.jpg\",\"width\":2560,\"height\":1707,\"caption\":\"Estimula el habla de tu beb\u00e9\"},{\"@type\":\"WebSite\",\"@id\":\"https:\/\/www.bezoya.es\/bebe-a-bordo\/#website\",\"url\":\"https:\/\/www.bezoya.es\/bebe-a-bordo\/\",\"name\":\"Agua mineral natural Bezoya\",\"description\":\"El agua de mineralizaci\u00f3n muy d\u00e9bil\",\"potentialAction\":[{\"@type\":\"SearchAction\",\"target\":{\"@type\":\"EntryPoint\",\"urlTemplate\":\"https:\/\/www.bezoya.es\/bebe-a-bordo\/?s={search_term_string}\"},\"query-input\":{\"@type\":\"PropertyValueSpecification\",\"valueRequired\":true,\"valueName\":\"search_term_string\"}}],\"inLanguage\":\"es\"},{\"@type\":\"Person\",\"@id\":\"https:\/\/www.bezoya.es\/bebe-a-bordo\/#\/schema\/person\/27f580841a0710199ed73bb8262c9de1\",\"name\":\"Beb\u00e9 a Bordo\",\"image\":{\"@type\":\"ImageObject\",\"inLanguage\":\"es\",\"@id\":\"https:\/\/www.bezoya.es\/bebe-a-bordo\/#\/schema\/person\/image\/\",\"url\":\"https:\/\/secure.gravatar.com\/avatar\/0b0c609b63be1f5d579657e5afa8b15ebc59af1c9cca5c551ddcd2114a725785?s=96&d=mm&r=g\",\"contentUrl\":\"https:\/\/secure.gravatar.com\/avatar\/0b0c609b63be1f5d579657e5afa8b15ebc59af1c9cca5c551ddcd2114a725785?s=96&d=mm&r=g\",\"caption\":\"Beb\u00e9 a Bordo\"},\"description\":\"El baby coach de Bezoya que te acompa\u00f1a desde el embarazo, parto y postparto, hasta sus primeros pasos.\",\"url\":\"https:\/\/www.bezoya.es\/bebe-a-bordo\/author\/bebe-a-bordo\/\"}]}<\/script>\n<!-- \/ Yoast SEO plugin. -->","yoast_head_json":{"title":"Estimula el habla de tu beb\u00e9","description":"El papel de los padres en la estimulaci\u00f3n del lenguaje de los beb\u00e9s es fundamental. Te contamos paso a paso el secreto para estimular el habla de tu beb\u00e9","robots":{"index":"index","follow":"follow","max-snippet":"max-snippet:-1","max-image-preview":"max-image-preview:large","max-video-preview":"max-video-preview:-1"},"canonical":"https:\/\/www.bezoya.es\/bebe-a-bordo\/blog-bab\/estimula-habla-bebe\/","og_locale":"es_ES","og_type":"article","og_title":"Estimula el habla de tu beb\u00e9","og_description":"El papel de los padres en la estimulaci\u00f3n del lenguaje de los beb\u00e9s es fundamental. Te contamos paso a paso el secreto para estimular el habla de tu beb\u00e9","og_url":"https:\/\/www.bezoya.es\/bebe-a-bordo\/blog-bab\/estimula-habla-bebe\/","og_site_name":"Agua mineral natural Bezoya","article_published_time":"2017-10-19T09:36:11+00:00","article_modified_time":"2024-04-23T19:30:32+00:00","og_image":[{"width":2560,"height":1707,"url":"https:\/\/www.bezoya.es\/bebe-a-bordo\/wp-content\/uploads\/2017\/10\/shutterstock_1648010488-scaled.jpg","type":"image\/jpeg"}],"author":"Beb\u00e9 a Bordo","twitter_card":"summary_large_image","twitter_misc":{"Escrito por":"Beb\u00e9 a Bordo","Tiempo de lectura":"3 minutos"},"schema":{"@context":"https:\/\/schema.org","@graph":[{"@type":"Article","@id":"https:\/\/www.bezoya.es\/bebe-a-bordo\/blog-bab\/estimula-habla-bebe\/#article","isPartOf":{"@id":"https:\/\/www.bezoya.es\/bebe-a-bordo\/blog-bab\/estimula-habla-bebe\/"},"author":{"name":"Beb\u00e9 a Bordo","@id":"https:\/\/www.bezoya.es\/bebe-a-bordo\/#\/schema\/person\/27f580841a0710199ed73bb8262c9de1"},"headline":"Estimula el habla de tu beb\u00e9","datePublished":"2017-10-19T09:36:11+00:00","dateModified":"2024-04-23T19:30:32+00:00","mainEntityOfPage":{"@id":"https:\/\/www.bezoya.es\/bebe-a-bordo\/blog-bab\/estimula-habla-bebe\/"},"wordCount":431,"commentCount":0,"image":{"@id":"https:\/\/www.bezoya.es\/bebe-a-bordo\/blog-bab\/estimula-habla-bebe\/#primaryimage"},"thumbnailUrl":"https:\/\/www.bezoya.es\/bebe-a-bordo\/wp-content\/uploads\/2017\/10\/shutterstock_1648010488-scaled.jpg","articleSection":["Blog Beb\u00e9 a Bordo"],"inLanguage":"es","potentialAction":[{"@type":"CommentAction","name":"Comment","target":["https:\/\/www.bezoya.es\/bebe-a-bordo\/blog-bab\/estimula-habla-bebe\/#respond"]}]},{"@type":"WebPage","@id":"https:\/\/www.bezoya.es\/bebe-a-bordo\/blog-bab\/estimula-habla-bebe\/","url":"https:\/\/www.bezoya.es\/bebe-a-bordo\/blog-bab\/estimula-habla-bebe\/","name":"Estimula el habla de tu beb\u00e9","isPartOf":{"@id":"https:\/\/www.bezoya.es\/bebe-a-bordo\/#website"},"primaryImageOfPage":{"@id":"https:\/\/www.bezoya.es\/bebe-a-bordo\/blog-bab\/estimula-habla-bebe\/#primaryimage"},"image":{"@id":"https:\/\/www.bezoya.es\/bebe-a-bordo\/blog-bab\/estimula-habla-bebe\/#primaryimage"},"thumbnailUrl":"https:\/\/www.bezoya.es\/bebe-a-bordo\/wp-content\/uploads\/2017\/10\/shutterstock_1648010488-scaled.jpg","datePublished":"2017-10-19T09:36:11+00:00","dateModified":"2024-04-23T19:30:32+00:00","author":{"@id":"https:\/\/www.bezoya.es\/bebe-a-bordo\/#\/schema\/person\/27f580841a0710199ed73bb8262c9de1"},"description":"El papel de los padres en la estimulaci\u00f3n del lenguaje de los beb\u00e9s es fundamental. Te contamos paso a paso el secreto para estimular el habla de tu beb\u00e9","inLanguage":"es","potentialAction":[{"@type":"ReadAction","target":["https:\/\/www.bezoya.es\/bebe-a-bordo\/blog-bab\/estimula-habla-bebe\/"]}]},{"@type":"ImageObject","inLanguage":"es","@id":"https:\/\/www.bezoya.es\/bebe-a-bordo\/blog-bab\/estimula-habla-bebe\/#primaryimage","url":"https:\/\/www.bezoya.es\/bebe-a-bordo\/wp-content\/uploads\/2017\/10\/shutterstock_1648010488-scaled.jpg","contentUrl":"https:\/\/www.bezoya.es\/bebe-a-bordo\/wp-content\/uploads\/2017\/10\/shutterstock_1648010488-scaled.jpg","width":2560,"height":1707,"caption":"Estimula el habla de tu beb\u00e9"},{"@type":"WebSite","@id":"https:\/\/www.bezoya.es\/bebe-a-bordo\/#website","url":"https:\/\/www.bezoya.es\/bebe-a-bordo\/","name":"Agua mineral natural Bezoya","description":"El agua de mineralizaci\u00f3n muy d\u00e9bil","potentialAction":[{"@type":"SearchAction","target":{"@type":"EntryPoint","urlTemplate":"https:\/\/www.bezoya.es\/bebe-a-bordo\/?s={search_term_string}"},"query-input":{"@type":"PropertyValueSpecification","valueRequired":true,"valueName":"search_term_string"}}],"inLanguage":"es"},{"@type":"Person","@id":"https:\/\/www.bezoya.es\/bebe-a-bordo\/#\/schema\/person\/27f580841a0710199ed73bb8262c9de1","name":"Beb\u00e9 a Bordo","image":{"@type":"ImageObject","inLanguage":"es","@id":"https:\/\/www.bezoya.es\/bebe-a-bordo\/#\/schema\/person\/image\/","url":"https:\/\/secure.gravatar.com\/avatar\/0b0c609b63be1f5d579657e5afa8b15ebc59af1c9cca5c551ddcd2114a725785?s=96&d=mm&r=g","contentUrl":"https:\/\/secure.gravatar.com\/avatar\/0b0c609b63be1f5d579657e5afa8b15ebc59af1c9cca5c551ddcd2114a725785?s=96&d=mm&r=g","caption":"Beb\u00e9 a Bordo"},"description":"El baby coach de Bezoya que te acompa\u00f1a desde el embarazo, parto y postparto, hasta sus primeros pasos.","url":"https:\/\/www.bezoya.es\/bebe-a-bordo\/author\/bebe-a-bordo\/"}]}},"views":2413,"_links":{"self":[{"href":"https:\/\/www.bezoya.es\/bebe-a-bordo\/wp-json\/wp\/v2\/posts\/15866","targetHints":{"allow":["GET"]}}],"collection":[{"href":"https:\/\/www.bezoya.es\/bebe-a-bordo\/wp-json\/wp\/v2\/posts"}],"about":[{"href":"https:\/\/www.bezoya.es\/bebe-a-bordo\/wp-json\/wp\/v2\/types\/post"}],"author":[{"embeddable":true,"href":"https:\/\/www.bezoya.es\/bebe-a-bordo\/wp-json\/wp\/v2\/users\/119"}],"replies":[{"embeddable":true,"href":"https:\/\/www.bezoya.es\/bebe-a-bordo\/wp-json\/wp\/v2\/comments?post=15866"}],"version-history":[{"count":7,"href":"https:\/\/www.bezoya.es\/bebe-a-bordo\/wp-json\/wp\/v2\/posts\/15866\/revisions"}],"predecessor-version":[{"id":18373,"href":"https:\/\/www.bezoya.es\/bebe-a-bordo\/wp-json\/wp\/v2\/posts\/15866\/revisions\/18373"}],"wp:featuredmedia":[{"embeddable":true,"href":"https:\/\/www.bezoya.es\/bebe-a-bordo\/wp-json\/wp\/v2\/media\/19613"}],"wp:attachment":[{"href":"https:\/\/www.bezoya.es\/bebe-a-bordo\/wp-json\/wp\/v2\/media?parent=15866"}],"wp:term":[{"taxonomy":"category","embeddable":true,"href":"https:\/\/www.bezoya.es\/bebe-a-bordo\/wp-json\/wp\/v2\/categories?post=15866"},{"taxonomy":"post_tag","embeddable":true,"href":"https:\/\/www.bezoya.es\/bebe-a-bordo\/wp-json\/wp\/v2\/tags?post=15866"},{"taxonomy":"categoriabab","embeddable":true,"href":"https:\/\/www.bezoya.es\/bebe-a-bordo\/wp-json\/wp\/v2\/categoriabab?post=15866"},{"taxonomy":"palabra_clave","embeddable":true,"href":"https:\/\/www.bezoya.es\/bebe-a-bordo\/wp-json\/wp\/v2\/palabra_clave?post=15866"}],"curies":[{"name":"wp","href":"https:\/\/api.w.org\/{rel}","templated":true}]}}