{"id":13885,"date":"2017-08-10T01:34:39","date_gmt":"2017-08-09T23:34:39","guid":{"rendered":"https:\/\/www.bezoya.es\/bebe-a-bordo\/?p=13885"},"modified":"2024-04-30T13:41:48","modified_gmt":"2024-04-30T11:41:48","slug":"tener-bebe-prematuro","status":"publish","type":"post","link":"https:\/\/www.bezoya.es\/bebe-a-bordo\/blog-bab\/tener-bebe-prematuro\/","title":{"rendered":"Tener un beb\u00e9 prematuro"},"content":{"rendered":"<p>Cuando buscas un beb\u00e9, y finalmente te quedas embarazada, te imaginas con tu hijo en brazos, disfrutando de la maternidad y cumpliendo todas aquellas fantas\u00edas con las que siempre hab\u00edas so\u00f1ado.<\/p>\n<p>A pesar de que el miedo siempre nos conduce a pensar que algo pueda ir mal, intentas evitar ese pensamiento para poder disfrutar al m\u00e1ximo de esa corta etapa tan bonita y m\u00e1gica del embarazo.<\/p>\n<p>Para m\u00ed, dur\u00f3 poco ya que no tardaron en decirme que mi beb\u00e9 ser\u00eda prematuro.<\/p>\n<p>En mi caso, se supo a priori y pude mentalizarme antes de que naciera y hacerme una idea de c\u00f3mo ser\u00eda mi beb\u00e9,\u00a0buscando informaci\u00f3n e im\u00e1genes por internet para que cuando llegara el momento no fuera tan impactante.<\/p>\n<p style=\"text-align: center;\"><img loading=\"lazy\" decoding=\"async\" class=\"alignnone wp-image-13888 size-full\" src=\"https:\/\/www.bezoya.es\/bebe-a-bordo\/wp-content\/uploads\/2017\/08\/adap02.jpg\" alt=\"Beb\u00e9 prematuro\" width=\"500\" height=\"375\" srcset=\"https:\/\/www.bezoya.es\/bebe-a-bordo\/wp-content\/uploads\/2017\/08\/adap02.jpg 500w, https:\/\/www.bezoya.es\/bebe-a-bordo\/wp-content\/uploads\/2017\/08\/adap02-300x225.jpg 300w\" sizes=\"auto, (max-width: 500px) 100vw, 500px\" \/><\/p>\n<p>Al ser un CIR (retraso de crecimiento intrauterino) el causante de esto, me hicieron un sinfin de pruebas como la amniocentesis, anal\u00edticas y resonancias magn\u00e9ticas, para descartar cualquier problema que pudiera estar provocando el bajo peso del beb\u00e9. Me pude quedar tranquila en ese sentido, ya que los resultados fueron positivos.<\/p>\n<p>Cuando tienes un beb\u00e9 prematuro, normalmente imaginas que no ser\u00e1 un beb\u00e9 gordito, sino delgado y peque\u00f1ito. Al nacer, Sarah pes\u00f3 750 gramos. Yo estaba pendiente continuamente de que aumentara de peso, pero una de las enfermeras de mi hija de neonatos, que fue un encanto en todo momento, me explic\u00f3 que eso era lo de menos. \u201cEs importante que se desarrolle bien a nivel cerebral, puede ser que nunca llegue a andar, a hablar\u2026 a tener una vida normal. Crecer ya crecer\u00e1, o no, tambi\u00e9n es posible que no crezca, pero es lo menos habitual\u201d, me dijo. En ese momento me di cuenta de que estaba un poco obsesionada con que engordara, y que en realidad lo importante era lo que le pod\u00eda pasar en la madurez.<\/p>\n<p>All\u00ed, en neonatos, ve\u00edamos un sinf\u00edn de casos: beb\u00e9s con muchas dificultades, operaciones de urgencia en la misma incubadora, diagn\u00f3sticos inesperados\u2026 Pero todos los beb\u00e9s sol\u00edan ser inmensos en comparaci\u00f3n a mi ni\u00f1a, adem\u00e1s recib\u00edan el alta hospitalaria mucho antes que nuestra hija. Pero empec\u00e9 a valorar aquello que me dijo la enfermera. Mi beb\u00e9 era muy vivaracha, se agarraba al biber\u00f3n con sus diminutas manitas, no paraba de moverse dentro de la incubadora, cog\u00eda los bol\u00edgrafos de las enfermeras\u2026 Ten\u00edamos que ser positivos, nuestra hija nos estaba ense\u00f1ando que deb\u00edamos ver el lado bueno y luchar con ella.<\/p>\n<p>Yo creo mucho en la energ\u00eda que podemos desprender y mi hija necesitaba de la buena, as\u00ed que decidimos llevarle la corriente e ir paso a paso junto a ella, que casi ocupaba la palma de nuestra mano con los 29 cent\u00edmetros que med\u00eda en ese momento. Para que os hag\u00e1is una idea, no le iba bien ni la ropa de prematuro, as\u00ed que mi madre nos trajo la ropa de un mu\u00f1eco.<\/p>\n<p>Cada ma\u00f1ana, tardaba m\u00e1s de media hora en llegar al hospital en transporte p\u00fablico, sub\u00eda en el ascensor con el coraz\u00f3n en un pu\u00f1o y corr\u00eda por el pasillo como si ya no pudiera pasar un segundo m\u00e1s sin verla. Me atemorizaba el pensar que le podr\u00eda haber pasado algo. Por las noches llam\u00e1bamos para preguntar c\u00f3mo estaba, pero todo era muy fr\u00edo, todo era muy duro.<\/p>\n<p>Los sonidos de las m\u00e1quinas de las incubadoras, el olor del l\u00edquido desinfectante, el color de las batas que los padres nos pon\u00edamos, los guantes\u2026 son sensaciones que han quedado para siempre en el recuerdo.<\/p>\n<p style=\"text-align: center;\"><img loading=\"lazy\" decoding=\"async\" class=\"alignnone wp-image-13889 size-full\" src=\"https:\/\/www.bezoya.es\/bebe-a-bordo\/wp-content\/uploads\/2017\/08\/adap03.jpg\" alt=\"Beb\u00e9 prematuro\" width=\"500\" height=\"375\" srcset=\"https:\/\/www.bezoya.es\/bebe-a-bordo\/wp-content\/uploads\/2017\/08\/adap03.jpg 500w, https:\/\/www.bezoya.es\/bebe-a-bordo\/wp-content\/uploads\/2017\/08\/adap03-300x225.jpg 300w\" sizes=\"auto, (max-width: 500px) 100vw, 500px\" \/><\/p>\n<p>Tambi\u00e9n est\u00e1 el tema de la lactancia materna, que se complica mucho en el caso de los beb\u00e9s prematuros. Yo tuve muy poca informaci\u00f3n y hace 11 a\u00f1os no se apoyaba tanto como ahora, adem\u00e1s el beb\u00e9, si es muy peque\u00f1ito, tiene poca fuerza para succionar y se cansa muy r\u00e1pido. El sacaleches no me iba bien y no consegu\u00ed que me subiera la leche.<\/p>\n<p>En mi caso, ni siquiera pude amamantarla y me generaba mucha impotencia no poder ofrecerle algo que le pod\u00eda ayudar much\u00edsimo, como era mi propia leche.<\/p>\n<p>Si tuviera que expresar lo m\u00e1s duro de tener un beb\u00e9 prematuro, ser\u00eda no poder tenerla junto a m\u00ed tras el nacimiento y tener que ir en unas horas estipuladas a verla, restringi\u00e9ndome las visitas durante las noches.<\/p>\n<p>Recuerdo estar en la habitaci\u00f3n del hospital y sentir un vac\u00edo inmenso mientras, al lado, una madre acurruca a su beb\u00e9 disfrut\u00e1ndolo desde el primer momento.<\/p>\n<p>Como reflexi\u00f3n, ahora que Sarah cumple 11 a\u00f1os, podr\u00eda deciros en base siempre a mi experiencia, que si ten\u00e9is un beb\u00e9 prematuro est\u00e9is el m\u00e1ximo de horas posibles junto a \u00e9l o ella, realizando el piel con piel (que es algo que hac\u00edamos mucho su padre y yo). Si pod\u00e9is darle lactancia materna para reforzar sus defensas, que tan d\u00e9biles suelen quedar, y sobre todo intentar encontrar paz, tranquilidad y confianza, sin dejar de preguntar todas vuestras dudas y temores a los profesionales. No olvid\u00e9is tampoco buscar el apoyo del padre y el resto de la familia y confiar siempre en que todo saldr\u00e1 bien. No dej\u00e9is de transmitir esa energ\u00eda positiva a vuestro beb\u00e9 para pronto poder disfrutar de \u00e9l como todas y todos nos merecemos.<\/p>\n<p style=\"text-align: right;\"><strong>Sandra Ss<\/strong><\/p>\n","protected":false},"excerpt":{"rendered":"<p>Cuando buscas un beb\u00e9, y finalmente te quedas embarazada, te imaginas con tu hijo en brazos, disfrutando de la maternidad y cumpliendo todas aquellas fantas\u00edas con las que siempre hab\u00edas so\u00f1ado. A pesar de que el miedo siempre nos conduce a pensar que algo pueda ir mal, intentas evitar ese pensamiento para poder disfrutar al m\u00e1ximo de esa corta etapa tan bonita y m\u00e1gica del embarazo. Para m\u00ed, dur\u00f3 poco ya que no tardaron en decirme que mi beb\u00e9 ser\u00eda prematuro. En mi caso, se supo a priori y pude mentalizarme antes de que naciera y hacerme una idea de &#8230;<\/p>\n","protected":false},"author":119,"featured_media":13890,"comment_status":"open","ping_status":"open","sticky":false,"template":"","format":"standard","meta":{"_acf_changed":false,"inline_featured_image":false,"footnotes":""},"categories":[7],"tags":[],"categoriabab":[674,675],"palabra_clave":[980],"class_list":["post-13885","post","type-post","status-publish","format-standard","has-post-thumbnail","hentry","category-blog-bab","categoriabab-parto-y-posparto","categoriabab-crianza-hasta-los-2-anos"],"acf":[],"yoast_head":"<!-- This site is optimized with the Yoast SEO plugin v27.1.1 - https:\/\/yoast.com\/product\/yoast-seo-wordpress\/ -->\n<title>Tener un beb\u00e9 prematuro. Una experiencia muy personal<\/title>\n<meta name=\"description\" content=\"Sandra Ss, mam\u00e1s de la Familia Tutti Vlog, nos cuenta su experiencia como madre primeriza de un beb\u00e9 prematuro. \u00bfSinti\u00f3 miedo? \u00bfC\u00f3mo actu\u00f3?\" \/>\n<meta name=\"robots\" content=\"index, follow, max-snippet:-1, max-image-preview:large, max-video-preview:-1\" \/>\n<link rel=\"canonical\" href=\"https:\/\/www.bezoya.es\/bebe-a-bordo\/blog-bab\/tener-bebe-prematuro\/\" \/>\n<meta property=\"og:locale\" content=\"es_ES\" \/>\n<meta property=\"og:type\" content=\"article\" \/>\n<meta property=\"og:title\" content=\"Tener un beb\u00e9 prematuro. Una experiencia muy personal\" \/>\n<meta property=\"og:description\" content=\"Sandra Ss, mam\u00e1s de la Familia Tutti Vlog, nos cuenta su experiencia como madre primeriza de un beb\u00e9 prematuro. \u00bfSinti\u00f3 miedo? \u00bfC\u00f3mo actu\u00f3?\" \/>\n<meta property=\"og:url\" content=\"https:\/\/www.bezoya.es\/bebe-a-bordo\/blog-bab\/tener-bebe-prematuro\/\" \/>\n<meta property=\"og:site_name\" content=\"Agua mineral natural Bezoya\" \/>\n<meta property=\"article:published_time\" content=\"2017-08-09T23:34:39+00:00\" \/>\n<meta property=\"article:modified_time\" content=\"2024-04-30T11:41:48+00:00\" \/>\n<meta property=\"og:image\" content=\"https:\/\/www.bezoya.es\/bebe-a-bordo\/wp-content\/uploads\/2017\/08\/adap01.jpg\" \/>\n\t<meta property=\"og:image:width\" content=\"500\" \/>\n\t<meta property=\"og:image:height\" content=\"375\" \/>\n\t<meta property=\"og:image:type\" content=\"image\/jpeg\" \/>\n<meta name=\"author\" content=\"Beb\u00e9 a Bordo\" \/>\n<meta name=\"twitter:card\" content=\"summary_large_image\" \/>\n<meta name=\"twitter:label1\" content=\"Escrito por\" \/>\n\t<meta name=\"twitter:data1\" content=\"Beb\u00e9 a Bordo\" \/>\n\t<meta name=\"twitter:label2\" content=\"Tiempo de lectura\" \/>\n\t<meta name=\"twitter:data2\" content=\"5 minutos\" \/>\n<script type=\"application\/ld+json\" class=\"yoast-schema-graph\">{\"@context\":\"https:\/\/schema.org\",\"@graph\":[{\"@type\":\"Article\",\"@id\":\"https:\/\/www.bezoya.es\/bebe-a-bordo\/blog-bab\/tener-bebe-prematuro\/#article\",\"isPartOf\":{\"@id\":\"https:\/\/www.bezoya.es\/bebe-a-bordo\/blog-bab\/tener-bebe-prematuro\/\"},\"author\":{\"name\":\"Beb\u00e9 a Bordo\",\"@id\":\"https:\/\/www.bezoya.es\/bebe-a-bordo\/#\/schema\/person\/27f580841a0710199ed73bb8262c9de1\"},\"headline\":\"Tener un beb\u00e9 prematuro\",\"datePublished\":\"2017-08-09T23:34:39+00:00\",\"dateModified\":\"2024-04-30T11:41:48+00:00\",\"mainEntityOfPage\":{\"@id\":\"https:\/\/www.bezoya.es\/bebe-a-bordo\/blog-bab\/tener-bebe-prematuro\/\"},\"wordCount\":935,\"commentCount\":0,\"image\":{\"@id\":\"https:\/\/www.bezoya.es\/bebe-a-bordo\/blog-bab\/tener-bebe-prematuro\/#primaryimage\"},\"thumbnailUrl\":\"https:\/\/www.bezoya.es\/bebe-a-bordo\/wp-content\/uploads\/2017\/08\/adap01.jpg\",\"articleSection\":[\"Blog Beb\u00e9 a Bordo\"],\"inLanguage\":\"es\",\"potentialAction\":[{\"@type\":\"CommentAction\",\"name\":\"Comment\",\"target\":[\"https:\/\/www.bezoya.es\/bebe-a-bordo\/blog-bab\/tener-bebe-prematuro\/#respond\"]}]},{\"@type\":\"WebPage\",\"@id\":\"https:\/\/www.bezoya.es\/bebe-a-bordo\/blog-bab\/tener-bebe-prematuro\/\",\"url\":\"https:\/\/www.bezoya.es\/bebe-a-bordo\/blog-bab\/tener-bebe-prematuro\/\",\"name\":\"Tener un beb\u00e9 prematuro. Una experiencia muy personal\",\"isPartOf\":{\"@id\":\"https:\/\/www.bezoya.es\/bebe-a-bordo\/#website\"},\"primaryImageOfPage\":{\"@id\":\"https:\/\/www.bezoya.es\/bebe-a-bordo\/blog-bab\/tener-bebe-prematuro\/#primaryimage\"},\"image\":{\"@id\":\"https:\/\/www.bezoya.es\/bebe-a-bordo\/blog-bab\/tener-bebe-prematuro\/#primaryimage\"},\"thumbnailUrl\":\"https:\/\/www.bezoya.es\/bebe-a-bordo\/wp-content\/uploads\/2017\/08\/adap01.jpg\",\"datePublished\":\"2017-08-09T23:34:39+00:00\",\"dateModified\":\"2024-04-30T11:41:48+00:00\",\"author\":{\"@id\":\"https:\/\/www.bezoya.es\/bebe-a-bordo\/#\/schema\/person\/27f580841a0710199ed73bb8262c9de1\"},\"description\":\"Sandra Ss, mam\u00e1s de la Familia Tutti Vlog, nos cuenta su experiencia como madre primeriza de un beb\u00e9 prematuro. \u00bfSinti\u00f3 miedo? \u00bfC\u00f3mo actu\u00f3?\",\"inLanguage\":\"es\",\"potentialAction\":[{\"@type\":\"ReadAction\",\"target\":[\"https:\/\/www.bezoya.es\/bebe-a-bordo\/blog-bab\/tener-bebe-prematuro\/\"]}]},{\"@type\":\"ImageObject\",\"inLanguage\":\"es\",\"@id\":\"https:\/\/www.bezoya.es\/bebe-a-bordo\/blog-bab\/tener-bebe-prematuro\/#primaryimage\",\"url\":\"https:\/\/www.bezoya.es\/bebe-a-bordo\/wp-content\/uploads\/2017\/08\/adap01.jpg\",\"contentUrl\":\"https:\/\/www.bezoya.es\/bebe-a-bordo\/wp-content\/uploads\/2017\/08\/adap01.jpg\",\"width\":500,\"height\":375,\"caption\":\"Beb\u00e9 prematuro Sandra Ss\"},{\"@type\":\"WebSite\",\"@id\":\"https:\/\/www.bezoya.es\/bebe-a-bordo\/#website\",\"url\":\"https:\/\/www.bezoya.es\/bebe-a-bordo\/\",\"name\":\"Agua mineral natural Bezoya\",\"description\":\"El agua de mineralizaci\u00f3n muy d\u00e9bil\",\"potentialAction\":[{\"@type\":\"SearchAction\",\"target\":{\"@type\":\"EntryPoint\",\"urlTemplate\":\"https:\/\/www.bezoya.es\/bebe-a-bordo\/?s={search_term_string}\"},\"query-input\":{\"@type\":\"PropertyValueSpecification\",\"valueRequired\":true,\"valueName\":\"search_term_string\"}}],\"inLanguage\":\"es\"},{\"@type\":\"Person\",\"@id\":\"https:\/\/www.bezoya.es\/bebe-a-bordo\/#\/schema\/person\/27f580841a0710199ed73bb8262c9de1\",\"name\":\"Beb\u00e9 a Bordo\",\"image\":{\"@type\":\"ImageObject\",\"inLanguage\":\"es\",\"@id\":\"https:\/\/www.bezoya.es\/bebe-a-bordo\/#\/schema\/person\/image\/\",\"url\":\"https:\/\/secure.gravatar.com\/avatar\/0b0c609b63be1f5d579657e5afa8b15ebc59af1c9cca5c551ddcd2114a725785?s=96&d=mm&r=g\",\"contentUrl\":\"https:\/\/secure.gravatar.com\/avatar\/0b0c609b63be1f5d579657e5afa8b15ebc59af1c9cca5c551ddcd2114a725785?s=96&d=mm&r=g\",\"caption\":\"Beb\u00e9 a Bordo\"},\"description\":\"El baby coach de Bezoya que te acompa\u00f1a desde el embarazo, parto y postparto, hasta sus primeros pasos.\",\"url\":\"https:\/\/www.bezoya.es\/bebe-a-bordo\/author\/bebe-a-bordo\/\"}]}<\/script>\n<!-- \/ Yoast SEO plugin. -->","yoast_head_json":{"title":"Tener un beb\u00e9 prematuro. Una experiencia muy personal","description":"Sandra Ss, mam\u00e1s de la Familia Tutti Vlog, nos cuenta su experiencia como madre primeriza de un beb\u00e9 prematuro. \u00bfSinti\u00f3 miedo? \u00bfC\u00f3mo actu\u00f3?","robots":{"index":"index","follow":"follow","max-snippet":"max-snippet:-1","max-image-preview":"max-image-preview:large","max-video-preview":"max-video-preview:-1"},"canonical":"https:\/\/www.bezoya.es\/bebe-a-bordo\/blog-bab\/tener-bebe-prematuro\/","og_locale":"es_ES","og_type":"article","og_title":"Tener un beb\u00e9 prematuro. Una experiencia muy personal","og_description":"Sandra Ss, mam\u00e1s de la Familia Tutti Vlog, nos cuenta su experiencia como madre primeriza de un beb\u00e9 prematuro. \u00bfSinti\u00f3 miedo? \u00bfC\u00f3mo actu\u00f3?","og_url":"https:\/\/www.bezoya.es\/bebe-a-bordo\/blog-bab\/tener-bebe-prematuro\/","og_site_name":"Agua mineral natural Bezoya","article_published_time":"2017-08-09T23:34:39+00:00","article_modified_time":"2024-04-30T11:41:48+00:00","og_image":[{"width":500,"height":375,"url":"https:\/\/www.bezoya.es\/bebe-a-bordo\/wp-content\/uploads\/2017\/08\/adap01.jpg","type":"image\/jpeg"}],"author":"Beb\u00e9 a Bordo","twitter_card":"summary_large_image","twitter_misc":{"Escrito por":"Beb\u00e9 a Bordo","Tiempo de lectura":"5 minutos"},"schema":{"@context":"https:\/\/schema.org","@graph":[{"@type":"Article","@id":"https:\/\/www.bezoya.es\/bebe-a-bordo\/blog-bab\/tener-bebe-prematuro\/#article","isPartOf":{"@id":"https:\/\/www.bezoya.es\/bebe-a-bordo\/blog-bab\/tener-bebe-prematuro\/"},"author":{"name":"Beb\u00e9 a Bordo","@id":"https:\/\/www.bezoya.es\/bebe-a-bordo\/#\/schema\/person\/27f580841a0710199ed73bb8262c9de1"},"headline":"Tener un beb\u00e9 prematuro","datePublished":"2017-08-09T23:34:39+00:00","dateModified":"2024-04-30T11:41:48+00:00","mainEntityOfPage":{"@id":"https:\/\/www.bezoya.es\/bebe-a-bordo\/blog-bab\/tener-bebe-prematuro\/"},"wordCount":935,"commentCount":0,"image":{"@id":"https:\/\/www.bezoya.es\/bebe-a-bordo\/blog-bab\/tener-bebe-prematuro\/#primaryimage"},"thumbnailUrl":"https:\/\/www.bezoya.es\/bebe-a-bordo\/wp-content\/uploads\/2017\/08\/adap01.jpg","articleSection":["Blog Beb\u00e9 a Bordo"],"inLanguage":"es","potentialAction":[{"@type":"CommentAction","name":"Comment","target":["https:\/\/www.bezoya.es\/bebe-a-bordo\/blog-bab\/tener-bebe-prematuro\/#respond"]}]},{"@type":"WebPage","@id":"https:\/\/www.bezoya.es\/bebe-a-bordo\/blog-bab\/tener-bebe-prematuro\/","url":"https:\/\/www.bezoya.es\/bebe-a-bordo\/blog-bab\/tener-bebe-prematuro\/","name":"Tener un beb\u00e9 prematuro. Una experiencia muy personal","isPartOf":{"@id":"https:\/\/www.bezoya.es\/bebe-a-bordo\/#website"},"primaryImageOfPage":{"@id":"https:\/\/www.bezoya.es\/bebe-a-bordo\/blog-bab\/tener-bebe-prematuro\/#primaryimage"},"image":{"@id":"https:\/\/www.bezoya.es\/bebe-a-bordo\/blog-bab\/tener-bebe-prematuro\/#primaryimage"},"thumbnailUrl":"https:\/\/www.bezoya.es\/bebe-a-bordo\/wp-content\/uploads\/2017\/08\/adap01.jpg","datePublished":"2017-08-09T23:34:39+00:00","dateModified":"2024-04-30T11:41:48+00:00","author":{"@id":"https:\/\/www.bezoya.es\/bebe-a-bordo\/#\/schema\/person\/27f580841a0710199ed73bb8262c9de1"},"description":"Sandra Ss, mam\u00e1s de la Familia Tutti Vlog, nos cuenta su experiencia como madre primeriza de un beb\u00e9 prematuro. \u00bfSinti\u00f3 miedo? \u00bfC\u00f3mo actu\u00f3?","inLanguage":"es","potentialAction":[{"@type":"ReadAction","target":["https:\/\/www.bezoya.es\/bebe-a-bordo\/blog-bab\/tener-bebe-prematuro\/"]}]},{"@type":"ImageObject","inLanguage":"es","@id":"https:\/\/www.bezoya.es\/bebe-a-bordo\/blog-bab\/tener-bebe-prematuro\/#primaryimage","url":"https:\/\/www.bezoya.es\/bebe-a-bordo\/wp-content\/uploads\/2017\/08\/adap01.jpg","contentUrl":"https:\/\/www.bezoya.es\/bebe-a-bordo\/wp-content\/uploads\/2017\/08\/adap01.jpg","width":500,"height":375,"caption":"Beb\u00e9 prematuro Sandra Ss"},{"@type":"WebSite","@id":"https:\/\/www.bezoya.es\/bebe-a-bordo\/#website","url":"https:\/\/www.bezoya.es\/bebe-a-bordo\/","name":"Agua mineral natural Bezoya","description":"El agua de mineralizaci\u00f3n muy d\u00e9bil","potentialAction":[{"@type":"SearchAction","target":{"@type":"EntryPoint","urlTemplate":"https:\/\/www.bezoya.es\/bebe-a-bordo\/?s={search_term_string}"},"query-input":{"@type":"PropertyValueSpecification","valueRequired":true,"valueName":"search_term_string"}}],"inLanguage":"es"},{"@type":"Person","@id":"https:\/\/www.bezoya.es\/bebe-a-bordo\/#\/schema\/person\/27f580841a0710199ed73bb8262c9de1","name":"Beb\u00e9 a Bordo","image":{"@type":"ImageObject","inLanguage":"es","@id":"https:\/\/www.bezoya.es\/bebe-a-bordo\/#\/schema\/person\/image\/","url":"https:\/\/secure.gravatar.com\/avatar\/0b0c609b63be1f5d579657e5afa8b15ebc59af1c9cca5c551ddcd2114a725785?s=96&d=mm&r=g","contentUrl":"https:\/\/secure.gravatar.com\/avatar\/0b0c609b63be1f5d579657e5afa8b15ebc59af1c9cca5c551ddcd2114a725785?s=96&d=mm&r=g","caption":"Beb\u00e9 a Bordo"},"description":"El baby coach de Bezoya que te acompa\u00f1a desde el embarazo, parto y postparto, hasta sus primeros pasos.","url":"https:\/\/www.bezoya.es\/bebe-a-bordo\/author\/bebe-a-bordo\/"}]}},"views":3432,"_links":{"self":[{"href":"https:\/\/www.bezoya.es\/bebe-a-bordo\/wp-json\/wp\/v2\/posts\/13885","targetHints":{"allow":["GET"]}}],"collection":[{"href":"https:\/\/www.bezoya.es\/bebe-a-bordo\/wp-json\/wp\/v2\/posts"}],"about":[{"href":"https:\/\/www.bezoya.es\/bebe-a-bordo\/wp-json\/wp\/v2\/types\/post"}],"author":[{"embeddable":true,"href":"https:\/\/www.bezoya.es\/bebe-a-bordo\/wp-json\/wp\/v2\/users\/119"}],"replies":[{"embeddable":true,"href":"https:\/\/www.bezoya.es\/bebe-a-bordo\/wp-json\/wp\/v2\/comments?post=13885"}],"version-history":[{"count":8,"href":"https:\/\/www.bezoya.es\/bebe-a-bordo\/wp-json\/wp\/v2\/posts\/13885\/revisions"}],"predecessor-version":[{"id":18393,"href":"https:\/\/www.bezoya.es\/bebe-a-bordo\/wp-json\/wp\/v2\/posts\/13885\/revisions\/18393"}],"wp:featuredmedia":[{"embeddable":true,"href":"https:\/\/www.bezoya.es\/bebe-a-bordo\/wp-json\/wp\/v2\/media\/13890"}],"wp:attachment":[{"href":"https:\/\/www.bezoya.es\/bebe-a-bordo\/wp-json\/wp\/v2\/media?parent=13885"}],"wp:term":[{"taxonomy":"category","embeddable":true,"href":"https:\/\/www.bezoya.es\/bebe-a-bordo\/wp-json\/wp\/v2\/categories?post=13885"},{"taxonomy":"post_tag","embeddable":true,"href":"https:\/\/www.bezoya.es\/bebe-a-bordo\/wp-json\/wp\/v2\/tags?post=13885"},{"taxonomy":"categoriabab","embeddable":true,"href":"https:\/\/www.bezoya.es\/bebe-a-bordo\/wp-json\/wp\/v2\/categoriabab?post=13885"},{"taxonomy":"palabra_clave","embeddable":true,"href":"https:\/\/www.bezoya.es\/bebe-a-bordo\/wp-json\/wp\/v2\/palabra_clave?post=13885"}],"curies":[{"name":"wp","href":"https:\/\/api.w.org\/{rel}","templated":true}]}}