{"id":13228,"date":"2017-06-08T10:42:22","date_gmt":"2017-06-08T08:42:22","guid":{"rendered":"https:\/\/www.bezoya.es\/bebe-a-bordo\/?p=13228"},"modified":"2024-04-23T21:18:42","modified_gmt":"2024-04-23T19:18:42","slug":"las-etapas-fotografiar-bebe","status":"publish","type":"post","link":"https:\/\/www.bezoya.es\/bebe-a-bordo\/blog-bab\/las-etapas-fotografiar-bebe\/","title":{"rendered":"Las etapas para fotografiar a tu beb\u00e9"},"content":{"rendered":"<p>El primer a\u00f1o de vida de un beb\u00e9 es muy intenso, emocionante y probablemente uno de los m\u00e1s importantes y parece que no, pero \u00a1pasa volando! Querr\u00edais guardar para siempre sus primeras carcajadas, sus primeras palabras, esa forma tan graciosa de gatear y todas esas caritas que pone \u00bfa que s\u00ed? Pues bien, las fotograf\u00edas nos permiten que todos esos momentos permanezcan para siempre en nuestras vidas.<\/p>\n<p>As\u00ed que prestad atenci\u00f3n ya que existen diferentes etapas a la hora de fotografiar a un beb\u00e9 y es en este post donde os vamos a hablar de cada una de ellas y de c\u00f3mo sacarle el m\u00e1ximo partido.<\/p>\n<p style=\"text-align: center;\">[youtube_sc url=\u00bbhttps:\/\/www.youtube.com\/watch?v=UBz-dRk6ZTc\u00bb]<\/p>\n<p>Durante sus <strong>primeros 15 d\u00edas<\/strong> se presenta la etapa Newborn (Reci\u00e9n Nacido), en la que fotografiamos al beb\u00e9 dormido -cuando a\u00fan mantienen la posici\u00f3n fetal- y conseguimos fotograf\u00edas muy especiales de esos primer\u00edsimos d\u00edas. Tened en cuenta que estas fotograf\u00edas requieren conocimientos muy especializados y no las puede hacer cualquiera: os aconsejo acudir a un profesional especialista en reci\u00e9n nacidos, que sepa manipularlos con seguridad y que conozca todas las t\u00e9cnicas de posado para poder realizar este tipo de sesiones con garant\u00eda. Una de las partes m\u00e1s complicadas en este tipo de sesiones es la de dormir al beb\u00e9 ya que para realizar la mayor\u00eda de las poses \u00e9ste deber estar en sue\u00f1o profundo o si no, se despertar\u00e1. Si dese\u00e1is realizar fotograf\u00edas en casa durante esta etapa no intent\u00e9is imitar esas poses ejecutadas por profesionales: muchas veces son montajes y aunque no lo ve\u00e1is, el beb\u00e9 est\u00e1 sujeto por alguien. Es preferible que realic\u00e9is fotograf\u00edas sencillas sin posados, en su cuna o envuelto en un arrullo, o con vosotros en brazos, y preserv\u00e9is, ante todo, su seguridad.<\/p>\n<p>Pasados los primeros 15 d\u00edas, el peque\u00f1o empieza ya a estirarse, a dormir menos\u2026 Y probablemente aparezcan los primeros c\u00f3licos<strong>. <\/strong>Cuando m\u00e1s complicado se hace hacerles fotos es entre el<strong> 1er y 3er MES <\/strong>ya que agitan constantemente los brazos y las piernecitas debido a que a\u00fan no controlan sus m\u00fasculos; y por la misma raz\u00f3n no dejan de hacer muecas con la cara, por lo que se convierte en complicado fotografiarle bien. A\u00fan, durante este per\u00edodo, no responden bien a los est\u00edmulos para que miren a la c\u00e1mara y por lo general tampoco r\u00eden mucho, o s\u00f3lo lo hacen con sus padres. Ya sab\u00e9is, conseguir fotos buenas en esa fase es todo un reto, aunque a base de paciencia seguro que sale algo.<\/p>\n<p style=\"text-align: center;\"><img loading=\"lazy\" decoding=\"async\" class=\"alignnone wp-image-13233 size-full\" src=\"https:\/\/www.bezoya.es\/bebe-a-bordo\/wp-content\/uploads\/2017\/05\/adap02.jpg\" alt=\"Sesi\u00f3n de fotos newborn reci\u00e9n nacido\" width=\"500\" height=\"375\" srcset=\"https:\/\/www.bezoya.es\/bebe-a-bordo\/wp-content\/uploads\/2017\/05\/adap02.jpg 500w, https:\/\/www.bezoya.es\/bebe-a-bordo\/wp-content\/uploads\/2017\/05\/adap02-300x225.jpg 300w\" sizes=\"auto, (max-width: 500px) 100vw, 500px\" \/><\/p>\n<p>A partir de los<strong> 3-4 MESES <\/strong>es cuando ya empiezan a tener m\u00e1s fuerza en el cuello, a interactuar m\u00e1s y a regalarnos sonrisas. Sin embargo, estamos limitados en cuanto a poses porque a\u00fan no se sostienen sentados por s\u00ed mismos: el mejor modo de fotografiarlos en esta fase es tumbarlos sobre mantas. Pod\u00e9is fotografiarlos desde arriba mientras est\u00e1n tumbados sobre su espalda, o bien desde el frente a su misma altura, cuando est\u00e1n tumbados sobre su est\u00f3mago, aunque en esta \u00faltima posici\u00f3n no aguantan mucho y se cansan. Otra buena opci\u00f3n es meterlos en cestitos o cajas, siempre acolchadas, asegur\u00e1ndonos siempre de que el beb\u00e9 no pueda golpearse, caerse ni rozar con nada, y con alguien a su lado, por seguridad. En esta fase os aconsejamos fotografiarlos con poca ropa, s\u00f3lo con cubre pa\u00f1al, ya que al no poder sentarse no la lucen casi y as\u00ed queda mucho m\u00e1s bonito.<\/p>\n<p>Alrededor de los <strong>7 MESES <\/strong>es cuando ya se sientan por si solos sin dificultad. Son los \u201cSitters\u201d -t\u00e9rmino en ingl\u00e9s para beb\u00e9s que ya se sientan-: este es el mejor momento para fotografiarlos. Son grandes modelos y est\u00e1n muy receptivos a los est\u00edmulos del fot\u00f3grafo; adem\u00e1s es f\u00e1cil hacerles re\u00edr y a\u00fan no gatean, con lo que no van a ning\u00fan lado. Te aconsejamos que aproveches esta fase para vestirlos con trajes bonitos. Sobre los<strong> 10<\/strong> <strong>MESES<\/strong> seguir\u00e1n siendo buenos modelos, pero se complica un poco la cosa con los gateadores. \u00a1Los hay muy r\u00e1pidos que, a veces, no te dan ni un segundo para enfocar! En ese caso siempre podemos meterlos en alguna caja o cesto para ganar algo de tiempo.<\/p>\n<p style=\"text-align: center;\"><img loading=\"lazy\" decoding=\"async\" class=\"alignnone wp-image-13234 size-full\" src=\"https:\/\/www.bezoya.es\/bebe-a-bordo\/wp-content\/uploads\/2017\/05\/adap01.jpg\" alt=\"Sesi\u00f3n de fotos beb\u00e9s\" width=\"500\" height=\"375\" srcset=\"https:\/\/www.bezoya.es\/bebe-a-bordo\/wp-content\/uploads\/2017\/05\/adap01.jpg 500w, https:\/\/www.bezoya.es\/bebe-a-bordo\/wp-content\/uploads\/2017\/05\/adap01-300x225.jpg 300w\" sizes=\"auto, (max-width: 500px) 100vw, 500px\" \/><\/p>\n<p>La \u00faltima etapa del a\u00f1o es, c\u00f3mo no, la de los <strong>12 MESES<\/strong>: aqu\u00ed muchos ya se sostienen en pie apoy\u00e1ndose sobre algo. Y por supuesto\u2026. \u00a1Es su 1er cumplea\u00f1os! Una idea divertida y diferente de celebrarlo es la sesi\u00f3n CAKE SMASH: monta un decorado de fiesta, prepara una tarta especial para beb\u00e9s, y fotograf\u00eda al tuyo mientras destroza su propia tarta. Normalmente es la primera vez que prueban el dulce y siempre es una sorpresa ver c\u00f3mo reaccionar\u00e1n. Recomendamos a los padres que experimenten primero en casa\u2026 No a todos los beb\u00e9s les gusta ensuciarse. Tambi\u00e9n es importante informar de cualquier alergia y haberle introducido el huevo ya en la dieta. Para terminar la sesi\u00f3n puedes meterle en un ba\u00f1ito de espuma y realizar tambi\u00e9n fotos muy divertidas.<\/p>\n<p>Como indicaciones generales, en cualquiera de las etapas, os quedar\u00e1n m\u00e1s bonitas las fotos si us\u00e1is una luz natural suave y lateral (por ejemplo, luz que entra por una ventana), y para llamar su atenci\u00f3n y que miren, debemos usar sonidos y objetos coloridos. Tambi\u00e9n os conviene saber que por la ma\u00f1ana los beb\u00e9s suelen estar m\u00e1s receptivos y muy importante: tened en cuenta sus horarios, sobre todo sus horas de sue\u00f1o, ya que si tienen sue\u00f1o no habr\u00e1 nada que hacer porque estar\u00e1n de mal humor.<\/p>\n<p>Disfrutad viendo c\u00f3mo crece vuestro beb\u00e9, etapa a etapa, y guardad ese recuerdo como un tesoro. Vosotros os seguir\u00e9is emocionando cada vez que ve\u00e1is esas fotograf\u00edas, y ellos seguro que os lo agradecer\u00e1n cuando sean mayores.<\/p>\n<p style=\"text-align: right;\"><strong>Kristina Reche (Fot\u00f3grafa en <a href=\"http:\/\/www.petitmonde.es\" target=\"_blank\" rel=\"noopener noreferrer\">Petit Monde Fotograf\u00eda<\/a>)<\/strong><\/p>\n","protected":false},"excerpt":{"rendered":"<p>El primer a\u00f1o de vida de un beb\u00e9 es muy intenso, emocionante y probablemente uno de los m\u00e1s importantes y parece que no, pero \u00a1pasa volando! Querr\u00edais guardar para siempre sus primeras carcajadas, sus primeras palabras, esa forma tan graciosa de gatear y todas esas caritas que pone \u00bfa que s\u00ed? Pues bien, las fotograf\u00edas nos permiten que todos esos momentos permanezcan para siempre en nuestras vidas. As\u00ed que prestad atenci\u00f3n ya que existen diferentes etapas a la hora de fotografiar a un beb\u00e9 y es en este post donde os vamos a hablar de cada una de ellas y &#8230;<\/p>\n","protected":false},"author":119,"featured_media":13231,"comment_status":"open","ping_status":"open","sticky":false,"template":"","format":"standard","meta":{"_acf_changed":false,"inline_featured_image":false,"footnotes":""},"categories":[7],"tags":[],"categoriabab":[675],"palabra_clave":[],"class_list":["post-13228","post","type-post","status-publish","format-standard","has-post-thumbnail","hentry","category-blog-bab","categoriabab-crianza-hasta-los-2-anos"],"acf":[],"yoast_head":"<!-- This site is optimized with the Yoast SEO plugin v27.1.1 - https:\/\/yoast.com\/product\/yoast-seo-wordpress\/ -->\n<title>Las etapas para fotografiar a tu beb\u00e9 - Agua mineral natural Bezoya<\/title>\n<meta name=\"robots\" content=\"index, follow, max-snippet:-1, max-image-preview:large, max-video-preview:-1\" \/>\n<link rel=\"canonical\" href=\"https:\/\/www.bezoya.es\/bebe-a-bordo\/blog-bab\/las-etapas-fotografiar-bebe\/\" \/>\n<meta property=\"og:locale\" content=\"es_ES\" \/>\n<meta property=\"og:type\" content=\"article\" \/>\n<meta property=\"og:title\" content=\"Las etapas para fotografiar a tu beb\u00e9 - Agua mineral natural Bezoya\" \/>\n<meta property=\"og:description\" content=\"El primer a\u00f1o de vida de un beb\u00e9 es muy intenso, emocionante y probablemente uno de los m\u00e1s importantes y parece que no, pero \u00a1pasa volando! Querr\u00edais guardar para siempre sus primeras carcajadas, sus primeras palabras, esa forma tan graciosa de gatear y todas esas caritas que pone \u00bfa que s\u00ed? Pues bien, las fotograf\u00edas nos permiten que todos esos momentos permanezcan para siempre en nuestras vidas. As\u00ed que prestad atenci\u00f3n ya que existen diferentes etapas a la hora de fotografiar a un beb\u00e9 y es en este post donde os vamos a hablar de cada una de ellas y ...\" \/>\n<meta property=\"og:url\" content=\"https:\/\/www.bezoya.es\/bebe-a-bordo\/blog-bab\/las-etapas-fotografiar-bebe\/\" \/>\n<meta property=\"og:site_name\" content=\"Agua mineral natural Bezoya\" \/>\n<meta property=\"article:published_time\" content=\"2017-06-08T08:42:22+00:00\" \/>\n<meta property=\"article:modified_time\" content=\"2024-04-23T19:18:42+00:00\" \/>\n<meta property=\"og:image\" content=\"https:\/\/www.bezoya.es\/bebe-a-bordo\/wp-content\/uploads\/2017\/05\/adap03.jpg\" \/>\n\t<meta property=\"og:image:width\" content=\"500\" \/>\n\t<meta property=\"og:image:height\" content=\"375\" \/>\n\t<meta property=\"og:image:type\" content=\"image\/jpeg\" \/>\n<meta name=\"author\" content=\"Beb\u00e9 a Bordo\" \/>\n<meta name=\"twitter:card\" content=\"summary_large_image\" \/>\n<meta name=\"twitter:label1\" content=\"Escrito por\" \/>\n\t<meta name=\"twitter:data1\" content=\"Beb\u00e9 a Bordo\" \/>\n\t<meta name=\"twitter:label2\" content=\"Tiempo de lectura\" \/>\n\t<meta name=\"twitter:data2\" content=\"5 minutos\" \/>\n<script type=\"application\/ld+json\" class=\"yoast-schema-graph\">{\"@context\":\"https:\/\/schema.org\",\"@graph\":[{\"@type\":\"Article\",\"@id\":\"https:\/\/www.bezoya.es\/bebe-a-bordo\/blog-bab\/las-etapas-fotografiar-bebe\/#article\",\"isPartOf\":{\"@id\":\"https:\/\/www.bezoya.es\/bebe-a-bordo\/blog-bab\/las-etapas-fotografiar-bebe\/\"},\"author\":{\"name\":\"Beb\u00e9 a Bordo\",\"@id\":\"https:\/\/www.bezoya.es\/bebe-a-bordo\/#\/schema\/person\/27f580841a0710199ed73bb8262c9de1\"},\"headline\":\"Las etapas para fotografiar a tu beb\u00e9\",\"datePublished\":\"2017-06-08T08:42:22+00:00\",\"dateModified\":\"2024-04-23T19:18:42+00:00\",\"mainEntityOfPage\":{\"@id\":\"https:\/\/www.bezoya.es\/bebe-a-bordo\/blog-bab\/las-etapas-fotografiar-bebe\/\"},\"wordCount\":1054,\"commentCount\":0,\"image\":{\"@id\":\"https:\/\/www.bezoya.es\/bebe-a-bordo\/blog-bab\/las-etapas-fotografiar-bebe\/#primaryimage\"},\"thumbnailUrl\":\"https:\/\/www.bezoya.es\/bebe-a-bordo\/wp-content\/uploads\/2017\/05\/adap03.jpg\",\"articleSection\":[\"Blog Beb\u00e9 a Bordo\"],\"inLanguage\":\"es\",\"potentialAction\":[{\"@type\":\"CommentAction\",\"name\":\"Comment\",\"target\":[\"https:\/\/www.bezoya.es\/bebe-a-bordo\/blog-bab\/las-etapas-fotografiar-bebe\/#respond\"]}]},{\"@type\":\"WebPage\",\"@id\":\"https:\/\/www.bezoya.es\/bebe-a-bordo\/blog-bab\/las-etapas-fotografiar-bebe\/\",\"url\":\"https:\/\/www.bezoya.es\/bebe-a-bordo\/blog-bab\/las-etapas-fotografiar-bebe\/\",\"name\":\"Las etapas para fotografiar a tu beb\u00e9 - Agua mineral natural Bezoya\",\"isPartOf\":{\"@id\":\"https:\/\/www.bezoya.es\/bebe-a-bordo\/#website\"},\"primaryImageOfPage\":{\"@id\":\"https:\/\/www.bezoya.es\/bebe-a-bordo\/blog-bab\/las-etapas-fotografiar-bebe\/#primaryimage\"},\"image\":{\"@id\":\"https:\/\/www.bezoya.es\/bebe-a-bordo\/blog-bab\/las-etapas-fotografiar-bebe\/#primaryimage\"},\"thumbnailUrl\":\"https:\/\/www.bezoya.es\/bebe-a-bordo\/wp-content\/uploads\/2017\/05\/adap03.jpg\",\"datePublished\":\"2017-06-08T08:42:22+00:00\",\"dateModified\":\"2024-04-23T19:18:42+00:00\",\"author\":{\"@id\":\"https:\/\/www.bezoya.es\/bebe-a-bordo\/#\/schema\/person\/27f580841a0710199ed73bb8262c9de1\"},\"inLanguage\":\"es\",\"potentialAction\":[{\"@type\":\"ReadAction\",\"target\":[\"https:\/\/www.bezoya.es\/bebe-a-bordo\/blog-bab\/las-etapas-fotografiar-bebe\/\"]}]},{\"@type\":\"ImageObject\",\"inLanguage\":\"es\",\"@id\":\"https:\/\/www.bezoya.es\/bebe-a-bordo\/blog-bab\/las-etapas-fotografiar-bebe\/#primaryimage\",\"url\":\"https:\/\/www.bezoya.es\/bebe-a-bordo\/wp-content\/uploads\/2017\/05\/adap03.jpg\",\"contentUrl\":\"https:\/\/www.bezoya.es\/bebe-a-bordo\/wp-content\/uploads\/2017\/05\/adap03.jpg\",\"width\":500,\"height\":375,\"caption\":\"Las etapas para fotografiar a tu beb\u00e9. Sesi\u00f3n de fotos newborn reci\u00e9n nacido\"},{\"@type\":\"WebSite\",\"@id\":\"https:\/\/www.bezoya.es\/bebe-a-bordo\/#website\",\"url\":\"https:\/\/www.bezoya.es\/bebe-a-bordo\/\",\"name\":\"Agua mineral natural Bezoya\",\"description\":\"El agua de mineralizaci\u00f3n muy d\u00e9bil\",\"potentialAction\":[{\"@type\":\"SearchAction\",\"target\":{\"@type\":\"EntryPoint\",\"urlTemplate\":\"https:\/\/www.bezoya.es\/bebe-a-bordo\/?s={search_term_string}\"},\"query-input\":{\"@type\":\"PropertyValueSpecification\",\"valueRequired\":true,\"valueName\":\"search_term_string\"}}],\"inLanguage\":\"es\"},{\"@type\":\"Person\",\"@id\":\"https:\/\/www.bezoya.es\/bebe-a-bordo\/#\/schema\/person\/27f580841a0710199ed73bb8262c9de1\",\"name\":\"Beb\u00e9 a Bordo\",\"image\":{\"@type\":\"ImageObject\",\"inLanguage\":\"es\",\"@id\":\"https:\/\/www.bezoya.es\/bebe-a-bordo\/#\/schema\/person\/image\/\",\"url\":\"https:\/\/secure.gravatar.com\/avatar\/0b0c609b63be1f5d579657e5afa8b15ebc59af1c9cca5c551ddcd2114a725785?s=96&d=mm&r=g\",\"contentUrl\":\"https:\/\/secure.gravatar.com\/avatar\/0b0c609b63be1f5d579657e5afa8b15ebc59af1c9cca5c551ddcd2114a725785?s=96&d=mm&r=g\",\"caption\":\"Beb\u00e9 a Bordo\"},\"description\":\"El baby coach de Bezoya que te acompa\u00f1a desde el embarazo, parto y postparto, hasta sus primeros pasos.\",\"url\":\"https:\/\/www.bezoya.es\/bebe-a-bordo\/author\/bebe-a-bordo\/\"}]}<\/script>\n<!-- \/ Yoast SEO plugin. -->","yoast_head_json":{"title":"Las etapas para fotografiar a tu beb\u00e9 - Agua mineral natural Bezoya","robots":{"index":"index","follow":"follow","max-snippet":"max-snippet:-1","max-image-preview":"max-image-preview:large","max-video-preview":"max-video-preview:-1"},"canonical":"https:\/\/www.bezoya.es\/bebe-a-bordo\/blog-bab\/las-etapas-fotografiar-bebe\/","og_locale":"es_ES","og_type":"article","og_title":"Las etapas para fotografiar a tu beb\u00e9 - Agua mineral natural Bezoya","og_description":"El primer a\u00f1o de vida de un beb\u00e9 es muy intenso, emocionante y probablemente uno de los m\u00e1s importantes y parece que no, pero \u00a1pasa volando! Querr\u00edais guardar para siempre sus primeras carcajadas, sus primeras palabras, esa forma tan graciosa de gatear y todas esas caritas que pone \u00bfa que s\u00ed? Pues bien, las fotograf\u00edas nos permiten que todos esos momentos permanezcan para siempre en nuestras vidas. As\u00ed que prestad atenci\u00f3n ya que existen diferentes etapas a la hora de fotografiar a un beb\u00e9 y es en este post donde os vamos a hablar de cada una de ellas y ...","og_url":"https:\/\/www.bezoya.es\/bebe-a-bordo\/blog-bab\/las-etapas-fotografiar-bebe\/","og_site_name":"Agua mineral natural Bezoya","article_published_time":"2017-06-08T08:42:22+00:00","article_modified_time":"2024-04-23T19:18:42+00:00","og_image":[{"width":500,"height":375,"url":"https:\/\/www.bezoya.es\/bebe-a-bordo\/wp-content\/uploads\/2017\/05\/adap03.jpg","type":"image\/jpeg"}],"author":"Beb\u00e9 a Bordo","twitter_card":"summary_large_image","twitter_misc":{"Escrito por":"Beb\u00e9 a Bordo","Tiempo de lectura":"5 minutos"},"schema":{"@context":"https:\/\/schema.org","@graph":[{"@type":"Article","@id":"https:\/\/www.bezoya.es\/bebe-a-bordo\/blog-bab\/las-etapas-fotografiar-bebe\/#article","isPartOf":{"@id":"https:\/\/www.bezoya.es\/bebe-a-bordo\/blog-bab\/las-etapas-fotografiar-bebe\/"},"author":{"name":"Beb\u00e9 a Bordo","@id":"https:\/\/www.bezoya.es\/bebe-a-bordo\/#\/schema\/person\/27f580841a0710199ed73bb8262c9de1"},"headline":"Las etapas para fotografiar a tu beb\u00e9","datePublished":"2017-06-08T08:42:22+00:00","dateModified":"2024-04-23T19:18:42+00:00","mainEntityOfPage":{"@id":"https:\/\/www.bezoya.es\/bebe-a-bordo\/blog-bab\/las-etapas-fotografiar-bebe\/"},"wordCount":1054,"commentCount":0,"image":{"@id":"https:\/\/www.bezoya.es\/bebe-a-bordo\/blog-bab\/las-etapas-fotografiar-bebe\/#primaryimage"},"thumbnailUrl":"https:\/\/www.bezoya.es\/bebe-a-bordo\/wp-content\/uploads\/2017\/05\/adap03.jpg","articleSection":["Blog Beb\u00e9 a Bordo"],"inLanguage":"es","potentialAction":[{"@type":"CommentAction","name":"Comment","target":["https:\/\/www.bezoya.es\/bebe-a-bordo\/blog-bab\/las-etapas-fotografiar-bebe\/#respond"]}]},{"@type":"WebPage","@id":"https:\/\/www.bezoya.es\/bebe-a-bordo\/blog-bab\/las-etapas-fotografiar-bebe\/","url":"https:\/\/www.bezoya.es\/bebe-a-bordo\/blog-bab\/las-etapas-fotografiar-bebe\/","name":"Las etapas para fotografiar a tu beb\u00e9 - Agua mineral natural Bezoya","isPartOf":{"@id":"https:\/\/www.bezoya.es\/bebe-a-bordo\/#website"},"primaryImageOfPage":{"@id":"https:\/\/www.bezoya.es\/bebe-a-bordo\/blog-bab\/las-etapas-fotografiar-bebe\/#primaryimage"},"image":{"@id":"https:\/\/www.bezoya.es\/bebe-a-bordo\/blog-bab\/las-etapas-fotografiar-bebe\/#primaryimage"},"thumbnailUrl":"https:\/\/www.bezoya.es\/bebe-a-bordo\/wp-content\/uploads\/2017\/05\/adap03.jpg","datePublished":"2017-06-08T08:42:22+00:00","dateModified":"2024-04-23T19:18:42+00:00","author":{"@id":"https:\/\/www.bezoya.es\/bebe-a-bordo\/#\/schema\/person\/27f580841a0710199ed73bb8262c9de1"},"inLanguage":"es","potentialAction":[{"@type":"ReadAction","target":["https:\/\/www.bezoya.es\/bebe-a-bordo\/blog-bab\/las-etapas-fotografiar-bebe\/"]}]},{"@type":"ImageObject","inLanguage":"es","@id":"https:\/\/www.bezoya.es\/bebe-a-bordo\/blog-bab\/las-etapas-fotografiar-bebe\/#primaryimage","url":"https:\/\/www.bezoya.es\/bebe-a-bordo\/wp-content\/uploads\/2017\/05\/adap03.jpg","contentUrl":"https:\/\/www.bezoya.es\/bebe-a-bordo\/wp-content\/uploads\/2017\/05\/adap03.jpg","width":500,"height":375,"caption":"Las etapas para fotografiar a tu beb\u00e9. Sesi\u00f3n de fotos newborn reci\u00e9n nacido"},{"@type":"WebSite","@id":"https:\/\/www.bezoya.es\/bebe-a-bordo\/#website","url":"https:\/\/www.bezoya.es\/bebe-a-bordo\/","name":"Agua mineral natural Bezoya","description":"El agua de mineralizaci\u00f3n muy d\u00e9bil","potentialAction":[{"@type":"SearchAction","target":{"@type":"EntryPoint","urlTemplate":"https:\/\/www.bezoya.es\/bebe-a-bordo\/?s={search_term_string}"},"query-input":{"@type":"PropertyValueSpecification","valueRequired":true,"valueName":"search_term_string"}}],"inLanguage":"es"},{"@type":"Person","@id":"https:\/\/www.bezoya.es\/bebe-a-bordo\/#\/schema\/person\/27f580841a0710199ed73bb8262c9de1","name":"Beb\u00e9 a Bordo","image":{"@type":"ImageObject","inLanguage":"es","@id":"https:\/\/www.bezoya.es\/bebe-a-bordo\/#\/schema\/person\/image\/","url":"https:\/\/secure.gravatar.com\/avatar\/0b0c609b63be1f5d579657e5afa8b15ebc59af1c9cca5c551ddcd2114a725785?s=96&d=mm&r=g","contentUrl":"https:\/\/secure.gravatar.com\/avatar\/0b0c609b63be1f5d579657e5afa8b15ebc59af1c9cca5c551ddcd2114a725785?s=96&d=mm&r=g","caption":"Beb\u00e9 a Bordo"},"description":"El baby coach de Bezoya que te acompa\u00f1a desde el embarazo, parto y postparto, hasta sus primeros pasos.","url":"https:\/\/www.bezoya.es\/bebe-a-bordo\/author\/bebe-a-bordo\/"}]}},"views":3213,"_links":{"self":[{"href":"https:\/\/www.bezoya.es\/bebe-a-bordo\/wp-json\/wp\/v2\/posts\/13228","targetHints":{"allow":["GET"]}}],"collection":[{"href":"https:\/\/www.bezoya.es\/bebe-a-bordo\/wp-json\/wp\/v2\/posts"}],"about":[{"href":"https:\/\/www.bezoya.es\/bebe-a-bordo\/wp-json\/wp\/v2\/types\/post"}],"author":[{"embeddable":true,"href":"https:\/\/www.bezoya.es\/bebe-a-bordo\/wp-json\/wp\/v2\/users\/119"}],"replies":[{"embeddable":true,"href":"https:\/\/www.bezoya.es\/bebe-a-bordo\/wp-json\/wp\/v2\/comments?post=13228"}],"version-history":[{"count":7,"href":"https:\/\/www.bezoya.es\/bebe-a-bordo\/wp-json\/wp\/v2\/posts\/13228\/revisions"}],"predecessor-version":[{"id":18410,"href":"https:\/\/www.bezoya.es\/bebe-a-bordo\/wp-json\/wp\/v2\/posts\/13228\/revisions\/18410"}],"wp:featuredmedia":[{"embeddable":true,"href":"https:\/\/www.bezoya.es\/bebe-a-bordo\/wp-json\/wp\/v2\/media\/13231"}],"wp:attachment":[{"href":"https:\/\/www.bezoya.es\/bebe-a-bordo\/wp-json\/wp\/v2\/media?parent=13228"}],"wp:term":[{"taxonomy":"category","embeddable":true,"href":"https:\/\/www.bezoya.es\/bebe-a-bordo\/wp-json\/wp\/v2\/categories?post=13228"},{"taxonomy":"post_tag","embeddable":true,"href":"https:\/\/www.bezoya.es\/bebe-a-bordo\/wp-json\/wp\/v2\/tags?post=13228"},{"taxonomy":"categoriabab","embeddable":true,"href":"https:\/\/www.bezoya.es\/bebe-a-bordo\/wp-json\/wp\/v2\/categoriabab?post=13228"},{"taxonomy":"palabra_clave","embeddable":true,"href":"https:\/\/www.bezoya.es\/bebe-a-bordo\/wp-json\/wp\/v2\/palabra_clave?post=13228"}],"curies":[{"name":"wp","href":"https:\/\/api.w.org\/{rel}","templated":true}]}}