{"id":12352,"date":"2017-03-16T10:00:47","date_gmt":"2017-03-16T08:00:47","guid":{"rendered":"https:\/\/www.bezoya.es\/bebe-a-bordo\/?p=12352"},"modified":"2024-04-30T13:50:33","modified_gmt":"2024-04-30T11:50:33","slug":"imprescindibles-la-llegada-del-bebe","status":"publish","type":"post","link":"https:\/\/www.bezoya.es\/bebe-a-bordo\/blog-bab\/imprescindibles-la-llegada-del-bebe\/","title":{"rendered":"5 imprescindibles para la llegada del beb\u00e9"},"content":{"rendered":"<p>\u00a1\u00a1Hola Cuchufletillas!! En este post os voy hablar sobre mis imprescindibles del reci\u00e9n nacido. Creo que todas las madres hemos buscado informaci\u00f3n o hemos le\u00eddo art\u00edculos que nos recomiendan sobre productos que \u201cvamos\u201d a necesitar para la llegada de nuestro beb\u00e9. Lo cierto es que cuanto m\u00e1s leo sobre los \u201cimprescindibles para el beb\u00e9\u201d m\u00e1s me convenzo de que este es un tema muy personal y depender\u00e1 mucho de la madre y el beb\u00e9&#8230; Como ya sab\u00e9is cada beb\u00e9 es un mundo.<\/p>\n<p style=\"text-align: center;\">[youtube_sc autoplay=\u00bb1&#8243; url=\u00bbhttps:\/\/www.youtube.com\/watch?v=qYJprezH3Xg&amp;t\u00bb]<\/p>\n<p>Mis 5 imprescindibles para\u00a0la llegada del reci\u00e9n nacido son:<\/p>\n<ul>\n<li><strong>El sacaleches y accesorios de lactancia<\/strong>. El sacaleches lo considero un b\u00e1sico esencial si vas a dar el pecho, sobre todo si tienes que reincorporarte a trabajar y quieres seguir ofreciendo a tu beb\u00e9 leche materna.\u00a0\u00a0Un buen coj\u00edn de lactancia resulta muy c\u00f3modo para dar el pecho las primeras semanas, sin \u00e9l creo que hubiese sido mucho m\u00e1s dif\u00edcil ya que se adapta a tu cintura y te permite adoptar la postura correcta sin forzar la espalda. Otros de los accesorios que son muy \u00fatiles para la lactancia son: sujetadores de lactancia, discos absorbentes, bolsas de conservaci\u00f3n y crema protectora.<\/li>\n<\/ul>\n<p style=\"text-align: center;\"><img loading=\"lazy\" decoding=\"async\" class=\"alignnone wp-image-12356 size-full\" src=\"https:\/\/www.bezoya.es\/bebe-a-bordo\/wp-content\/uploads\/2017\/02\/Imprescindibles_clarisse03.jpg\" alt=\"Lactancia materna\" width=\"500\" height=\"375\" srcset=\"https:\/\/www.bezoya.es\/bebe-a-bordo\/wp-content\/uploads\/2017\/02\/Imprescindibles_clarisse03.jpg 500w, https:\/\/www.bezoya.es\/bebe-a-bordo\/wp-content\/uploads\/2017\/02\/Imprescindibles_clarisse03-300x225.jpg 300w\" sizes=\"auto, (max-width: 500px) 100vw, 500px\" \/><\/p>\n<ul>\n<li><strong>Ba\u00f1era fetal<\/strong>. Hay muchos tipos de ba\u00f1eras por eso te recomendamos que, ante la duda, consultes este tema con un profesional.<\/li>\n<li><strong>Portabeb\u00e9s ergon\u00f3mico<\/strong>. Mi otra salvaci\u00f3n. Considero que es un producto muy \u00fatil y m\u00e1s si tienes otro hijo de corta edad. Hay muchas variedades pero lo importante es que sea ergon\u00f3mico, es decir, que respeten la postura y fisionom\u00eda del beb\u00e9. Yo tengo una mochila ergon\u00f3mica, aunque tambi\u00e9n hay fulares, y lo hemos usado para pasear, ir a comprar cuando te faltan manos, para dormir al beb\u00e9, para cocinar&#8230; Por lo que considero que es una compra en las que merece la pena gastarse el dinero.<\/li>\n<li><strong>Mois\u00e9s cerca de tu cama.<\/strong>\u00a0Tener una cuna a la misma altura que tu colch\u00f3n, totalmente pegada a tu cama, es un verdadero lujo para todos.\u00a0Favorece el descanso de la mam\u00e1, facilita la lactancia materna y la tranquilidad de sentir cerca al beb\u00e9.<\/li>\n<\/ul>\n<p>Estos ser\u00edan mis 5 imprescindibles para la mam\u00e1 y el reci\u00e9n nacido, pero sigo insistiendo en que esto es muy relativo, ya que cada beb\u00e9 es un mundo, y puede que lo que a mi beb\u00e9 le va bien, al tuyo no.<\/p>\n<p>\u00bfCu\u00e1les son tus imprescindibles? \u00bfCoincides conmigo en alguno?<\/p>\n<p style=\"text-align: right;\"><strong>Clarisse &#8211; Tamara<\/strong><\/p>\n","protected":false},"excerpt":{"rendered":"<p>\u00a1\u00a1Hola Cuchufletillas!! En este post os voy hablar sobre mis imprescindibles del reci\u00e9n nacido. Creo que todas las madres hemos buscado informaci\u00f3n o hemos le\u00eddo art\u00edculos que nos recomiendan sobre productos que \u201cvamos\u201d a necesitar para la llegada de nuestro beb\u00e9. Lo cierto es que cuanto m\u00e1s leo sobre los \u201cimprescindibles para el beb\u00e9\u201d m\u00e1s me convenzo de que este es un tema muy personal y depender\u00e1 mucho de la madre y el beb\u00e9&#8230; Como ya sab\u00e9is cada beb\u00e9 es un mundo. [youtube_sc autoplay=\u00bb1&#8243; url=\u00bbhttps:\/\/www.youtube.com\/watch?v=qYJprezH3Xg&amp;t\u00bb] Mis 5 imprescindibles para\u00a0la llegada del reci\u00e9n nacido son: El sacaleches y accesorios de lactancia. &#8230;<\/p>\n","protected":false},"author":119,"featured_media":12354,"comment_status":"open","ping_status":"open","sticky":false,"template":"","format":"standard","meta":{"_acf_changed":false,"inline_featured_image":false,"footnotes":""},"categories":[7],"tags":[],"categoriabab":[674,675],"palabra_clave":[990],"class_list":["post-12352","post","type-post","status-publish","format-standard","has-post-thumbnail","hentry","category-blog-bab","categoriabab-parto-y-posparto","categoriabab-crianza-hasta-los-2-anos"],"acf":[],"yoast_head":"<!-- This site is optimized with the Yoast SEO plugin v27.1.1 - https:\/\/yoast.com\/product\/yoast-seo-wordpress\/ -->\n<title>5 imprescindibles para la llegada del beb\u00e9<\/title>\n<meta name=\"description\" content=\"Clarisse nos cuenta cu\u00e1les son los 5 imprescindibles para la mam\u00e1 y el beb\u00e9. Una lista de consejos y recomendaciones para preparar la llegada del beb\u00e9\" \/>\n<meta name=\"robots\" content=\"index, follow, max-snippet:-1, max-image-preview:large, max-video-preview:-1\" \/>\n<link rel=\"canonical\" href=\"https:\/\/www.bezoya.es\/bebe-a-bordo\/blog-bab\/imprescindibles-la-llegada-del-bebe\/\" \/>\n<meta property=\"og:locale\" content=\"es_ES\" \/>\n<meta property=\"og:type\" content=\"article\" \/>\n<meta property=\"og:title\" content=\"5 imprescindibles para la llegada del beb\u00e9\" \/>\n<meta property=\"og:description\" content=\"Clarisse nos cuenta cu\u00e1les son los 5 imprescindibles para la mam\u00e1 y el beb\u00e9. Una lista de consejos y recomendaciones para preparar la llegada del beb\u00e9\" \/>\n<meta property=\"og:url\" content=\"https:\/\/www.bezoya.es\/bebe-a-bordo\/blog-bab\/imprescindibles-la-llegada-del-bebe\/\" \/>\n<meta property=\"og:site_name\" content=\"Agua mineral natural Bezoya\" \/>\n<meta property=\"article:published_time\" content=\"2017-03-16T08:00:47+00:00\" \/>\n<meta property=\"article:modified_time\" content=\"2024-04-30T11:50:33+00:00\" \/>\n<meta property=\"og:image\" content=\"https:\/\/www.bezoya.es\/bebe-a-bordo\/wp-content\/uploads\/2017\/02\/Imprescindibles_clarisse.jpg\" \/>\n\t<meta property=\"og:image:width\" content=\"500\" \/>\n\t<meta property=\"og:image:height\" content=\"375\" \/>\n\t<meta property=\"og:image:type\" content=\"image\/jpeg\" \/>\n<meta name=\"author\" content=\"Beb\u00e9 a Bordo\" \/>\n<meta name=\"twitter:card\" content=\"summary_large_image\" \/>\n<meta name=\"twitter:label1\" content=\"Escrito por\" \/>\n\t<meta name=\"twitter:data1\" content=\"Beb\u00e9 a Bordo\" \/>\n\t<meta name=\"twitter:label2\" content=\"Tiempo de lectura\" \/>\n\t<meta name=\"twitter:data2\" content=\"3 minutos\" \/>\n<script type=\"application\/ld+json\" class=\"yoast-schema-graph\">{\"@context\":\"https:\/\/schema.org\",\"@graph\":[{\"@type\":\"Article\",\"@id\":\"https:\/\/www.bezoya.es\/bebe-a-bordo\/blog-bab\/imprescindibles-la-llegada-del-bebe\/#article\",\"isPartOf\":{\"@id\":\"https:\/\/www.bezoya.es\/bebe-a-bordo\/blog-bab\/imprescindibles-la-llegada-del-bebe\/\"},\"author\":{\"name\":\"Beb\u00e9 a Bordo\",\"@id\":\"https:\/\/www.bezoya.es\/bebe-a-bordo\/#\/schema\/person\/27f580841a0710199ed73bb8262c9de1\"},\"headline\":\"5 imprescindibles para la llegada del beb\u00e9\",\"datePublished\":\"2017-03-16T08:00:47+00:00\",\"dateModified\":\"2024-04-30T11:50:33+00:00\",\"mainEntityOfPage\":{\"@id\":\"https:\/\/www.bezoya.es\/bebe-a-bordo\/blog-bab\/imprescindibles-la-llegada-del-bebe\/\"},\"wordCount\":444,\"commentCount\":0,\"image\":{\"@id\":\"https:\/\/www.bezoya.es\/bebe-a-bordo\/blog-bab\/imprescindibles-la-llegada-del-bebe\/#primaryimage\"},\"thumbnailUrl\":\"https:\/\/www.bezoya.es\/bebe-a-bordo\/wp-content\/uploads\/2017\/02\/Imprescindibles_clarisse.jpg\",\"articleSection\":[\"Blog Beb\u00e9 a Bordo\"],\"inLanguage\":\"es\",\"potentialAction\":[{\"@type\":\"CommentAction\",\"name\":\"Comment\",\"target\":[\"https:\/\/www.bezoya.es\/bebe-a-bordo\/blog-bab\/imprescindibles-la-llegada-del-bebe\/#respond\"]}]},{\"@type\":\"WebPage\",\"@id\":\"https:\/\/www.bezoya.es\/bebe-a-bordo\/blog-bab\/imprescindibles-la-llegada-del-bebe\/\",\"url\":\"https:\/\/www.bezoya.es\/bebe-a-bordo\/blog-bab\/imprescindibles-la-llegada-del-bebe\/\",\"name\":\"5 imprescindibles para la llegada del beb\u00e9\",\"isPartOf\":{\"@id\":\"https:\/\/www.bezoya.es\/bebe-a-bordo\/#website\"},\"primaryImageOfPage\":{\"@id\":\"https:\/\/www.bezoya.es\/bebe-a-bordo\/blog-bab\/imprescindibles-la-llegada-del-bebe\/#primaryimage\"},\"image\":{\"@id\":\"https:\/\/www.bezoya.es\/bebe-a-bordo\/blog-bab\/imprescindibles-la-llegada-del-bebe\/#primaryimage\"},\"thumbnailUrl\":\"https:\/\/www.bezoya.es\/bebe-a-bordo\/wp-content\/uploads\/2017\/02\/Imprescindibles_clarisse.jpg\",\"datePublished\":\"2017-03-16T08:00:47+00:00\",\"dateModified\":\"2024-04-30T11:50:33+00:00\",\"author\":{\"@id\":\"https:\/\/www.bezoya.es\/bebe-a-bordo\/#\/schema\/person\/27f580841a0710199ed73bb8262c9de1\"},\"description\":\"Clarisse nos cuenta cu\u00e1les son los 5 imprescindibles para la mam\u00e1 y el beb\u00e9. Una lista de consejos y recomendaciones para preparar la llegada del beb\u00e9\",\"inLanguage\":\"es\",\"potentialAction\":[{\"@type\":\"ReadAction\",\"target\":[\"https:\/\/www.bezoya.es\/bebe-a-bordo\/blog-bab\/imprescindibles-la-llegada-del-bebe\/\"]}]},{\"@type\":\"ImageObject\",\"inLanguage\":\"es\",\"@id\":\"https:\/\/www.bezoya.es\/bebe-a-bordo\/blog-bab\/imprescindibles-la-llegada-del-bebe\/#primaryimage\",\"url\":\"https:\/\/www.bezoya.es\/bebe-a-bordo\/wp-content\/uploads\/2017\/02\/Imprescindibles_clarisse.jpg\",\"contentUrl\":\"https:\/\/www.bezoya.es\/bebe-a-bordo\/wp-content\/uploads\/2017\/02\/Imprescindibles_clarisse.jpg\",\"width\":500,\"height\":375,\"caption\":\"Imprescindibles para la llegada del beb\u00e9\"},{\"@type\":\"WebSite\",\"@id\":\"https:\/\/www.bezoya.es\/bebe-a-bordo\/#website\",\"url\":\"https:\/\/www.bezoya.es\/bebe-a-bordo\/\",\"name\":\"Agua mineral natural Bezoya\",\"description\":\"El agua de mineralizaci\u00f3n muy d\u00e9bil\",\"potentialAction\":[{\"@type\":\"SearchAction\",\"target\":{\"@type\":\"EntryPoint\",\"urlTemplate\":\"https:\/\/www.bezoya.es\/bebe-a-bordo\/?s={search_term_string}\"},\"query-input\":{\"@type\":\"PropertyValueSpecification\",\"valueRequired\":true,\"valueName\":\"search_term_string\"}}],\"inLanguage\":\"es\"},{\"@type\":\"Person\",\"@id\":\"https:\/\/www.bezoya.es\/bebe-a-bordo\/#\/schema\/person\/27f580841a0710199ed73bb8262c9de1\",\"name\":\"Beb\u00e9 a Bordo\",\"image\":{\"@type\":\"ImageObject\",\"inLanguage\":\"es\",\"@id\":\"https:\/\/www.bezoya.es\/bebe-a-bordo\/#\/schema\/person\/image\/\",\"url\":\"https:\/\/secure.gravatar.com\/avatar\/0b0c609b63be1f5d579657e5afa8b15ebc59af1c9cca5c551ddcd2114a725785?s=96&d=mm&r=g\",\"contentUrl\":\"https:\/\/secure.gravatar.com\/avatar\/0b0c609b63be1f5d579657e5afa8b15ebc59af1c9cca5c551ddcd2114a725785?s=96&d=mm&r=g\",\"caption\":\"Beb\u00e9 a Bordo\"},\"description\":\"El baby coach de Bezoya que te acompa\u00f1a desde el embarazo, parto y postparto, hasta sus primeros pasos.\",\"url\":\"https:\/\/www.bezoya.es\/bebe-a-bordo\/author\/bebe-a-bordo\/\"}]}<\/script>\n<!-- \/ Yoast SEO plugin. -->","yoast_head_json":{"title":"5 imprescindibles para la llegada del beb\u00e9","description":"Clarisse nos cuenta cu\u00e1les son los 5 imprescindibles para la mam\u00e1 y el beb\u00e9. Una lista de consejos y recomendaciones para preparar la llegada del beb\u00e9","robots":{"index":"index","follow":"follow","max-snippet":"max-snippet:-1","max-image-preview":"max-image-preview:large","max-video-preview":"max-video-preview:-1"},"canonical":"https:\/\/www.bezoya.es\/bebe-a-bordo\/blog-bab\/imprescindibles-la-llegada-del-bebe\/","og_locale":"es_ES","og_type":"article","og_title":"5 imprescindibles para la llegada del beb\u00e9","og_description":"Clarisse nos cuenta cu\u00e1les son los 5 imprescindibles para la mam\u00e1 y el beb\u00e9. Una lista de consejos y recomendaciones para preparar la llegada del beb\u00e9","og_url":"https:\/\/www.bezoya.es\/bebe-a-bordo\/blog-bab\/imprescindibles-la-llegada-del-bebe\/","og_site_name":"Agua mineral natural Bezoya","article_published_time":"2017-03-16T08:00:47+00:00","article_modified_time":"2024-04-30T11:50:33+00:00","og_image":[{"width":500,"height":375,"url":"https:\/\/www.bezoya.es\/bebe-a-bordo\/wp-content\/uploads\/2017\/02\/Imprescindibles_clarisse.jpg","type":"image\/jpeg"}],"author":"Beb\u00e9 a Bordo","twitter_card":"summary_large_image","twitter_misc":{"Escrito por":"Beb\u00e9 a Bordo","Tiempo de lectura":"3 minutos"},"schema":{"@context":"https:\/\/schema.org","@graph":[{"@type":"Article","@id":"https:\/\/www.bezoya.es\/bebe-a-bordo\/blog-bab\/imprescindibles-la-llegada-del-bebe\/#article","isPartOf":{"@id":"https:\/\/www.bezoya.es\/bebe-a-bordo\/blog-bab\/imprescindibles-la-llegada-del-bebe\/"},"author":{"name":"Beb\u00e9 a Bordo","@id":"https:\/\/www.bezoya.es\/bebe-a-bordo\/#\/schema\/person\/27f580841a0710199ed73bb8262c9de1"},"headline":"5 imprescindibles para la llegada del beb\u00e9","datePublished":"2017-03-16T08:00:47+00:00","dateModified":"2024-04-30T11:50:33+00:00","mainEntityOfPage":{"@id":"https:\/\/www.bezoya.es\/bebe-a-bordo\/blog-bab\/imprescindibles-la-llegada-del-bebe\/"},"wordCount":444,"commentCount":0,"image":{"@id":"https:\/\/www.bezoya.es\/bebe-a-bordo\/blog-bab\/imprescindibles-la-llegada-del-bebe\/#primaryimage"},"thumbnailUrl":"https:\/\/www.bezoya.es\/bebe-a-bordo\/wp-content\/uploads\/2017\/02\/Imprescindibles_clarisse.jpg","articleSection":["Blog Beb\u00e9 a Bordo"],"inLanguage":"es","potentialAction":[{"@type":"CommentAction","name":"Comment","target":["https:\/\/www.bezoya.es\/bebe-a-bordo\/blog-bab\/imprescindibles-la-llegada-del-bebe\/#respond"]}]},{"@type":"WebPage","@id":"https:\/\/www.bezoya.es\/bebe-a-bordo\/blog-bab\/imprescindibles-la-llegada-del-bebe\/","url":"https:\/\/www.bezoya.es\/bebe-a-bordo\/blog-bab\/imprescindibles-la-llegada-del-bebe\/","name":"5 imprescindibles para la llegada del beb\u00e9","isPartOf":{"@id":"https:\/\/www.bezoya.es\/bebe-a-bordo\/#website"},"primaryImageOfPage":{"@id":"https:\/\/www.bezoya.es\/bebe-a-bordo\/blog-bab\/imprescindibles-la-llegada-del-bebe\/#primaryimage"},"image":{"@id":"https:\/\/www.bezoya.es\/bebe-a-bordo\/blog-bab\/imprescindibles-la-llegada-del-bebe\/#primaryimage"},"thumbnailUrl":"https:\/\/www.bezoya.es\/bebe-a-bordo\/wp-content\/uploads\/2017\/02\/Imprescindibles_clarisse.jpg","datePublished":"2017-03-16T08:00:47+00:00","dateModified":"2024-04-30T11:50:33+00:00","author":{"@id":"https:\/\/www.bezoya.es\/bebe-a-bordo\/#\/schema\/person\/27f580841a0710199ed73bb8262c9de1"},"description":"Clarisse nos cuenta cu\u00e1les son los 5 imprescindibles para la mam\u00e1 y el beb\u00e9. Una lista de consejos y recomendaciones para preparar la llegada del beb\u00e9","inLanguage":"es","potentialAction":[{"@type":"ReadAction","target":["https:\/\/www.bezoya.es\/bebe-a-bordo\/blog-bab\/imprescindibles-la-llegada-del-bebe\/"]}]},{"@type":"ImageObject","inLanguage":"es","@id":"https:\/\/www.bezoya.es\/bebe-a-bordo\/blog-bab\/imprescindibles-la-llegada-del-bebe\/#primaryimage","url":"https:\/\/www.bezoya.es\/bebe-a-bordo\/wp-content\/uploads\/2017\/02\/Imprescindibles_clarisse.jpg","contentUrl":"https:\/\/www.bezoya.es\/bebe-a-bordo\/wp-content\/uploads\/2017\/02\/Imprescindibles_clarisse.jpg","width":500,"height":375,"caption":"Imprescindibles para la llegada del beb\u00e9"},{"@type":"WebSite","@id":"https:\/\/www.bezoya.es\/bebe-a-bordo\/#website","url":"https:\/\/www.bezoya.es\/bebe-a-bordo\/","name":"Agua mineral natural Bezoya","description":"El agua de mineralizaci\u00f3n muy d\u00e9bil","potentialAction":[{"@type":"SearchAction","target":{"@type":"EntryPoint","urlTemplate":"https:\/\/www.bezoya.es\/bebe-a-bordo\/?s={search_term_string}"},"query-input":{"@type":"PropertyValueSpecification","valueRequired":true,"valueName":"search_term_string"}}],"inLanguage":"es"},{"@type":"Person","@id":"https:\/\/www.bezoya.es\/bebe-a-bordo\/#\/schema\/person\/27f580841a0710199ed73bb8262c9de1","name":"Beb\u00e9 a Bordo","image":{"@type":"ImageObject","inLanguage":"es","@id":"https:\/\/www.bezoya.es\/bebe-a-bordo\/#\/schema\/person\/image\/","url":"https:\/\/secure.gravatar.com\/avatar\/0b0c609b63be1f5d579657e5afa8b15ebc59af1c9cca5c551ddcd2114a725785?s=96&d=mm&r=g","contentUrl":"https:\/\/secure.gravatar.com\/avatar\/0b0c609b63be1f5d579657e5afa8b15ebc59af1c9cca5c551ddcd2114a725785?s=96&d=mm&r=g","caption":"Beb\u00e9 a Bordo"},"description":"El baby coach de Bezoya que te acompa\u00f1a desde el embarazo, parto y postparto, hasta sus primeros pasos.","url":"https:\/\/www.bezoya.es\/bebe-a-bordo\/author\/bebe-a-bordo\/"}]}},"views":3704,"_links":{"self":[{"href":"https:\/\/www.bezoya.es\/bebe-a-bordo\/wp-json\/wp\/v2\/posts\/12352","targetHints":{"allow":["GET"]}}],"collection":[{"href":"https:\/\/www.bezoya.es\/bebe-a-bordo\/wp-json\/wp\/v2\/posts"}],"about":[{"href":"https:\/\/www.bezoya.es\/bebe-a-bordo\/wp-json\/wp\/v2\/types\/post"}],"author":[{"embeddable":true,"href":"https:\/\/www.bezoya.es\/bebe-a-bordo\/wp-json\/wp\/v2\/users\/119"}],"replies":[{"embeddable":true,"href":"https:\/\/www.bezoya.es\/bebe-a-bordo\/wp-json\/wp\/v2\/comments?post=12352"}],"version-history":[{"count":11,"href":"https:\/\/www.bezoya.es\/bebe-a-bordo\/wp-json\/wp\/v2\/posts\/12352\/revisions"}],"predecessor-version":[{"id":19785,"href":"https:\/\/www.bezoya.es\/bebe-a-bordo\/wp-json\/wp\/v2\/posts\/12352\/revisions\/19785"}],"wp:featuredmedia":[{"embeddable":true,"href":"https:\/\/www.bezoya.es\/bebe-a-bordo\/wp-json\/wp\/v2\/media\/12354"}],"wp:attachment":[{"href":"https:\/\/www.bezoya.es\/bebe-a-bordo\/wp-json\/wp\/v2\/media?parent=12352"}],"wp:term":[{"taxonomy":"category","embeddable":true,"href":"https:\/\/www.bezoya.es\/bebe-a-bordo\/wp-json\/wp\/v2\/categories?post=12352"},{"taxonomy":"post_tag","embeddable":true,"href":"https:\/\/www.bezoya.es\/bebe-a-bordo\/wp-json\/wp\/v2\/tags?post=12352"},{"taxonomy":"categoriabab","embeddable":true,"href":"https:\/\/www.bezoya.es\/bebe-a-bordo\/wp-json\/wp\/v2\/categoriabab?post=12352"},{"taxonomy":"palabra_clave","embeddable":true,"href":"https:\/\/www.bezoya.es\/bebe-a-bordo\/wp-json\/wp\/v2\/palabra_clave?post=12352"}],"curies":[{"name":"wp","href":"https:\/\/api.w.org\/{rel}","templated":true}]}}