{"id":1172,"date":"2014-04-15T11:00:18","date_gmt":"2014-04-15T09:00:18","guid":{"rendered":"http:\/\/bezoya.dev\/ysi-estoy-triste-en-el-embarazo-como-le-afecta-a-mi-bebe\/"},"modified":"2024-04-23T22:16:10","modified_gmt":"2024-04-23T20:16:10","slug":"ysi-estoy-triste-en-el-embarazo-como-le-afecta-a-mi-bebe","status":"publish","type":"post","link":"https:\/\/www.bezoya.es\/bebe-a-bordo\/blog-bab\/ysi-estoy-triste-en-el-embarazo-como-le-afecta-a-mi-bebe\/","title":{"rendered":"Si estoy triste en el embarazo, \u00bfc\u00f3mo le afecta a mi beb\u00e9?\u0094"},"content":{"rendered":"<p style=\"text-align: justify;\"><i>\u0093Hoy me siento triste, he tenido un peque\u00f1o desencuentro con mi pareja y me he puesto a llorar de forma desconsolada\u0085 \u00bfAfectar\u00e1 esto a mi beb\u00e9?\u0094<\/i><\/p>\n<p style=\"text-align: justify;\">Vivir la vida trae consigo un arco iris de emociones: alegr\u00eda con sus risas, tristeza con sus l\u00e1grimas, ira con su rabia, euforia\u0085&#8230;<\/p>\n<p style=\"text-align: justify;\">Experimentar alegr\u00eda es maravilloso, parece que la vida nos sonr\u00ede y\u00a0 podemos ver todos nuestros sucesos diarios desde otro prisma, con una gama de colores. En el otro extremo, la tristeza es como una gran pesa que nos hace ver todo en \u0093blanco y negro\u0094; no somos capaces de analizar con claridad lo que nos sucede y nuestro \u00e1nimo se encuentra muy bajo.<\/p>\n<p style=\"text-align: justify;\">Todas las emociones son v\u00e1lidas, porque son las que sentimos. No podemos pretender estar contentos cuando la tristeza nos invade.\u0085 A mi parecer, esto ser\u00eda justo lo que nos har\u00eda da\u00f1o.<\/p>\n<p style=\"text-align: justify;\"><b>Y\u0085 \u00bfdurante el embarazo?<\/b><\/p>\n<p style=\"text-align: justify;\">Ahora llevas una vida dentro de ti. Tus emociones se traducen en hormonas circulando por tu cuerpo que tambi\u00e9n le llegan a tu beb\u00e9 (1).<\/p>\n<p style=\"text-align: justify;\">Es importante ser conscientes de que no podemos cambiar, en la mayor\u00eda de los casos lo que nos sucede. Pero podemos elegir c\u00f3mo lo gestionamos, c\u00f3mo decidimos actuar.<\/p>\n<p style=\"text-align: justify;\"><b>Entonces\u0085 \u00bfqu\u00e9 hago si me siento triste?<\/b><\/p>\n<p style=\"text-align: justify;\">Encuentra una actividad que te relaje: yoga prenatal, pintura, danza prenatal, cantar, tejer, cer\u00e1mica\u0085.<\/p>\n<p style=\"text-align: justify;\">No te olvides de mantener una buena alimentaci\u00f3n y beber agua. De forma general, parece que cuando estamos tristes tendemos a descuidar un poquito la alimentaci\u00f3n. Si no nos mantenemos bien hidratados, nuestro cuerpo tiene que hacer un gran esfuerzo interno y parece que la tristeza y el cansancio se hacen m\u00e1s grandes.<\/p>\n<p style=\"text-align: justify;\">Y, lo m\u00e1s importante a mi parecer, es poder ponerle palabras a tus sentimientos. Expresarte en un entorno en el que no te sientas juzgada. Por \u00faltimo, y no por ello menos importante, cu\u00e9ntale a tu beb\u00e9 c\u00f3mo te sientes. Los beb\u00e9s no entienden de idiomas, de palabras,\u0085 pero s\u00ed de emociones.<\/p>\n<p style=\"text-align: justify;\"><strong>Fuentes:<\/strong><\/p>\n<p style=\"text-align: justify;\">(1)\u00a0 <a href=\"https:\/\/www.crianzanatural.com\/art\/art98.html\">https:\/\/www.crianzanatural.com\/art\/art98.html<\/a><\/p>\n","protected":false},"excerpt":{"rendered":"<p>\u0093Hoy me siento triste, he tenido un peque\u00f1o desencuentro con mi pareja y me he puesto a llorar de forma desconsolada\u0085 \u00bfAfectar\u00e1 esto a mi beb\u00e9?\u0094 Vivir la vida trae consigo un arco iris de emociones: alegr\u00eda con sus risas, tristeza con sus l\u00e1grimas, ira con su rabia, euforia\u0085&#8230; Experimentar alegr\u00eda es maravilloso, parece que la vida nos sonr\u00ede y\u00a0 podemos ver todos nuestros sucesos diarios desde otro prisma, con una gama de colores. En el otro extremo, la tristeza es como una gran pesa que nos hace ver todo en \u0093blanco y negro\u0094; no somos capaces de analizar con &#8230;<\/p>\n","protected":false},"author":119,"featured_media":6377,"comment_status":"open","ping_status":"open","sticky":false,"template":"","format":"standard","meta":{"_acf_changed":false,"inline_featured_image":false,"footnotes":""},"categories":[7],"tags":[],"categoriabab":[673],"palabra_clave":[],"class_list":["post-1172","post","type-post","status-publish","format-standard","has-post-thumbnail","hentry","category-blog-bab","categoriabab-el-embarazo"],"acf":[],"yoast_head":"<!-- This site is optimized with the Yoast SEO plugin v27.1.1 - https:\/\/yoast.com\/product\/yoast-seo-wordpress\/ -->\n<title>Si estoy triste en el embarazo, \u00bfc\u00f3mo le afecta a mi beb\u00e9?\u0094 - Agua mineral natural Bezoya<\/title>\n<meta name=\"description\" content=\"Durante el embarazo, tus sentimientos se comparten con el beb\u00e9, incluso estar triste.\" \/>\n<meta name=\"robots\" content=\"index, follow, max-snippet:-1, max-image-preview:large, max-video-preview:-1\" \/>\n<link rel=\"canonical\" href=\"https:\/\/www.bezoya.es\/bebe-a-bordo\/blog-bab\/ysi-estoy-triste-en-el-embarazo-como-le-afecta-a-mi-bebe\/\" \/>\n<meta property=\"og:locale\" content=\"es_ES\" \/>\n<meta property=\"og:type\" content=\"article\" \/>\n<meta property=\"og:title\" content=\"Si estoy triste en el embarazo, \u00bfc\u00f3mo le afecta a mi beb\u00e9?\u0094 - Agua mineral natural Bezoya\" \/>\n<meta property=\"og:description\" content=\"Durante el embarazo, tus sentimientos se comparten con el beb\u00e9, incluso estar triste.\" \/>\n<meta property=\"og:url\" content=\"https:\/\/www.bezoya.es\/bebe-a-bordo\/blog-bab\/ysi-estoy-triste-en-el-embarazo-como-le-afecta-a-mi-bebe\/\" \/>\n<meta property=\"og:site_name\" content=\"Agua mineral natural Bezoya\" \/>\n<meta property=\"article:published_time\" content=\"2014-04-15T09:00:18+00:00\" \/>\n<meta property=\"article:modified_time\" content=\"2024-04-23T20:16:10+00:00\" \/>\n<meta property=\"og:image\" content=\"https:\/\/www.bezoya.es\/bebe-a-bordo\/wp-content\/uploads\/2014\/04\/9-Triste_1.jpg\" \/>\n\t<meta property=\"og:image:width\" content=\"642\" \/>\n\t<meta property=\"og:image:height\" content=\"800\" \/>\n\t<meta property=\"og:image:type\" content=\"image\/jpeg\" \/>\n<meta name=\"author\" content=\"Beb\u00e9 a Bordo\" \/>\n<meta name=\"twitter:card\" content=\"summary_large_image\" \/>\n<meta name=\"twitter:label1\" content=\"Escrito por\" \/>\n\t<meta name=\"twitter:data1\" content=\"Beb\u00e9 a Bordo\" \/>\n\t<meta name=\"twitter:label2\" content=\"Tiempo de lectura\" \/>\n\t<meta name=\"twitter:data2\" content=\"2 minutos\" \/>\n<script type=\"application\/ld+json\" class=\"yoast-schema-graph\">{\"@context\":\"https:\/\/schema.org\",\"@graph\":[{\"@type\":\"Article\",\"@id\":\"https:\/\/www.bezoya.es\/bebe-a-bordo\/blog-bab\/ysi-estoy-triste-en-el-embarazo-como-le-afecta-a-mi-bebe\/#article\",\"isPartOf\":{\"@id\":\"https:\/\/www.bezoya.es\/bebe-a-bordo\/blog-bab\/ysi-estoy-triste-en-el-embarazo-como-le-afecta-a-mi-bebe\/\"},\"author\":{\"name\":\"Beb\u00e9 a Bordo\",\"@id\":\"https:\/\/www.bezoya.es\/bebe-a-bordo\/#\/schema\/person\/27f580841a0710199ed73bb8262c9de1\"},\"headline\":\"Si estoy triste en el embarazo, \u00bfc\u00f3mo le afecta a mi beb\u00e9?\u0094\",\"datePublished\":\"2014-04-15T09:00:18+00:00\",\"dateModified\":\"2024-04-23T20:16:10+00:00\",\"mainEntityOfPage\":{\"@id\":\"https:\/\/www.bezoya.es\/bebe-a-bordo\/blog-bab\/ysi-estoy-triste-en-el-embarazo-como-le-afecta-a-mi-bebe\/\"},\"wordCount\":367,\"commentCount\":0,\"image\":{\"@id\":\"https:\/\/www.bezoya.es\/bebe-a-bordo\/blog-bab\/ysi-estoy-triste-en-el-embarazo-como-le-afecta-a-mi-bebe\/#primaryimage\"},\"thumbnailUrl\":\"https:\/\/www.bezoya.es\/bebe-a-bordo\/wp-content\/uploads\/2014\/04\/9-Triste_1.jpg\",\"articleSection\":[\"Blog Beb\u00e9 a Bordo\"],\"inLanguage\":\"es\",\"potentialAction\":[{\"@type\":\"CommentAction\",\"name\":\"Comment\",\"target\":[\"https:\/\/www.bezoya.es\/bebe-a-bordo\/blog-bab\/ysi-estoy-triste-en-el-embarazo-como-le-afecta-a-mi-bebe\/#respond\"]}]},{\"@type\":\"WebPage\",\"@id\":\"https:\/\/www.bezoya.es\/bebe-a-bordo\/blog-bab\/ysi-estoy-triste-en-el-embarazo-como-le-afecta-a-mi-bebe\/\",\"url\":\"https:\/\/www.bezoya.es\/bebe-a-bordo\/blog-bab\/ysi-estoy-triste-en-el-embarazo-como-le-afecta-a-mi-bebe\/\",\"name\":\"Si estoy triste en el embarazo, \u00bfc\u00f3mo le afecta a mi beb\u00e9?\u0094 - Agua mineral natural Bezoya\",\"isPartOf\":{\"@id\":\"https:\/\/www.bezoya.es\/bebe-a-bordo\/#website\"},\"primaryImageOfPage\":{\"@id\":\"https:\/\/www.bezoya.es\/bebe-a-bordo\/blog-bab\/ysi-estoy-triste-en-el-embarazo-como-le-afecta-a-mi-bebe\/#primaryimage\"},\"image\":{\"@id\":\"https:\/\/www.bezoya.es\/bebe-a-bordo\/blog-bab\/ysi-estoy-triste-en-el-embarazo-como-le-afecta-a-mi-bebe\/#primaryimage\"},\"thumbnailUrl\":\"https:\/\/www.bezoya.es\/bebe-a-bordo\/wp-content\/uploads\/2014\/04\/9-Triste_1.jpg\",\"datePublished\":\"2014-04-15T09:00:18+00:00\",\"dateModified\":\"2024-04-23T20:16:10+00:00\",\"author\":{\"@id\":\"https:\/\/www.bezoya.es\/bebe-a-bordo\/#\/schema\/person\/27f580841a0710199ed73bb8262c9de1\"},\"description\":\"Durante el embarazo, tus sentimientos se comparten con el beb\u00e9, incluso estar triste.\",\"inLanguage\":\"es\",\"potentialAction\":[{\"@type\":\"ReadAction\",\"target\":[\"https:\/\/www.bezoya.es\/bebe-a-bordo\/blog-bab\/ysi-estoy-triste-en-el-embarazo-como-le-afecta-a-mi-bebe\/\"]}]},{\"@type\":\"ImageObject\",\"inLanguage\":\"es\",\"@id\":\"https:\/\/www.bezoya.es\/bebe-a-bordo\/blog-bab\/ysi-estoy-triste-en-el-embarazo-como-le-afecta-a-mi-bebe\/#primaryimage\",\"url\":\"https:\/\/www.bezoya.es\/bebe-a-bordo\/wp-content\/uploads\/2014\/04\/9-Triste_1.jpg\",\"contentUrl\":\"https:\/\/www.bezoya.es\/bebe-a-bordo\/wp-content\/uploads\/2014\/04\/9-Triste_1.jpg\",\"width\":642,\"height\":800},{\"@type\":\"WebSite\",\"@id\":\"https:\/\/www.bezoya.es\/bebe-a-bordo\/#website\",\"url\":\"https:\/\/www.bezoya.es\/bebe-a-bordo\/\",\"name\":\"Agua mineral natural Bezoya\",\"description\":\"El agua de mineralizaci\u00f3n muy d\u00e9bil\",\"potentialAction\":[{\"@type\":\"SearchAction\",\"target\":{\"@type\":\"EntryPoint\",\"urlTemplate\":\"https:\/\/www.bezoya.es\/bebe-a-bordo\/?s={search_term_string}\"},\"query-input\":{\"@type\":\"PropertyValueSpecification\",\"valueRequired\":true,\"valueName\":\"search_term_string\"}}],\"inLanguage\":\"es\"},{\"@type\":\"Person\",\"@id\":\"https:\/\/www.bezoya.es\/bebe-a-bordo\/#\/schema\/person\/27f580841a0710199ed73bb8262c9de1\",\"name\":\"Beb\u00e9 a Bordo\",\"image\":{\"@type\":\"ImageObject\",\"inLanguage\":\"es\",\"@id\":\"https:\/\/www.bezoya.es\/bebe-a-bordo\/#\/schema\/person\/image\/\",\"url\":\"https:\/\/secure.gravatar.com\/avatar\/0b0c609b63be1f5d579657e5afa8b15ebc59af1c9cca5c551ddcd2114a725785?s=96&d=mm&r=g\",\"contentUrl\":\"https:\/\/secure.gravatar.com\/avatar\/0b0c609b63be1f5d579657e5afa8b15ebc59af1c9cca5c551ddcd2114a725785?s=96&d=mm&r=g\",\"caption\":\"Beb\u00e9 a Bordo\"},\"description\":\"El baby coach de Bezoya que te acompa\u00f1a desde el embarazo, parto y postparto, hasta sus primeros pasos.\",\"url\":\"https:\/\/www.bezoya.es\/bebe-a-bordo\/author\/bebe-a-bordo\/\"}]}<\/script>\n<!-- \/ Yoast SEO plugin. -->","yoast_head_json":{"title":"Si estoy triste en el embarazo, \u00bfc\u00f3mo le afecta a mi beb\u00e9?\u0094 - Agua mineral natural Bezoya","description":"Durante el embarazo, tus sentimientos se comparten con el beb\u00e9, incluso estar triste.","robots":{"index":"index","follow":"follow","max-snippet":"max-snippet:-1","max-image-preview":"max-image-preview:large","max-video-preview":"max-video-preview:-1"},"canonical":"https:\/\/www.bezoya.es\/bebe-a-bordo\/blog-bab\/ysi-estoy-triste-en-el-embarazo-como-le-afecta-a-mi-bebe\/","og_locale":"es_ES","og_type":"article","og_title":"Si estoy triste en el embarazo, \u00bfc\u00f3mo le afecta a mi beb\u00e9?\u0094 - Agua mineral natural Bezoya","og_description":"Durante el embarazo, tus sentimientos se comparten con el beb\u00e9, incluso estar triste.","og_url":"https:\/\/www.bezoya.es\/bebe-a-bordo\/blog-bab\/ysi-estoy-triste-en-el-embarazo-como-le-afecta-a-mi-bebe\/","og_site_name":"Agua mineral natural Bezoya","article_published_time":"2014-04-15T09:00:18+00:00","article_modified_time":"2024-04-23T20:16:10+00:00","og_image":[{"width":642,"height":800,"url":"https:\/\/www.bezoya.es\/bebe-a-bordo\/wp-content\/uploads\/2014\/04\/9-Triste_1.jpg","type":"image\/jpeg"}],"author":"Beb\u00e9 a Bordo","twitter_card":"summary_large_image","twitter_misc":{"Escrito por":"Beb\u00e9 a Bordo","Tiempo de lectura":"2 minutos"},"schema":{"@context":"https:\/\/schema.org","@graph":[{"@type":"Article","@id":"https:\/\/www.bezoya.es\/bebe-a-bordo\/blog-bab\/ysi-estoy-triste-en-el-embarazo-como-le-afecta-a-mi-bebe\/#article","isPartOf":{"@id":"https:\/\/www.bezoya.es\/bebe-a-bordo\/blog-bab\/ysi-estoy-triste-en-el-embarazo-como-le-afecta-a-mi-bebe\/"},"author":{"name":"Beb\u00e9 a Bordo","@id":"https:\/\/www.bezoya.es\/bebe-a-bordo\/#\/schema\/person\/27f580841a0710199ed73bb8262c9de1"},"headline":"Si estoy triste en el embarazo, \u00bfc\u00f3mo le afecta a mi beb\u00e9?\u0094","datePublished":"2014-04-15T09:00:18+00:00","dateModified":"2024-04-23T20:16:10+00:00","mainEntityOfPage":{"@id":"https:\/\/www.bezoya.es\/bebe-a-bordo\/blog-bab\/ysi-estoy-triste-en-el-embarazo-como-le-afecta-a-mi-bebe\/"},"wordCount":367,"commentCount":0,"image":{"@id":"https:\/\/www.bezoya.es\/bebe-a-bordo\/blog-bab\/ysi-estoy-triste-en-el-embarazo-como-le-afecta-a-mi-bebe\/#primaryimage"},"thumbnailUrl":"https:\/\/www.bezoya.es\/bebe-a-bordo\/wp-content\/uploads\/2014\/04\/9-Triste_1.jpg","articleSection":["Blog Beb\u00e9 a Bordo"],"inLanguage":"es","potentialAction":[{"@type":"CommentAction","name":"Comment","target":["https:\/\/www.bezoya.es\/bebe-a-bordo\/blog-bab\/ysi-estoy-triste-en-el-embarazo-como-le-afecta-a-mi-bebe\/#respond"]}]},{"@type":"WebPage","@id":"https:\/\/www.bezoya.es\/bebe-a-bordo\/blog-bab\/ysi-estoy-triste-en-el-embarazo-como-le-afecta-a-mi-bebe\/","url":"https:\/\/www.bezoya.es\/bebe-a-bordo\/blog-bab\/ysi-estoy-triste-en-el-embarazo-como-le-afecta-a-mi-bebe\/","name":"Si estoy triste en el embarazo, \u00bfc\u00f3mo le afecta a mi beb\u00e9?\u0094 - Agua mineral natural Bezoya","isPartOf":{"@id":"https:\/\/www.bezoya.es\/bebe-a-bordo\/#website"},"primaryImageOfPage":{"@id":"https:\/\/www.bezoya.es\/bebe-a-bordo\/blog-bab\/ysi-estoy-triste-en-el-embarazo-como-le-afecta-a-mi-bebe\/#primaryimage"},"image":{"@id":"https:\/\/www.bezoya.es\/bebe-a-bordo\/blog-bab\/ysi-estoy-triste-en-el-embarazo-como-le-afecta-a-mi-bebe\/#primaryimage"},"thumbnailUrl":"https:\/\/www.bezoya.es\/bebe-a-bordo\/wp-content\/uploads\/2014\/04\/9-Triste_1.jpg","datePublished":"2014-04-15T09:00:18+00:00","dateModified":"2024-04-23T20:16:10+00:00","author":{"@id":"https:\/\/www.bezoya.es\/bebe-a-bordo\/#\/schema\/person\/27f580841a0710199ed73bb8262c9de1"},"description":"Durante el embarazo, tus sentimientos se comparten con el beb\u00e9, incluso estar triste.","inLanguage":"es","potentialAction":[{"@type":"ReadAction","target":["https:\/\/www.bezoya.es\/bebe-a-bordo\/blog-bab\/ysi-estoy-triste-en-el-embarazo-como-le-afecta-a-mi-bebe\/"]}]},{"@type":"ImageObject","inLanguage":"es","@id":"https:\/\/www.bezoya.es\/bebe-a-bordo\/blog-bab\/ysi-estoy-triste-en-el-embarazo-como-le-afecta-a-mi-bebe\/#primaryimage","url":"https:\/\/www.bezoya.es\/bebe-a-bordo\/wp-content\/uploads\/2014\/04\/9-Triste_1.jpg","contentUrl":"https:\/\/www.bezoya.es\/bebe-a-bordo\/wp-content\/uploads\/2014\/04\/9-Triste_1.jpg","width":642,"height":800},{"@type":"WebSite","@id":"https:\/\/www.bezoya.es\/bebe-a-bordo\/#website","url":"https:\/\/www.bezoya.es\/bebe-a-bordo\/","name":"Agua mineral natural Bezoya","description":"El agua de mineralizaci\u00f3n muy d\u00e9bil","potentialAction":[{"@type":"SearchAction","target":{"@type":"EntryPoint","urlTemplate":"https:\/\/www.bezoya.es\/bebe-a-bordo\/?s={search_term_string}"},"query-input":{"@type":"PropertyValueSpecification","valueRequired":true,"valueName":"search_term_string"}}],"inLanguage":"es"},{"@type":"Person","@id":"https:\/\/www.bezoya.es\/bebe-a-bordo\/#\/schema\/person\/27f580841a0710199ed73bb8262c9de1","name":"Beb\u00e9 a Bordo","image":{"@type":"ImageObject","inLanguage":"es","@id":"https:\/\/www.bezoya.es\/bebe-a-bordo\/#\/schema\/person\/image\/","url":"https:\/\/secure.gravatar.com\/avatar\/0b0c609b63be1f5d579657e5afa8b15ebc59af1c9cca5c551ddcd2114a725785?s=96&d=mm&r=g","contentUrl":"https:\/\/secure.gravatar.com\/avatar\/0b0c609b63be1f5d579657e5afa8b15ebc59af1c9cca5c551ddcd2114a725785?s=96&d=mm&r=g","caption":"Beb\u00e9 a Bordo"},"description":"El baby coach de Bezoya que te acompa\u00f1a desde el embarazo, parto y postparto, hasta sus primeros pasos.","url":"https:\/\/www.bezoya.es\/bebe-a-bordo\/author\/bebe-a-bordo\/"}]}},"views":5365,"_links":{"self":[{"href":"https:\/\/www.bezoya.es\/bebe-a-bordo\/wp-json\/wp\/v2\/posts\/1172","targetHints":{"allow":["GET"]}}],"collection":[{"href":"https:\/\/www.bezoya.es\/bebe-a-bordo\/wp-json\/wp\/v2\/posts"}],"about":[{"href":"https:\/\/www.bezoya.es\/bebe-a-bordo\/wp-json\/wp\/v2\/types\/post"}],"author":[{"embeddable":true,"href":"https:\/\/www.bezoya.es\/bebe-a-bordo\/wp-json\/wp\/v2\/users\/119"}],"replies":[{"embeddable":true,"href":"https:\/\/www.bezoya.es\/bebe-a-bordo\/wp-json\/wp\/v2\/comments?post=1172"}],"version-history":[{"count":6,"href":"https:\/\/www.bezoya.es\/bebe-a-bordo\/wp-json\/wp\/v2\/posts\/1172\/revisions"}],"predecessor-version":[{"id":18637,"href":"https:\/\/www.bezoya.es\/bebe-a-bordo\/wp-json\/wp\/v2\/posts\/1172\/revisions\/18637"}],"wp:featuredmedia":[{"embeddable":true,"href":"https:\/\/www.bezoya.es\/bebe-a-bordo\/wp-json\/wp\/v2\/media\/6377"}],"wp:attachment":[{"href":"https:\/\/www.bezoya.es\/bebe-a-bordo\/wp-json\/wp\/v2\/media?parent=1172"}],"wp:term":[{"taxonomy":"category","embeddable":true,"href":"https:\/\/www.bezoya.es\/bebe-a-bordo\/wp-json\/wp\/v2\/categories?post=1172"},{"taxonomy":"post_tag","embeddable":true,"href":"https:\/\/www.bezoya.es\/bebe-a-bordo\/wp-json\/wp\/v2\/tags?post=1172"},{"taxonomy":"categoriabab","embeddable":true,"href":"https:\/\/www.bezoya.es\/bebe-a-bordo\/wp-json\/wp\/v2\/categoriabab?post=1172"},{"taxonomy":"palabra_clave","embeddable":true,"href":"https:\/\/www.bezoya.es\/bebe-a-bordo\/wp-json\/wp\/v2\/palabra_clave?post=1172"}],"curies":[{"name":"wp","href":"https:\/\/api.w.org\/{rel}","templated":true}]}}