{"id":1171,"date":"2014-04-08T10:00:20","date_gmt":"2014-04-08T08:00:20","guid":{"rendered":"http:\/\/bezoya.dev\/el-bebe-se-arana-la-carita-le-pongo-guantes\/"},"modified":"2024-04-23T22:16:18","modified_gmt":"2024-04-23T20:16:18","slug":"el-bebe-se-arana-la-carita-le-pongo-guantes","status":"publish","type":"post","link":"https:\/\/www.bezoya.es\/bebe-a-bordo\/blog-bab\/el-bebe-se-arana-la-carita-le-pongo-guantes\/","title":{"rendered":"El beb\u00e9 se ara\u00f1a la carita \u00bfle pongo guantes?"},"content":{"rendered":"<p style=\"text-align: justify;\">Muchos padres tendr\u00e9is la duda de si poner o no guantes al beb\u00e9 que se ara\u00f1a la carita.<\/p>\n<p style=\"text-align: justify;\">Como cualquier mam\u00edfero, el reci\u00e9n nacido espera encontrarse lo m\u00e1s cerca de mam\u00e1, en un contacto piel con piel (1) (2). Si somos pacientes, silenciosos y respetuosos, el beb\u00e9 comenzar\u00e1 a reptar utilizando sus piececitos y sus manitas hasta llegar al pecho de su madre, como hemos visto en el programa \u0093Beb\u00e9 a Bordo\u0094.<\/p>\n<p style=\"text-align: justify;\">Los movimientos que realiza el beb\u00e9 tienen sentido, ya que estimulan la salida de la leche al encontrarse cerca del pecho de su madre.<\/p>\n<p style=\"text-align: justify;\"><b>\u00bfQu\u00e9 pasa si les ponemos guantes? <\/b><\/p>\n<p style=\"text-align: justify;\">Para nosotros\u00a0ser\u00eda similar al hecho de que nuestra pareja nos acariciara con unos guantes maravillosos de algod\u00f3n, pero al fin y al cabo guantes\u0085. El hecho de comernos un delicioso bocadillo de pan reci\u00e9n horneado, relleno de nuestros ingredientes preferidos \u00a1Con guantes! \u00bfQu\u00e9 sentir\u00edamos? Nosotros pensamos que\u00a0no ser\u00eda lo mismo.<\/p>\n<p style=\"text-align: justify;\">Sabiendo esto, podemos retirar los guantes o\u00a0 bien, podemos, de forma selectiva, quitar los guantes cuando el beb\u00e9 est\u00e9 mamando o en contacto piel con piel y volver a pon\u00e9rselos cuando est\u00e9 durmiendo.<\/p>\n<p style=\"text-align: justify;\">Pero, como siempre, y tras tener la informaci\u00f3n, la decisi\u00f3n es siempre vuestra: de mam\u00e1 y pap\u00e1.<\/p>\n<p style=\"text-align: justify;\"><strong>Fuentes:<\/strong><\/p>\n<p style=\"text-align: justify;\">(1)\u00a0 <a href=\"http:\/\/www.quenoosseparen.info\/articulos\/noseparar\/pielconpiel.php\">http:\/\/www.quenoosseparen.info\/articulos\/noseparar\/pielconpiel.php<\/a><\/p>\n<p style=\"text-align: justify;\">(2)\u00a0 <a href=\"http:\/\/www.elmundo.es\/elmundosalud\/2011\/01\/04\/noticias\/1294129331.html\">http:\/\/www.elmundo.es\/elmundosalud\/2011\/01\/04\/noticias\/1294129331.html<\/a><\/p>\n","protected":false},"excerpt":{"rendered":"<p>Muchos padres tendr\u00e9is la duda de si poner o no guantes al beb\u00e9 que se ara\u00f1a la carita. Como cualquier mam\u00edfero, el reci\u00e9n nacido espera encontrarse lo m\u00e1s cerca de mam\u00e1, en un contacto piel con piel (1) (2). Si somos pacientes, silenciosos y respetuosos, el beb\u00e9 comenzar\u00e1 a reptar utilizando sus piececitos y sus manitas hasta llegar al pecho de su madre, como hemos visto en el programa \u0093Beb\u00e9 a Bordo\u0094. Los movimientos que realiza el beb\u00e9 tienen sentido, ya que estimulan la salida de la leche al encontrarse cerca del pecho de su madre. \u00bfQu\u00e9 pasa si les &#8230;<\/p>\n","protected":false},"author":119,"featured_media":6378,"comment_status":"open","ping_status":"open","sticky":false,"template":"","format":"standard","meta":{"_acf_changed":false,"inline_featured_image":false,"footnotes":""},"categories":[7],"tags":[],"categoriabab":[675],"palabra_clave":[],"class_list":["post-1171","post","type-post","status-publish","format-standard","has-post-thumbnail","hentry","category-blog-bab","categoriabab-crianza-hasta-los-2-anos"],"acf":[],"yoast_head":"<!-- This site is optimized with the Yoast SEO plugin v27.1.1 - https:\/\/yoast.com\/product\/yoast-seo-wordpress\/ -->\n<title>El beb\u00e9 se ara\u00f1a la carita \u00bfle pongo guantes? - Agua mineral natural Bezoya<\/title>\n<meta name=\"description\" content=\"Si un beb\u00e9 se ara\u00f1a, ser\u00eda perfecto ponerle unos guantes. Pero, tratemos de evitarlo para comer y cuando est\u00e9 despierto.\" \/>\n<meta name=\"robots\" content=\"index, follow, max-snippet:-1, max-image-preview:large, max-video-preview:-1\" \/>\n<link rel=\"canonical\" href=\"https:\/\/www.bezoya.es\/bebe-a-bordo\/blog-bab\/el-bebe-se-arana-la-carita-le-pongo-guantes\/\" \/>\n<meta property=\"og:locale\" content=\"es_ES\" \/>\n<meta property=\"og:type\" content=\"article\" \/>\n<meta property=\"og:title\" content=\"El beb\u00e9 se ara\u00f1a la carita \u00bfle pongo guantes? - Agua mineral natural Bezoya\" \/>\n<meta property=\"og:description\" content=\"Si un beb\u00e9 se ara\u00f1a, ser\u00eda perfecto ponerle unos guantes. Pero, tratemos de evitarlo para comer y cuando est\u00e9 despierto.\" \/>\n<meta property=\"og:url\" content=\"https:\/\/www.bezoya.es\/bebe-a-bordo\/blog-bab\/el-bebe-se-arana-la-carita-le-pongo-guantes\/\" \/>\n<meta property=\"og:site_name\" content=\"Agua mineral natural Bezoya\" \/>\n<meta property=\"article:published_time\" content=\"2014-04-08T08:00:20+00:00\" \/>\n<meta property=\"article:modified_time\" content=\"2024-04-23T20:16:18+00:00\" \/>\n<meta property=\"og:image\" content=\"https:\/\/www.bezoya.es\/bebe-a-bordo\/wp-content\/uploads\/2014\/04\/guante.jpg\" \/>\n\t<meta property=\"og:image:width\" content=\"533\" \/>\n\t<meta property=\"og:image:height\" content=\"800\" \/>\n\t<meta property=\"og:image:type\" content=\"image\/jpeg\" \/>\n<meta name=\"author\" content=\"Beb\u00e9 a Bordo\" \/>\n<meta name=\"twitter:card\" content=\"summary_large_image\" \/>\n<meta name=\"twitter:label1\" content=\"Escrito por\" \/>\n\t<meta name=\"twitter:data1\" content=\"Beb\u00e9 a Bordo\" \/>\n\t<meta name=\"twitter:label2\" content=\"Tiempo de lectura\" \/>\n\t<meta name=\"twitter:data2\" content=\"1 minuto\" \/>\n<script type=\"application\/ld+json\" class=\"yoast-schema-graph\">{\"@context\":\"https:\/\/schema.org\",\"@graph\":[{\"@type\":\"Article\",\"@id\":\"https:\/\/www.bezoya.es\/bebe-a-bordo\/blog-bab\/el-bebe-se-arana-la-carita-le-pongo-guantes\/#article\",\"isPartOf\":{\"@id\":\"https:\/\/www.bezoya.es\/bebe-a-bordo\/blog-bab\/el-bebe-se-arana-la-carita-le-pongo-guantes\/\"},\"author\":{\"name\":\"Beb\u00e9 a Bordo\",\"@id\":\"https:\/\/www.bezoya.es\/bebe-a-bordo\/#\/schema\/person\/27f580841a0710199ed73bb8262c9de1\"},\"headline\":\"El beb\u00e9 se ara\u00f1a la carita \u00bfle pongo guantes?\",\"datePublished\":\"2014-04-08T08:00:20+00:00\",\"dateModified\":\"2024-04-23T20:16:18+00:00\",\"mainEntityOfPage\":{\"@id\":\"https:\/\/www.bezoya.es\/bebe-a-bordo\/blog-bab\/el-bebe-se-arana-la-carita-le-pongo-guantes\/\"},\"wordCount\":241,\"commentCount\":0,\"image\":{\"@id\":\"https:\/\/www.bezoya.es\/bebe-a-bordo\/blog-bab\/el-bebe-se-arana-la-carita-le-pongo-guantes\/#primaryimage\"},\"thumbnailUrl\":\"https:\/\/www.bezoya.es\/bebe-a-bordo\/wp-content\/uploads\/2014\/04\/guante.jpg\",\"articleSection\":[\"Blog Beb\u00e9 a Bordo\"],\"inLanguage\":\"es\",\"potentialAction\":[{\"@type\":\"CommentAction\",\"name\":\"Comment\",\"target\":[\"https:\/\/www.bezoya.es\/bebe-a-bordo\/blog-bab\/el-bebe-se-arana-la-carita-le-pongo-guantes\/#respond\"]}]},{\"@type\":\"WebPage\",\"@id\":\"https:\/\/www.bezoya.es\/bebe-a-bordo\/blog-bab\/el-bebe-se-arana-la-carita-le-pongo-guantes\/\",\"url\":\"https:\/\/www.bezoya.es\/bebe-a-bordo\/blog-bab\/el-bebe-se-arana-la-carita-le-pongo-guantes\/\",\"name\":\"El beb\u00e9 se ara\u00f1a la carita \u00bfle pongo guantes? - Agua mineral natural Bezoya\",\"isPartOf\":{\"@id\":\"https:\/\/www.bezoya.es\/bebe-a-bordo\/#website\"},\"primaryImageOfPage\":{\"@id\":\"https:\/\/www.bezoya.es\/bebe-a-bordo\/blog-bab\/el-bebe-se-arana-la-carita-le-pongo-guantes\/#primaryimage\"},\"image\":{\"@id\":\"https:\/\/www.bezoya.es\/bebe-a-bordo\/blog-bab\/el-bebe-se-arana-la-carita-le-pongo-guantes\/#primaryimage\"},\"thumbnailUrl\":\"https:\/\/www.bezoya.es\/bebe-a-bordo\/wp-content\/uploads\/2014\/04\/guante.jpg\",\"datePublished\":\"2014-04-08T08:00:20+00:00\",\"dateModified\":\"2024-04-23T20:16:18+00:00\",\"author\":{\"@id\":\"https:\/\/www.bezoya.es\/bebe-a-bordo\/#\/schema\/person\/27f580841a0710199ed73bb8262c9de1\"},\"description\":\"Si un beb\u00e9 se ara\u00f1a, ser\u00eda perfecto ponerle unos guantes. Pero, tratemos de evitarlo para comer y cuando est\u00e9 despierto.\",\"inLanguage\":\"es\",\"potentialAction\":[{\"@type\":\"ReadAction\",\"target\":[\"https:\/\/www.bezoya.es\/bebe-a-bordo\/blog-bab\/el-bebe-se-arana-la-carita-le-pongo-guantes\/\"]}]},{\"@type\":\"ImageObject\",\"inLanguage\":\"es\",\"@id\":\"https:\/\/www.bezoya.es\/bebe-a-bordo\/blog-bab\/el-bebe-se-arana-la-carita-le-pongo-guantes\/#primaryimage\",\"url\":\"https:\/\/www.bezoya.es\/bebe-a-bordo\/wp-content\/uploads\/2014\/04\/guante.jpg\",\"contentUrl\":\"https:\/\/www.bezoya.es\/bebe-a-bordo\/wp-content\/uploads\/2014\/04\/guante.jpg\",\"width\":533,\"height\":800},{\"@type\":\"WebSite\",\"@id\":\"https:\/\/www.bezoya.es\/bebe-a-bordo\/#website\",\"url\":\"https:\/\/www.bezoya.es\/bebe-a-bordo\/\",\"name\":\"Agua mineral natural Bezoya\",\"description\":\"El agua de mineralizaci\u00f3n muy d\u00e9bil\",\"potentialAction\":[{\"@type\":\"SearchAction\",\"target\":{\"@type\":\"EntryPoint\",\"urlTemplate\":\"https:\/\/www.bezoya.es\/bebe-a-bordo\/?s={search_term_string}\"},\"query-input\":{\"@type\":\"PropertyValueSpecification\",\"valueRequired\":true,\"valueName\":\"search_term_string\"}}],\"inLanguage\":\"es\"},{\"@type\":\"Person\",\"@id\":\"https:\/\/www.bezoya.es\/bebe-a-bordo\/#\/schema\/person\/27f580841a0710199ed73bb8262c9de1\",\"name\":\"Beb\u00e9 a Bordo\",\"image\":{\"@type\":\"ImageObject\",\"inLanguage\":\"es\",\"@id\":\"https:\/\/www.bezoya.es\/bebe-a-bordo\/#\/schema\/person\/image\/\",\"url\":\"https:\/\/secure.gravatar.com\/avatar\/0b0c609b63be1f5d579657e5afa8b15ebc59af1c9cca5c551ddcd2114a725785?s=96&d=mm&r=g\",\"contentUrl\":\"https:\/\/secure.gravatar.com\/avatar\/0b0c609b63be1f5d579657e5afa8b15ebc59af1c9cca5c551ddcd2114a725785?s=96&d=mm&r=g\",\"caption\":\"Beb\u00e9 a Bordo\"},\"description\":\"El baby coach de Bezoya que te acompa\u00f1a desde el embarazo, parto y postparto, hasta sus primeros pasos.\",\"url\":\"https:\/\/www.bezoya.es\/bebe-a-bordo\/author\/bebe-a-bordo\/\"}]}<\/script>\n<!-- \/ Yoast SEO plugin. -->","yoast_head_json":{"title":"El beb\u00e9 se ara\u00f1a la carita \u00bfle pongo guantes? - Agua mineral natural Bezoya","description":"Si un beb\u00e9 se ara\u00f1a, ser\u00eda perfecto ponerle unos guantes. Pero, tratemos de evitarlo para comer y cuando est\u00e9 despierto.","robots":{"index":"index","follow":"follow","max-snippet":"max-snippet:-1","max-image-preview":"max-image-preview:large","max-video-preview":"max-video-preview:-1"},"canonical":"https:\/\/www.bezoya.es\/bebe-a-bordo\/blog-bab\/el-bebe-se-arana-la-carita-le-pongo-guantes\/","og_locale":"es_ES","og_type":"article","og_title":"El beb\u00e9 se ara\u00f1a la carita \u00bfle pongo guantes? - Agua mineral natural Bezoya","og_description":"Si un beb\u00e9 se ara\u00f1a, ser\u00eda perfecto ponerle unos guantes. Pero, tratemos de evitarlo para comer y cuando est\u00e9 despierto.","og_url":"https:\/\/www.bezoya.es\/bebe-a-bordo\/blog-bab\/el-bebe-se-arana-la-carita-le-pongo-guantes\/","og_site_name":"Agua mineral natural Bezoya","article_published_time":"2014-04-08T08:00:20+00:00","article_modified_time":"2024-04-23T20:16:18+00:00","og_image":[{"width":533,"height":800,"url":"https:\/\/www.bezoya.es\/bebe-a-bordo\/wp-content\/uploads\/2014\/04\/guante.jpg","type":"image\/jpeg"}],"author":"Beb\u00e9 a Bordo","twitter_card":"summary_large_image","twitter_misc":{"Escrito por":"Beb\u00e9 a Bordo","Tiempo de lectura":"1 minuto"},"schema":{"@context":"https:\/\/schema.org","@graph":[{"@type":"Article","@id":"https:\/\/www.bezoya.es\/bebe-a-bordo\/blog-bab\/el-bebe-se-arana-la-carita-le-pongo-guantes\/#article","isPartOf":{"@id":"https:\/\/www.bezoya.es\/bebe-a-bordo\/blog-bab\/el-bebe-se-arana-la-carita-le-pongo-guantes\/"},"author":{"name":"Beb\u00e9 a Bordo","@id":"https:\/\/www.bezoya.es\/bebe-a-bordo\/#\/schema\/person\/27f580841a0710199ed73bb8262c9de1"},"headline":"El beb\u00e9 se ara\u00f1a la carita \u00bfle pongo guantes?","datePublished":"2014-04-08T08:00:20+00:00","dateModified":"2024-04-23T20:16:18+00:00","mainEntityOfPage":{"@id":"https:\/\/www.bezoya.es\/bebe-a-bordo\/blog-bab\/el-bebe-se-arana-la-carita-le-pongo-guantes\/"},"wordCount":241,"commentCount":0,"image":{"@id":"https:\/\/www.bezoya.es\/bebe-a-bordo\/blog-bab\/el-bebe-se-arana-la-carita-le-pongo-guantes\/#primaryimage"},"thumbnailUrl":"https:\/\/www.bezoya.es\/bebe-a-bordo\/wp-content\/uploads\/2014\/04\/guante.jpg","articleSection":["Blog Beb\u00e9 a Bordo"],"inLanguage":"es","potentialAction":[{"@type":"CommentAction","name":"Comment","target":["https:\/\/www.bezoya.es\/bebe-a-bordo\/blog-bab\/el-bebe-se-arana-la-carita-le-pongo-guantes\/#respond"]}]},{"@type":"WebPage","@id":"https:\/\/www.bezoya.es\/bebe-a-bordo\/blog-bab\/el-bebe-se-arana-la-carita-le-pongo-guantes\/","url":"https:\/\/www.bezoya.es\/bebe-a-bordo\/blog-bab\/el-bebe-se-arana-la-carita-le-pongo-guantes\/","name":"El beb\u00e9 se ara\u00f1a la carita \u00bfle pongo guantes? - Agua mineral natural Bezoya","isPartOf":{"@id":"https:\/\/www.bezoya.es\/bebe-a-bordo\/#website"},"primaryImageOfPage":{"@id":"https:\/\/www.bezoya.es\/bebe-a-bordo\/blog-bab\/el-bebe-se-arana-la-carita-le-pongo-guantes\/#primaryimage"},"image":{"@id":"https:\/\/www.bezoya.es\/bebe-a-bordo\/blog-bab\/el-bebe-se-arana-la-carita-le-pongo-guantes\/#primaryimage"},"thumbnailUrl":"https:\/\/www.bezoya.es\/bebe-a-bordo\/wp-content\/uploads\/2014\/04\/guante.jpg","datePublished":"2014-04-08T08:00:20+00:00","dateModified":"2024-04-23T20:16:18+00:00","author":{"@id":"https:\/\/www.bezoya.es\/bebe-a-bordo\/#\/schema\/person\/27f580841a0710199ed73bb8262c9de1"},"description":"Si un beb\u00e9 se ara\u00f1a, ser\u00eda perfecto ponerle unos guantes. Pero, tratemos de evitarlo para comer y cuando est\u00e9 despierto.","inLanguage":"es","potentialAction":[{"@type":"ReadAction","target":["https:\/\/www.bezoya.es\/bebe-a-bordo\/blog-bab\/el-bebe-se-arana-la-carita-le-pongo-guantes\/"]}]},{"@type":"ImageObject","inLanguage":"es","@id":"https:\/\/www.bezoya.es\/bebe-a-bordo\/blog-bab\/el-bebe-se-arana-la-carita-le-pongo-guantes\/#primaryimage","url":"https:\/\/www.bezoya.es\/bebe-a-bordo\/wp-content\/uploads\/2014\/04\/guante.jpg","contentUrl":"https:\/\/www.bezoya.es\/bebe-a-bordo\/wp-content\/uploads\/2014\/04\/guante.jpg","width":533,"height":800},{"@type":"WebSite","@id":"https:\/\/www.bezoya.es\/bebe-a-bordo\/#website","url":"https:\/\/www.bezoya.es\/bebe-a-bordo\/","name":"Agua mineral natural Bezoya","description":"El agua de mineralizaci\u00f3n muy d\u00e9bil","potentialAction":[{"@type":"SearchAction","target":{"@type":"EntryPoint","urlTemplate":"https:\/\/www.bezoya.es\/bebe-a-bordo\/?s={search_term_string}"},"query-input":{"@type":"PropertyValueSpecification","valueRequired":true,"valueName":"search_term_string"}}],"inLanguage":"es"},{"@type":"Person","@id":"https:\/\/www.bezoya.es\/bebe-a-bordo\/#\/schema\/person\/27f580841a0710199ed73bb8262c9de1","name":"Beb\u00e9 a Bordo","image":{"@type":"ImageObject","inLanguage":"es","@id":"https:\/\/www.bezoya.es\/bebe-a-bordo\/#\/schema\/person\/image\/","url":"https:\/\/secure.gravatar.com\/avatar\/0b0c609b63be1f5d579657e5afa8b15ebc59af1c9cca5c551ddcd2114a725785?s=96&d=mm&r=g","contentUrl":"https:\/\/secure.gravatar.com\/avatar\/0b0c609b63be1f5d579657e5afa8b15ebc59af1c9cca5c551ddcd2114a725785?s=96&d=mm&r=g","caption":"Beb\u00e9 a Bordo"},"description":"El baby coach de Bezoya que te acompa\u00f1a desde el embarazo, parto y postparto, hasta sus primeros pasos.","url":"https:\/\/www.bezoya.es\/bebe-a-bordo\/author\/bebe-a-bordo\/"}]}},"views":5800,"_links":{"self":[{"href":"https:\/\/www.bezoya.es\/bebe-a-bordo\/wp-json\/wp\/v2\/posts\/1171","targetHints":{"allow":["GET"]}}],"collection":[{"href":"https:\/\/www.bezoya.es\/bebe-a-bordo\/wp-json\/wp\/v2\/posts"}],"about":[{"href":"https:\/\/www.bezoya.es\/bebe-a-bordo\/wp-json\/wp\/v2\/types\/post"}],"author":[{"embeddable":true,"href":"https:\/\/www.bezoya.es\/bebe-a-bordo\/wp-json\/wp\/v2\/users\/119"}],"replies":[{"embeddable":true,"href":"https:\/\/www.bezoya.es\/bebe-a-bordo\/wp-json\/wp\/v2\/comments?post=1171"}],"version-history":[{"count":2,"href":"https:\/\/www.bezoya.es\/bebe-a-bordo\/wp-json\/wp\/v2\/posts\/1171\/revisions"}],"predecessor-version":[{"id":18635,"href":"https:\/\/www.bezoya.es\/bebe-a-bordo\/wp-json\/wp\/v2\/posts\/1171\/revisions\/18635"}],"wp:featuredmedia":[{"embeddable":true,"href":"https:\/\/www.bezoya.es\/bebe-a-bordo\/wp-json\/wp\/v2\/media\/6378"}],"wp:attachment":[{"href":"https:\/\/www.bezoya.es\/bebe-a-bordo\/wp-json\/wp\/v2\/media?parent=1171"}],"wp:term":[{"taxonomy":"category","embeddable":true,"href":"https:\/\/www.bezoya.es\/bebe-a-bordo\/wp-json\/wp\/v2\/categories?post=1171"},{"taxonomy":"post_tag","embeddable":true,"href":"https:\/\/www.bezoya.es\/bebe-a-bordo\/wp-json\/wp\/v2\/tags?post=1171"},{"taxonomy":"categoriabab","embeddable":true,"href":"https:\/\/www.bezoya.es\/bebe-a-bordo\/wp-json\/wp\/v2\/categoriabab?post=1171"},{"taxonomy":"palabra_clave","embeddable":true,"href":"https:\/\/www.bezoya.es\/bebe-a-bordo\/wp-json\/wp\/v2\/palabra_clave?post=1171"}],"curies":[{"name":"wp","href":"https:\/\/api.w.org\/{rel}","templated":true}]}}