{"id":1169,"date":"2014-03-25T11:00:19","date_gmt":"2014-03-25T09:00:19","guid":{"rendered":"http:\/\/bezoya.dev\/nacer-en-primavera\/"},"modified":"2024-04-23T22:16:32","modified_gmt":"2024-04-23T20:16:32","slug":"nacer-en-primavera","status":"publish","type":"post","link":"https:\/\/www.bezoya.es\/bebe-a-bordo\/blog-bab\/nacer-en-primavera\/","title":{"rendered":"Nacer en primavera"},"content":{"rendered":"<p style=\"text-align: justify;\">Todas las estaciones del a\u00f1o son especiales, todas tienen su encanto y su energ\u00eda particular. Pero la primavera es, especialmente desbordante por sus colores, con esos peque\u00f1os brotes abri\u00e9ndose a la vida y, tu peque\u00f1o beb\u00e9, ha nacido sumergido en este momento tan exuberante del a\u00f1o.<\/p>\n<p style=\"text-align: justify;\">No tenemos que olvidar que el posparto inmediato<span style=\"text-decoration: line-through;\">,<\/span> \u0093la cuarentena\u0094, es igual para todas las \u00e9pocas del a\u00f1o y es un periodo muy importante. Una alimentaci\u00f3n e hidrataci\u00f3n adecuada y un buen descanso, aprovechando cuando el beb\u00e9 est\u00e9 dormido, forman parte de los ingredientes fundamentales para poder recuperarte tras el nacimiento de tu beb\u00e9.<\/p>\n<p style=\"text-align: justify;\">Ahora bien, la primavera invita especialmente a realizar peque\u00f1os paseos. Miramos por la ventana y\u00a0 los rayos del sol\u00a0 nos invitan a salir.<\/p>\n<p style=\"text-align: justify;\"><b>\u00bfQu\u00e9 precauciones debo tomar?<\/b><\/p>\n<p style=\"text-align: justify;\">Los beneficios de los paseos al sol son inestimables para nuestra salud, como coment\u00e1bamos en un post anterior. Sin embargo, a medida que la primavera va avanzando, debemos tomar precauciones con la intensidad de los rayos del sol. Si el d\u00eda ha amanecido especialmente caluroso, ser\u00eda adecuado realizar los paseos a primera hora del d\u00eda o a \u00faltima hora de la tarde para protegernos de las horas m\u00e1s intensas.<\/p>\n<p style=\"text-align: justify;\"><b>\u00bfQu\u00e9 ropita le pongo a mi beb\u00e9?<\/b><\/p>\n<p style=\"text-align: justify;\">La primavera se caracteriza por la inestabilidad ambiental. Nos podemos encontrar d\u00edas a\u00fan fresquitos y d\u00edas bastante c\u00e1lidos. Ser\u00eda recomendable vestir a tu beb\u00e9 con alguna capa de ropa que pudieras retirarle con facilidad si la temperatura sube o bien pudieras cubrirle si refrescase.<\/p>\n<p style=\"text-align: justify;\">Los beneficios del sol en el beb\u00e9 tambi\u00e9n son incuestionables para la fabricaci\u00f3n de la vitamina D. Podemos permitir que el sol ba\u00f1e suavemente sus manitas y su rostro en los momentos del d\u00eda de menor intensidad solar.<\/p>\n<p style=\"text-align: justify;\"><b>\u00bfQu\u00e9 tiene que tener en cuenta la mam\u00e1?<\/b><\/p>\n<p style=\"text-align: justify;\">Ser\u00eda recomendable que en los paseos pudieras llevar algo saludable y f\u00e1cil de transportar para comer, como alguna pieza de fruta o frutos secos.<\/p>\n<p style=\"text-align: justify;\">La lactancia da mucha sed, as\u00ed que no olvides llevar siempre agua a mano. \u00a1Lo agradecer\u00e1s!<\/p>\n<p style=\"text-align: justify;\">Y si practicas la lactancia materna, te sugerir\u00eda que llevaras ropa pr\u00e1ctica de lactancia, por si en alg\u00fan momento durante el paseo te apeteciera sentarte en un parque al sol y amamantar a tu beb\u00e9 tranquilamente. \u00a1Es todo un placer!<\/p>\n","protected":false},"excerpt":{"rendered":"<p>Todas las estaciones del a\u00f1o son especiales, todas tienen su encanto y su energ\u00eda particular. Pero la primavera es, especialmente desbordante por sus colores, con esos peque\u00f1os brotes abri\u00e9ndose a la vida y, tu peque\u00f1o beb\u00e9, ha nacido sumergido en este momento tan exuberante del a\u00f1o. No tenemos que olvidar que el posparto inmediato, \u0093la cuarentena\u0094, es igual para todas las \u00e9pocas del a\u00f1o y es un periodo muy importante. Una alimentaci\u00f3n e hidrataci\u00f3n adecuada y un buen descanso, aprovechando cuando el beb\u00e9 est\u00e9 dormido, forman parte de los ingredientes fundamentales para poder recuperarte tras el nacimiento de tu beb\u00e9. &#8230;<\/p>\n","protected":false},"author":119,"featured_media":6380,"comment_status":"open","ping_status":"open","sticky":false,"template":"","format":"standard","meta":{"_acf_changed":false,"inline_featured_image":false,"footnotes":""},"categories":[7],"tags":[],"categoriabab":[673,674,675],"palabra_clave":[],"class_list":["post-1169","post","type-post","status-publish","format-standard","has-post-thumbnail","hentry","category-blog-bab","categoriabab-el-embarazo","categoriabab-parto-y-posparto","categoriabab-crianza-hasta-los-2-anos"],"acf":[],"yoast_head":"<!-- This site is optimized with the Yoast SEO plugin v27.1.1 - https:\/\/yoast.com\/product\/yoast-seo-wordpress\/ -->\n<title>Nacer en primavera - Agua mineral natural Bezoya<\/title>\n<meta name=\"description\" content=\"Si tu beb\u00e9 nace en primavera deberemos aprovechar el buen tiempo para salir a pasear y mantener una dieta sana y equilibrada con alimentos de temporada.\" \/>\n<meta name=\"robots\" content=\"index, follow, max-snippet:-1, max-image-preview:large, max-video-preview:-1\" \/>\n<link rel=\"canonical\" href=\"https:\/\/www.bezoya.es\/bebe-a-bordo\/blog-bab\/nacer-en-primavera\/\" \/>\n<meta property=\"og:locale\" content=\"es_ES\" \/>\n<meta property=\"og:type\" content=\"article\" \/>\n<meta property=\"og:title\" content=\"Nacer en primavera - Agua mineral natural Bezoya\" \/>\n<meta property=\"og:description\" content=\"Si tu beb\u00e9 nace en primavera deberemos aprovechar el buen tiempo para salir a pasear y mantener una dieta sana y equilibrada con alimentos de temporada.\" \/>\n<meta property=\"og:url\" content=\"https:\/\/www.bezoya.es\/bebe-a-bordo\/blog-bab\/nacer-en-primavera\/\" \/>\n<meta property=\"og:site_name\" content=\"Agua mineral natural Bezoya\" \/>\n<meta property=\"article:published_time\" content=\"2014-03-25T09:00:19+00:00\" \/>\n<meta property=\"article:modified_time\" content=\"2024-04-23T20:16:32+00:00\" \/>\n<meta property=\"og:image\" content=\"https:\/\/www.bezoya.es\/bebe-a-bordo\/wp-content\/uploads\/2014\/03\/nacer.jpg\" \/>\n\t<meta property=\"og:image:width\" content=\"800\" \/>\n\t<meta property=\"og:image:height\" content=\"610\" \/>\n\t<meta property=\"og:image:type\" content=\"image\/jpeg\" \/>\n<meta name=\"author\" content=\"Beb\u00e9 a Bordo\" \/>\n<meta name=\"twitter:card\" content=\"summary_large_image\" \/>\n<meta name=\"twitter:label1\" content=\"Escrito por\" \/>\n\t<meta name=\"twitter:data1\" content=\"Beb\u00e9 a Bordo\" \/>\n\t<meta name=\"twitter:label2\" content=\"Tiempo de lectura\" \/>\n\t<meta name=\"twitter:data2\" content=\"2 minutos\" \/>\n<script type=\"application\/ld+json\" class=\"yoast-schema-graph\">{\"@context\":\"https:\/\/schema.org\",\"@graph\":[{\"@type\":\"Article\",\"@id\":\"https:\/\/www.bezoya.es\/bebe-a-bordo\/blog-bab\/nacer-en-primavera\/#article\",\"isPartOf\":{\"@id\":\"https:\/\/www.bezoya.es\/bebe-a-bordo\/blog-bab\/nacer-en-primavera\/\"},\"author\":{\"name\":\"Beb\u00e9 a Bordo\",\"@id\":\"https:\/\/www.bezoya.es\/bebe-a-bordo\/#\/schema\/person\/27f580841a0710199ed73bb8262c9de1\"},\"headline\":\"Nacer en primavera\",\"datePublished\":\"2014-03-25T09:00:19+00:00\",\"dateModified\":\"2024-04-23T20:16:32+00:00\",\"mainEntityOfPage\":{\"@id\":\"https:\/\/www.bezoya.es\/bebe-a-bordo\/blog-bab\/nacer-en-primavera\/\"},\"wordCount\":406,\"commentCount\":0,\"image\":{\"@id\":\"https:\/\/www.bezoya.es\/bebe-a-bordo\/blog-bab\/nacer-en-primavera\/#primaryimage\"},\"thumbnailUrl\":\"https:\/\/www.bezoya.es\/bebe-a-bordo\/wp-content\/uploads\/2014\/03\/nacer.jpg\",\"articleSection\":[\"Blog Beb\u00e9 a Bordo\"],\"inLanguage\":\"es\",\"potentialAction\":[{\"@type\":\"CommentAction\",\"name\":\"Comment\",\"target\":[\"https:\/\/www.bezoya.es\/bebe-a-bordo\/blog-bab\/nacer-en-primavera\/#respond\"]}]},{\"@type\":\"WebPage\",\"@id\":\"https:\/\/www.bezoya.es\/bebe-a-bordo\/blog-bab\/nacer-en-primavera\/\",\"url\":\"https:\/\/www.bezoya.es\/bebe-a-bordo\/blog-bab\/nacer-en-primavera\/\",\"name\":\"Nacer en primavera - Agua mineral natural Bezoya\",\"isPartOf\":{\"@id\":\"https:\/\/www.bezoya.es\/bebe-a-bordo\/#website\"},\"primaryImageOfPage\":{\"@id\":\"https:\/\/www.bezoya.es\/bebe-a-bordo\/blog-bab\/nacer-en-primavera\/#primaryimage\"},\"image\":{\"@id\":\"https:\/\/www.bezoya.es\/bebe-a-bordo\/blog-bab\/nacer-en-primavera\/#primaryimage\"},\"thumbnailUrl\":\"https:\/\/www.bezoya.es\/bebe-a-bordo\/wp-content\/uploads\/2014\/03\/nacer.jpg\",\"datePublished\":\"2014-03-25T09:00:19+00:00\",\"dateModified\":\"2024-04-23T20:16:32+00:00\",\"author\":{\"@id\":\"https:\/\/www.bezoya.es\/bebe-a-bordo\/#\/schema\/person\/27f580841a0710199ed73bb8262c9de1\"},\"description\":\"Si tu beb\u00e9 nace en primavera deberemos aprovechar el buen tiempo para salir a pasear y mantener una dieta sana y equilibrada con alimentos de temporada.\",\"inLanguage\":\"es\",\"potentialAction\":[{\"@type\":\"ReadAction\",\"target\":[\"https:\/\/www.bezoya.es\/bebe-a-bordo\/blog-bab\/nacer-en-primavera\/\"]}]},{\"@type\":\"ImageObject\",\"inLanguage\":\"es\",\"@id\":\"https:\/\/www.bezoya.es\/bebe-a-bordo\/blog-bab\/nacer-en-primavera\/#primaryimage\",\"url\":\"https:\/\/www.bezoya.es\/bebe-a-bordo\/wp-content\/uploads\/2014\/03\/nacer.jpg\",\"contentUrl\":\"https:\/\/www.bezoya.es\/bebe-a-bordo\/wp-content\/uploads\/2014\/03\/nacer.jpg\",\"width\":800,\"height\":610},{\"@type\":\"WebSite\",\"@id\":\"https:\/\/www.bezoya.es\/bebe-a-bordo\/#website\",\"url\":\"https:\/\/www.bezoya.es\/bebe-a-bordo\/\",\"name\":\"Agua mineral natural Bezoya\",\"description\":\"El agua de mineralizaci\u00f3n muy d\u00e9bil\",\"potentialAction\":[{\"@type\":\"SearchAction\",\"target\":{\"@type\":\"EntryPoint\",\"urlTemplate\":\"https:\/\/www.bezoya.es\/bebe-a-bordo\/?s={search_term_string}\"},\"query-input\":{\"@type\":\"PropertyValueSpecification\",\"valueRequired\":true,\"valueName\":\"search_term_string\"}}],\"inLanguage\":\"es\"},{\"@type\":\"Person\",\"@id\":\"https:\/\/www.bezoya.es\/bebe-a-bordo\/#\/schema\/person\/27f580841a0710199ed73bb8262c9de1\",\"name\":\"Beb\u00e9 a Bordo\",\"image\":{\"@type\":\"ImageObject\",\"inLanguage\":\"es\",\"@id\":\"https:\/\/www.bezoya.es\/bebe-a-bordo\/#\/schema\/person\/image\/\",\"url\":\"https:\/\/secure.gravatar.com\/avatar\/0b0c609b63be1f5d579657e5afa8b15ebc59af1c9cca5c551ddcd2114a725785?s=96&d=mm&r=g\",\"contentUrl\":\"https:\/\/secure.gravatar.com\/avatar\/0b0c609b63be1f5d579657e5afa8b15ebc59af1c9cca5c551ddcd2114a725785?s=96&d=mm&r=g\",\"caption\":\"Beb\u00e9 a Bordo\"},\"description\":\"El baby coach de Bezoya que te acompa\u00f1a desde el embarazo, parto y postparto, hasta sus primeros pasos.\",\"url\":\"https:\/\/www.bezoya.es\/bebe-a-bordo\/author\/bebe-a-bordo\/\"}]}<\/script>\n<!-- \/ Yoast SEO plugin. -->","yoast_head_json":{"title":"Nacer en primavera - Agua mineral natural Bezoya","description":"Si tu beb\u00e9 nace en primavera deberemos aprovechar el buen tiempo para salir a pasear y mantener una dieta sana y equilibrada con alimentos de temporada.","robots":{"index":"index","follow":"follow","max-snippet":"max-snippet:-1","max-image-preview":"max-image-preview:large","max-video-preview":"max-video-preview:-1"},"canonical":"https:\/\/www.bezoya.es\/bebe-a-bordo\/blog-bab\/nacer-en-primavera\/","og_locale":"es_ES","og_type":"article","og_title":"Nacer en primavera - Agua mineral natural Bezoya","og_description":"Si tu beb\u00e9 nace en primavera deberemos aprovechar el buen tiempo para salir a pasear y mantener una dieta sana y equilibrada con alimentos de temporada.","og_url":"https:\/\/www.bezoya.es\/bebe-a-bordo\/blog-bab\/nacer-en-primavera\/","og_site_name":"Agua mineral natural Bezoya","article_published_time":"2014-03-25T09:00:19+00:00","article_modified_time":"2024-04-23T20:16:32+00:00","og_image":[{"width":800,"height":610,"url":"https:\/\/www.bezoya.es\/bebe-a-bordo\/wp-content\/uploads\/2014\/03\/nacer.jpg","type":"image\/jpeg"}],"author":"Beb\u00e9 a Bordo","twitter_card":"summary_large_image","twitter_misc":{"Escrito por":"Beb\u00e9 a Bordo","Tiempo de lectura":"2 minutos"},"schema":{"@context":"https:\/\/schema.org","@graph":[{"@type":"Article","@id":"https:\/\/www.bezoya.es\/bebe-a-bordo\/blog-bab\/nacer-en-primavera\/#article","isPartOf":{"@id":"https:\/\/www.bezoya.es\/bebe-a-bordo\/blog-bab\/nacer-en-primavera\/"},"author":{"name":"Beb\u00e9 a Bordo","@id":"https:\/\/www.bezoya.es\/bebe-a-bordo\/#\/schema\/person\/27f580841a0710199ed73bb8262c9de1"},"headline":"Nacer en primavera","datePublished":"2014-03-25T09:00:19+00:00","dateModified":"2024-04-23T20:16:32+00:00","mainEntityOfPage":{"@id":"https:\/\/www.bezoya.es\/bebe-a-bordo\/blog-bab\/nacer-en-primavera\/"},"wordCount":406,"commentCount":0,"image":{"@id":"https:\/\/www.bezoya.es\/bebe-a-bordo\/blog-bab\/nacer-en-primavera\/#primaryimage"},"thumbnailUrl":"https:\/\/www.bezoya.es\/bebe-a-bordo\/wp-content\/uploads\/2014\/03\/nacer.jpg","articleSection":["Blog Beb\u00e9 a Bordo"],"inLanguage":"es","potentialAction":[{"@type":"CommentAction","name":"Comment","target":["https:\/\/www.bezoya.es\/bebe-a-bordo\/blog-bab\/nacer-en-primavera\/#respond"]}]},{"@type":"WebPage","@id":"https:\/\/www.bezoya.es\/bebe-a-bordo\/blog-bab\/nacer-en-primavera\/","url":"https:\/\/www.bezoya.es\/bebe-a-bordo\/blog-bab\/nacer-en-primavera\/","name":"Nacer en primavera - Agua mineral natural Bezoya","isPartOf":{"@id":"https:\/\/www.bezoya.es\/bebe-a-bordo\/#website"},"primaryImageOfPage":{"@id":"https:\/\/www.bezoya.es\/bebe-a-bordo\/blog-bab\/nacer-en-primavera\/#primaryimage"},"image":{"@id":"https:\/\/www.bezoya.es\/bebe-a-bordo\/blog-bab\/nacer-en-primavera\/#primaryimage"},"thumbnailUrl":"https:\/\/www.bezoya.es\/bebe-a-bordo\/wp-content\/uploads\/2014\/03\/nacer.jpg","datePublished":"2014-03-25T09:00:19+00:00","dateModified":"2024-04-23T20:16:32+00:00","author":{"@id":"https:\/\/www.bezoya.es\/bebe-a-bordo\/#\/schema\/person\/27f580841a0710199ed73bb8262c9de1"},"description":"Si tu beb\u00e9 nace en primavera deberemos aprovechar el buen tiempo para salir a pasear y mantener una dieta sana y equilibrada con alimentos de temporada.","inLanguage":"es","potentialAction":[{"@type":"ReadAction","target":["https:\/\/www.bezoya.es\/bebe-a-bordo\/blog-bab\/nacer-en-primavera\/"]}]},{"@type":"ImageObject","inLanguage":"es","@id":"https:\/\/www.bezoya.es\/bebe-a-bordo\/blog-bab\/nacer-en-primavera\/#primaryimage","url":"https:\/\/www.bezoya.es\/bebe-a-bordo\/wp-content\/uploads\/2014\/03\/nacer.jpg","contentUrl":"https:\/\/www.bezoya.es\/bebe-a-bordo\/wp-content\/uploads\/2014\/03\/nacer.jpg","width":800,"height":610},{"@type":"WebSite","@id":"https:\/\/www.bezoya.es\/bebe-a-bordo\/#website","url":"https:\/\/www.bezoya.es\/bebe-a-bordo\/","name":"Agua mineral natural Bezoya","description":"El agua de mineralizaci\u00f3n muy d\u00e9bil","potentialAction":[{"@type":"SearchAction","target":{"@type":"EntryPoint","urlTemplate":"https:\/\/www.bezoya.es\/bebe-a-bordo\/?s={search_term_string}"},"query-input":{"@type":"PropertyValueSpecification","valueRequired":true,"valueName":"search_term_string"}}],"inLanguage":"es"},{"@type":"Person","@id":"https:\/\/www.bezoya.es\/bebe-a-bordo\/#\/schema\/person\/27f580841a0710199ed73bb8262c9de1","name":"Beb\u00e9 a Bordo","image":{"@type":"ImageObject","inLanguage":"es","@id":"https:\/\/www.bezoya.es\/bebe-a-bordo\/#\/schema\/person\/image\/","url":"https:\/\/secure.gravatar.com\/avatar\/0b0c609b63be1f5d579657e5afa8b15ebc59af1c9cca5c551ddcd2114a725785?s=96&d=mm&r=g","contentUrl":"https:\/\/secure.gravatar.com\/avatar\/0b0c609b63be1f5d579657e5afa8b15ebc59af1c9cca5c551ddcd2114a725785?s=96&d=mm&r=g","caption":"Beb\u00e9 a Bordo"},"description":"El baby coach de Bezoya que te acompa\u00f1a desde el embarazo, parto y postparto, hasta sus primeros pasos.","url":"https:\/\/www.bezoya.es\/bebe-a-bordo\/author\/bebe-a-bordo\/"}]}},"views":3052,"_links":{"self":[{"href":"https:\/\/www.bezoya.es\/bebe-a-bordo\/wp-json\/wp\/v2\/posts\/1169","targetHints":{"allow":["GET"]}}],"collection":[{"href":"https:\/\/www.bezoya.es\/bebe-a-bordo\/wp-json\/wp\/v2\/posts"}],"about":[{"href":"https:\/\/www.bezoya.es\/bebe-a-bordo\/wp-json\/wp\/v2\/types\/post"}],"author":[{"embeddable":true,"href":"https:\/\/www.bezoya.es\/bebe-a-bordo\/wp-json\/wp\/v2\/users\/119"}],"replies":[{"embeddable":true,"href":"https:\/\/www.bezoya.es\/bebe-a-bordo\/wp-json\/wp\/v2\/comments?post=1169"}],"version-history":[{"count":2,"href":"https:\/\/www.bezoya.es\/bebe-a-bordo\/wp-json\/wp\/v2\/posts\/1169\/revisions"}],"predecessor-version":[{"id":18633,"href":"https:\/\/www.bezoya.es\/bebe-a-bordo\/wp-json\/wp\/v2\/posts\/1169\/revisions\/18633"}],"wp:featuredmedia":[{"embeddable":true,"href":"https:\/\/www.bezoya.es\/bebe-a-bordo\/wp-json\/wp\/v2\/media\/6380"}],"wp:attachment":[{"href":"https:\/\/www.bezoya.es\/bebe-a-bordo\/wp-json\/wp\/v2\/media?parent=1169"}],"wp:term":[{"taxonomy":"category","embeddable":true,"href":"https:\/\/www.bezoya.es\/bebe-a-bordo\/wp-json\/wp\/v2\/categories?post=1169"},{"taxonomy":"post_tag","embeddable":true,"href":"https:\/\/www.bezoya.es\/bebe-a-bordo\/wp-json\/wp\/v2\/tags?post=1169"},{"taxonomy":"categoriabab","embeddable":true,"href":"https:\/\/www.bezoya.es\/bebe-a-bordo\/wp-json\/wp\/v2\/categoriabab?post=1169"},{"taxonomy":"palabra_clave","embeddable":true,"href":"https:\/\/www.bezoya.es\/bebe-a-bordo\/wp-json\/wp\/v2\/palabra_clave?post=1169"}],"curies":[{"name":"wp","href":"https:\/\/api.w.org\/{rel}","templated":true}]}}