{"id":1165,"date":"2014-03-04T11:00:18","date_gmt":"2014-03-04T09:00:18","guid":{"rendered":"http:\/\/bezoya.dev\/embarazada-estoy-muy-despistada\/"},"modified":"2024-04-23T22:16:43","modified_gmt":"2024-04-23T20:16:43","slug":"embarazada-estoy-muy-despistada","status":"publish","type":"post","link":"https:\/\/www.bezoya.es\/bebe-a-bordo\/blog-bab\/embarazada-estoy-muy-despistada\/","title":{"rendered":"Embarazada \u00a1Estoy muy despistada!"},"content":{"rendered":"<p style=\"text-align: justify;\"><em>\u0093Aparco el coche. Logro salir con mi hermosa barriga de 8 meses y me voy a comer con una amiga. Cuando vuelvo el coche est\u00e1, m\u00e1s bien sigue, con la puerta por la que sal\u00ed\u0085 \u00a1Abierta! Ups, parece que no la cerr\u00e9 y han pasado 2 horas. \u00a1Menos mal que nadie se llev\u00f3 el coche! Con lo organizada que era yo antes de mi embarazo.\u0094<\/em><\/p>\n<p style=\"text-align: justify;\">Esta historia, un tanto c\u00f3mica, es REAL.<\/p>\n<p style=\"text-align: justify;\">En Beb\u00e9 a Bordo hemos sido testigo de an\u00e9cdotas divertidas y curiosas. Nos podemos encontrar buscando algo y no saber lo qu\u00e9 es, no encontrar las llaves de la casa y\u0085 \u00a1las tenemos en nuestras manos! Hasta olvidarnos el bolso\u0085 \u00a1Nuestro m\u00e1s preciado tesoro! En cualquier lugar, con una calma que hasta nos puede llegar a sorprender.<\/p>\n<p style=\"text-align: justify;\">La realidad es que si no somos conscientes de que esta situaci\u00f3n es muy normal, podemos llegar a pensar que algo \u0093malo\u0094 est\u00e1 pasando con nosotras.<\/p>\n<p style=\"text-align: justify;\">Este tipo de despiste, o\u00a0niebla propia del embarazo, es lo que en Beb\u00e9 a Bordo llamamos cari\u00f1osamente \u0093El Despiste fisiol\u00f3gico del Embarazo\u0094.<\/p>\n<p style=\"text-align: justify;\"><b>\u00bfQu\u00e9 es lo que causa este despiste?<\/b><\/p>\n<p style=\"text-align: justify;\">Existe mucho debate a este respecto, pero parece que son los cambios hormonales los que causan esta sensaci\u00f3n de despiste tambi\u00e9n conocido como amnesia gestacional (1). Las hormonas tienen mucha influencia en nuestro cuerpo y en nuestro cerebro. Y, el embarazo, es un momento de mucho cambio hormonal (1).<\/p>\n<p style=\"text-align: justify;\"><b>\u00bfHasta cu\u00e1ndo dura este despiste?<\/b><\/p>\n<p style=\"text-align: justify;\">Estas situaciones de despite, seg\u00fan nuestra experiencia, pueden durar incluso hasta unos meses despu\u00e9s del nacimiento del beb\u00e9 (1). Pero, con el tiempo,\u00a0 recuperamos la \u0093cordura\u0094.<\/p>\n<p style=\"text-align: justify;\">Lo importante es saber que esto puede ocurrir y que quiz\u00e1 sea una estrategia de la naturaleza para prepararnos para la maternidad (1). Comparte esta informaci\u00f3n con tu pareja, tus familiares, tus amigos y tus compa\u00f1eros de trabajo. De esta forma, en lugar de preocuparte por estos momentos de \u0093ensimismamiento\u0094 podr\u00e9is, entre todos, buscarle el humor y la comprensi\u00f3n a un proceso que es completamente normal durante esta etapa especial de tu vida.<\/p>\n<p style=\"text-align: justify;\"><strong>Fuentes:<\/strong><\/p>\n<p style=\"text-align: left;\">(1)\u00a0\u00a0 <a href=\"http:\/\/www.elpartoesnuestro.es\/informacion\/embarazo\/cambios-nivel-cerebral\">http:\/\/www.elpartoesnuestro.es\/informacion\/embarazo\/cambios-nivel-cerebral<\/a><\/p>\n<p style=\"text-align: left;\">(2)\u00a0\u00a0 <a href=\"http:\/\/www.embarazopasoapaso.com\/estoy-embarazada\/perdida-de-memoria-en-la-embarazada-o-amnesia-gestacional\">http:\/\/www.embarazopasoapaso.com\/estoy-embarazada\/perdida-de-memoria-en-la-embarazada-o-amnesia-gestacional<\/a><\/p>\n","protected":false},"excerpt":{"rendered":"<p>\u0093Aparco el coche. Logro salir con mi hermosa barriga de 8 meses y me voy a comer con una amiga. Cuando vuelvo el coche est\u00e1, m\u00e1s bien sigue, con la puerta por la que sal\u00ed\u0085 \u00a1Abierta! Ups, parece que no la cerr\u00e9 y han pasado 2 horas. \u00a1Menos mal que nadie se llev\u00f3 el coche! Con lo organizada que era yo antes de mi embarazo.\u0094 Esta historia, un tanto c\u00f3mica, es REAL. En Beb\u00e9 a Bordo hemos sido testigo de an\u00e9cdotas divertidas y curiosas. Nos podemos encontrar buscando algo y no saber lo qu\u00e9 es, no encontrar las llaves de &#8230;<\/p>\n","protected":false},"author":119,"featured_media":6383,"comment_status":"open","ping_status":"open","sticky":false,"template":"","format":"standard","meta":{"_acf_changed":false,"inline_featured_image":false,"footnotes":""},"categories":[7],"tags":[],"categoriabab":[673],"palabra_clave":[],"class_list":["post-1165","post","type-post","status-publish","format-standard","has-post-thumbnail","hentry","category-blog-bab","categoriabab-el-embarazo"],"acf":[],"yoast_head":"<!-- This site is optimized with the Yoast SEO plugin v27.1.1 - https:\/\/yoast.com\/product\/yoast-seo-wordpress\/ -->\n<title>Embarazada \u00a1Estoy muy despistada! - Agua mineral natural Bezoya<\/title>\n<meta name=\"description\" content=\"Despiste fisiol\u00f3gico del embarazo\" \/>\n<meta name=\"robots\" content=\"index, follow, max-snippet:-1, max-image-preview:large, max-video-preview:-1\" \/>\n<link rel=\"canonical\" href=\"https:\/\/www.bezoya.es\/bebe-a-bordo\/blog-bab\/embarazada-estoy-muy-despistada\/\" \/>\n<meta property=\"og:locale\" content=\"es_ES\" \/>\n<meta property=\"og:type\" content=\"article\" \/>\n<meta property=\"og:title\" content=\"Embarazada \u00a1Estoy muy despistada! - Agua mineral natural Bezoya\" \/>\n<meta property=\"og:description\" content=\"Despiste fisiol\u00f3gico del embarazo\" \/>\n<meta property=\"og:url\" content=\"https:\/\/www.bezoya.es\/bebe-a-bordo\/blog-bab\/embarazada-estoy-muy-despistada\/\" \/>\n<meta property=\"og:site_name\" content=\"Agua mineral natural Bezoya\" \/>\n<meta property=\"article:published_time\" content=\"2014-03-04T09:00:18+00:00\" \/>\n<meta property=\"article:modified_time\" content=\"2024-04-23T20:16:43+00:00\" \/>\n<meta property=\"og:image\" content=\"https:\/\/www.bezoya.es\/bebe-a-bordo\/wp-content\/uploads\/2014\/03\/48-Embarazada.jpg\" \/>\n\t<meta property=\"og:image:width\" content=\"800\" \/>\n\t<meta property=\"og:image:height\" content=\"504\" \/>\n\t<meta property=\"og:image:type\" content=\"image\/jpeg\" \/>\n<meta name=\"author\" content=\"Beb\u00e9 a Bordo\" \/>\n<meta name=\"twitter:card\" content=\"summary_large_image\" \/>\n<meta name=\"twitter:label1\" content=\"Escrito por\" \/>\n\t<meta name=\"twitter:data1\" content=\"Beb\u00e9 a Bordo\" \/>\n\t<meta name=\"twitter:label2\" content=\"Tiempo de lectura\" \/>\n\t<meta name=\"twitter:data2\" content=\"2 minutos\" \/>\n<script type=\"application\/ld+json\" class=\"yoast-schema-graph\">{\"@context\":\"https:\/\/schema.org\",\"@graph\":[{\"@type\":\"Article\",\"@id\":\"https:\/\/www.bezoya.es\/bebe-a-bordo\/blog-bab\/embarazada-estoy-muy-despistada\/#article\",\"isPartOf\":{\"@id\":\"https:\/\/www.bezoya.es\/bebe-a-bordo\/blog-bab\/embarazada-estoy-muy-despistada\/\"},\"author\":{\"name\":\"Beb\u00e9 a Bordo\",\"@id\":\"https:\/\/www.bezoya.es\/bebe-a-bordo\/#\/schema\/person\/27f580841a0710199ed73bb8262c9de1\"},\"headline\":\"Embarazada \u00a1Estoy muy despistada!\",\"datePublished\":\"2014-03-04T09:00:18+00:00\",\"dateModified\":\"2024-04-23T20:16:43+00:00\",\"mainEntityOfPage\":{\"@id\":\"https:\/\/www.bezoya.es\/bebe-a-bordo\/blog-bab\/embarazada-estoy-muy-despistada\/\"},\"wordCount\":366,\"commentCount\":0,\"image\":{\"@id\":\"https:\/\/www.bezoya.es\/bebe-a-bordo\/blog-bab\/embarazada-estoy-muy-despistada\/#primaryimage\"},\"thumbnailUrl\":\"https:\/\/www.bezoya.es\/bebe-a-bordo\/wp-content\/uploads\/2014\/03\/48-Embarazada.jpg\",\"articleSection\":[\"Blog Beb\u00e9 a Bordo\"],\"inLanguage\":\"es\",\"potentialAction\":[{\"@type\":\"CommentAction\",\"name\":\"Comment\",\"target\":[\"https:\/\/www.bezoya.es\/bebe-a-bordo\/blog-bab\/embarazada-estoy-muy-despistada\/#respond\"]}]},{\"@type\":\"WebPage\",\"@id\":\"https:\/\/www.bezoya.es\/bebe-a-bordo\/blog-bab\/embarazada-estoy-muy-despistada\/\",\"url\":\"https:\/\/www.bezoya.es\/bebe-a-bordo\/blog-bab\/embarazada-estoy-muy-despistada\/\",\"name\":\"Embarazada \u00a1Estoy muy despistada! - Agua mineral natural Bezoya\",\"isPartOf\":{\"@id\":\"https:\/\/www.bezoya.es\/bebe-a-bordo\/#website\"},\"primaryImageOfPage\":{\"@id\":\"https:\/\/www.bezoya.es\/bebe-a-bordo\/blog-bab\/embarazada-estoy-muy-despistada\/#primaryimage\"},\"image\":{\"@id\":\"https:\/\/www.bezoya.es\/bebe-a-bordo\/blog-bab\/embarazada-estoy-muy-despistada\/#primaryimage\"},\"thumbnailUrl\":\"https:\/\/www.bezoya.es\/bebe-a-bordo\/wp-content\/uploads\/2014\/03\/48-Embarazada.jpg\",\"datePublished\":\"2014-03-04T09:00:18+00:00\",\"dateModified\":\"2024-04-23T20:16:43+00:00\",\"author\":{\"@id\":\"https:\/\/www.bezoya.es\/bebe-a-bordo\/#\/schema\/person\/27f580841a0710199ed73bb8262c9de1\"},\"description\":\"Despiste fisiol\u00f3gico del embarazo\",\"inLanguage\":\"es\",\"potentialAction\":[{\"@type\":\"ReadAction\",\"target\":[\"https:\/\/www.bezoya.es\/bebe-a-bordo\/blog-bab\/embarazada-estoy-muy-despistada\/\"]}]},{\"@type\":\"ImageObject\",\"inLanguage\":\"es\",\"@id\":\"https:\/\/www.bezoya.es\/bebe-a-bordo\/blog-bab\/embarazada-estoy-muy-despistada\/#primaryimage\",\"url\":\"https:\/\/www.bezoya.es\/bebe-a-bordo\/wp-content\/uploads\/2014\/03\/48-Embarazada.jpg\",\"contentUrl\":\"https:\/\/www.bezoya.es\/bebe-a-bordo\/wp-content\/uploads\/2014\/03\/48-Embarazada.jpg\",\"width\":800,\"height\":504},{\"@type\":\"WebSite\",\"@id\":\"https:\/\/www.bezoya.es\/bebe-a-bordo\/#website\",\"url\":\"https:\/\/www.bezoya.es\/bebe-a-bordo\/\",\"name\":\"Agua mineral natural Bezoya\",\"description\":\"El agua de mineralizaci\u00f3n muy d\u00e9bil\",\"potentialAction\":[{\"@type\":\"SearchAction\",\"target\":{\"@type\":\"EntryPoint\",\"urlTemplate\":\"https:\/\/www.bezoya.es\/bebe-a-bordo\/?s={search_term_string}\"},\"query-input\":{\"@type\":\"PropertyValueSpecification\",\"valueRequired\":true,\"valueName\":\"search_term_string\"}}],\"inLanguage\":\"es\"},{\"@type\":\"Person\",\"@id\":\"https:\/\/www.bezoya.es\/bebe-a-bordo\/#\/schema\/person\/27f580841a0710199ed73bb8262c9de1\",\"name\":\"Beb\u00e9 a Bordo\",\"image\":{\"@type\":\"ImageObject\",\"inLanguage\":\"es\",\"@id\":\"https:\/\/www.bezoya.es\/bebe-a-bordo\/#\/schema\/person\/image\/\",\"url\":\"https:\/\/secure.gravatar.com\/avatar\/0b0c609b63be1f5d579657e5afa8b15ebc59af1c9cca5c551ddcd2114a725785?s=96&d=mm&r=g\",\"contentUrl\":\"https:\/\/secure.gravatar.com\/avatar\/0b0c609b63be1f5d579657e5afa8b15ebc59af1c9cca5c551ddcd2114a725785?s=96&d=mm&r=g\",\"caption\":\"Beb\u00e9 a Bordo\"},\"description\":\"El baby coach de Bezoya que te acompa\u00f1a desde el embarazo, parto y postparto, hasta sus primeros pasos.\",\"url\":\"https:\/\/www.bezoya.es\/bebe-a-bordo\/author\/bebe-a-bordo\/\"}]}<\/script>\n<!-- \/ Yoast SEO plugin. -->","yoast_head_json":{"title":"Embarazada \u00a1Estoy muy despistada! - Agua mineral natural Bezoya","description":"Despiste fisiol\u00f3gico del embarazo","robots":{"index":"index","follow":"follow","max-snippet":"max-snippet:-1","max-image-preview":"max-image-preview:large","max-video-preview":"max-video-preview:-1"},"canonical":"https:\/\/www.bezoya.es\/bebe-a-bordo\/blog-bab\/embarazada-estoy-muy-despistada\/","og_locale":"es_ES","og_type":"article","og_title":"Embarazada \u00a1Estoy muy despistada! - Agua mineral natural Bezoya","og_description":"Despiste fisiol\u00f3gico del embarazo","og_url":"https:\/\/www.bezoya.es\/bebe-a-bordo\/blog-bab\/embarazada-estoy-muy-despistada\/","og_site_name":"Agua mineral natural Bezoya","article_published_time":"2014-03-04T09:00:18+00:00","article_modified_time":"2024-04-23T20:16:43+00:00","og_image":[{"width":800,"height":504,"url":"https:\/\/www.bezoya.es\/bebe-a-bordo\/wp-content\/uploads\/2014\/03\/48-Embarazada.jpg","type":"image\/jpeg"}],"author":"Beb\u00e9 a Bordo","twitter_card":"summary_large_image","twitter_misc":{"Escrito por":"Beb\u00e9 a Bordo","Tiempo de lectura":"2 minutos"},"schema":{"@context":"https:\/\/schema.org","@graph":[{"@type":"Article","@id":"https:\/\/www.bezoya.es\/bebe-a-bordo\/blog-bab\/embarazada-estoy-muy-despistada\/#article","isPartOf":{"@id":"https:\/\/www.bezoya.es\/bebe-a-bordo\/blog-bab\/embarazada-estoy-muy-despistada\/"},"author":{"name":"Beb\u00e9 a Bordo","@id":"https:\/\/www.bezoya.es\/bebe-a-bordo\/#\/schema\/person\/27f580841a0710199ed73bb8262c9de1"},"headline":"Embarazada \u00a1Estoy muy despistada!","datePublished":"2014-03-04T09:00:18+00:00","dateModified":"2024-04-23T20:16:43+00:00","mainEntityOfPage":{"@id":"https:\/\/www.bezoya.es\/bebe-a-bordo\/blog-bab\/embarazada-estoy-muy-despistada\/"},"wordCount":366,"commentCount":0,"image":{"@id":"https:\/\/www.bezoya.es\/bebe-a-bordo\/blog-bab\/embarazada-estoy-muy-despistada\/#primaryimage"},"thumbnailUrl":"https:\/\/www.bezoya.es\/bebe-a-bordo\/wp-content\/uploads\/2014\/03\/48-Embarazada.jpg","articleSection":["Blog Beb\u00e9 a Bordo"],"inLanguage":"es","potentialAction":[{"@type":"CommentAction","name":"Comment","target":["https:\/\/www.bezoya.es\/bebe-a-bordo\/blog-bab\/embarazada-estoy-muy-despistada\/#respond"]}]},{"@type":"WebPage","@id":"https:\/\/www.bezoya.es\/bebe-a-bordo\/blog-bab\/embarazada-estoy-muy-despistada\/","url":"https:\/\/www.bezoya.es\/bebe-a-bordo\/blog-bab\/embarazada-estoy-muy-despistada\/","name":"Embarazada \u00a1Estoy muy despistada! - Agua mineral natural Bezoya","isPartOf":{"@id":"https:\/\/www.bezoya.es\/bebe-a-bordo\/#website"},"primaryImageOfPage":{"@id":"https:\/\/www.bezoya.es\/bebe-a-bordo\/blog-bab\/embarazada-estoy-muy-despistada\/#primaryimage"},"image":{"@id":"https:\/\/www.bezoya.es\/bebe-a-bordo\/blog-bab\/embarazada-estoy-muy-despistada\/#primaryimage"},"thumbnailUrl":"https:\/\/www.bezoya.es\/bebe-a-bordo\/wp-content\/uploads\/2014\/03\/48-Embarazada.jpg","datePublished":"2014-03-04T09:00:18+00:00","dateModified":"2024-04-23T20:16:43+00:00","author":{"@id":"https:\/\/www.bezoya.es\/bebe-a-bordo\/#\/schema\/person\/27f580841a0710199ed73bb8262c9de1"},"description":"Despiste fisiol\u00f3gico del embarazo","inLanguage":"es","potentialAction":[{"@type":"ReadAction","target":["https:\/\/www.bezoya.es\/bebe-a-bordo\/blog-bab\/embarazada-estoy-muy-despistada\/"]}]},{"@type":"ImageObject","inLanguage":"es","@id":"https:\/\/www.bezoya.es\/bebe-a-bordo\/blog-bab\/embarazada-estoy-muy-despistada\/#primaryimage","url":"https:\/\/www.bezoya.es\/bebe-a-bordo\/wp-content\/uploads\/2014\/03\/48-Embarazada.jpg","contentUrl":"https:\/\/www.bezoya.es\/bebe-a-bordo\/wp-content\/uploads\/2014\/03\/48-Embarazada.jpg","width":800,"height":504},{"@type":"WebSite","@id":"https:\/\/www.bezoya.es\/bebe-a-bordo\/#website","url":"https:\/\/www.bezoya.es\/bebe-a-bordo\/","name":"Agua mineral natural Bezoya","description":"El agua de mineralizaci\u00f3n muy d\u00e9bil","potentialAction":[{"@type":"SearchAction","target":{"@type":"EntryPoint","urlTemplate":"https:\/\/www.bezoya.es\/bebe-a-bordo\/?s={search_term_string}"},"query-input":{"@type":"PropertyValueSpecification","valueRequired":true,"valueName":"search_term_string"}}],"inLanguage":"es"},{"@type":"Person","@id":"https:\/\/www.bezoya.es\/bebe-a-bordo\/#\/schema\/person\/27f580841a0710199ed73bb8262c9de1","name":"Beb\u00e9 a Bordo","image":{"@type":"ImageObject","inLanguage":"es","@id":"https:\/\/www.bezoya.es\/bebe-a-bordo\/#\/schema\/person\/image\/","url":"https:\/\/secure.gravatar.com\/avatar\/0b0c609b63be1f5d579657e5afa8b15ebc59af1c9cca5c551ddcd2114a725785?s=96&d=mm&r=g","contentUrl":"https:\/\/secure.gravatar.com\/avatar\/0b0c609b63be1f5d579657e5afa8b15ebc59af1c9cca5c551ddcd2114a725785?s=96&d=mm&r=g","caption":"Beb\u00e9 a Bordo"},"description":"El baby coach de Bezoya que te acompa\u00f1a desde el embarazo, parto y postparto, hasta sus primeros pasos.","url":"https:\/\/www.bezoya.es\/bebe-a-bordo\/author\/bebe-a-bordo\/"}]}},"views":2103,"_links":{"self":[{"href":"https:\/\/www.bezoya.es\/bebe-a-bordo\/wp-json\/wp\/v2\/posts\/1165","targetHints":{"allow":["GET"]}}],"collection":[{"href":"https:\/\/www.bezoya.es\/bebe-a-bordo\/wp-json\/wp\/v2\/posts"}],"about":[{"href":"https:\/\/www.bezoya.es\/bebe-a-bordo\/wp-json\/wp\/v2\/types\/post"}],"author":[{"embeddable":true,"href":"https:\/\/www.bezoya.es\/bebe-a-bordo\/wp-json\/wp\/v2\/users\/119"}],"replies":[{"embeddable":true,"href":"https:\/\/www.bezoya.es\/bebe-a-bordo\/wp-json\/wp\/v2\/comments?post=1165"}],"version-history":[{"count":2,"href":"https:\/\/www.bezoya.es\/bebe-a-bordo\/wp-json\/wp\/v2\/posts\/1165\/revisions"}],"predecessor-version":[{"id":18630,"href":"https:\/\/www.bezoya.es\/bebe-a-bordo\/wp-json\/wp\/v2\/posts\/1165\/revisions\/18630"}],"wp:featuredmedia":[{"embeddable":true,"href":"https:\/\/www.bezoya.es\/bebe-a-bordo\/wp-json\/wp\/v2\/media\/6383"}],"wp:attachment":[{"href":"https:\/\/www.bezoya.es\/bebe-a-bordo\/wp-json\/wp\/v2\/media?parent=1165"}],"wp:term":[{"taxonomy":"category","embeddable":true,"href":"https:\/\/www.bezoya.es\/bebe-a-bordo\/wp-json\/wp\/v2\/categories?post=1165"},{"taxonomy":"post_tag","embeddable":true,"href":"https:\/\/www.bezoya.es\/bebe-a-bordo\/wp-json\/wp\/v2\/tags?post=1165"},{"taxonomy":"categoriabab","embeddable":true,"href":"https:\/\/www.bezoya.es\/bebe-a-bordo\/wp-json\/wp\/v2\/categoriabab?post=1165"},{"taxonomy":"palabra_clave","embeddable":true,"href":"https:\/\/www.bezoya.es\/bebe-a-bordo\/wp-json\/wp\/v2\/palabra_clave?post=1165"}],"curies":[{"name":"wp","href":"https:\/\/api.w.org\/{rel}","templated":true}]}}