{"id":1157,"date":"2014-01-14T10:30:40","date_gmt":"2014-01-14T08:30:40","guid":{"rendered":"http:\/\/bezoya.dev\/por-que-llora-mi-bebe\/"},"modified":"2024-04-23T22:20:17","modified_gmt":"2024-04-23T20:20:17","slug":"por-que-llora-mi-bebe","status":"publish","type":"post","link":"https:\/\/www.bezoya.es\/bebe-a-bordo\/blog-bab\/por-que-llora-mi-bebe\/","title":{"rendered":"\u00bfPor qu\u00e9 llora mi beb\u00e9?"},"content":{"rendered":"<p style=\"text-align: justify;\">Esta puede ser, quiz\u00e1, la pregunta m\u00e1s frecuente que los padres suelen hacerse con un beb\u00e9 reci\u00e9n nacido en los brazos.<\/p>\n<p style=\"text-align: justify;\">Suele generarse tambi\u00e9n, sobre todo en las madres, una sensaci\u00f3n de frustraci\u00f3n cuando no se sienten \u201ccapaces\u201d de calmar al peque\u00f1o. Y, en estos momentos, se requieren soluciones inmediatas y respuestas razonables a lo que le puede estar pasando.<\/p>\n<p style=\"text-align: justify;\"><b><\/b><b>Vamos a intentar comprender\u2026<\/b><\/p>\n<p style=\"text-align: justify;\">El beb\u00e9 en el interior del cuerpo de su mam\u00e1 ten\u00eda todas sus necesidades cubiertas. Calentito, c\u00f3modo, en movimiento por la respiraci\u00f3n de su mam\u00e1, con comida y bebida siempre disponible\u2026 En fin, un lujo.<\/p>\n<p style=\"text-align: justify;\">Entonces, nace, y tiene que adaptarse. Este proceso lleva un tiempo. \u00a0Ahora no est\u00e1 todo disponible al momento, y la \u00fanica herramienta que tiene el beb\u00e9 para decir que algo le est\u00e1 ocurriendo es a trav\u00e9s de sus sonidos, primero, y del llanto, despu\u00e9s.<\/p>\n<p style=\"text-align: justify;\">\u00a0<b>\u00bfQu\u00e9 le puede ocurrir?<\/b><\/p>\n<ul style=\"text-align: justify;\">\n<li>Si el beb\u00e9 est\u00e1 hambriento, atendedle ante los primeros ruiditos y signos de hambre. Lo importante ser\u00eda que el llanto, como tal, no apareciera para que el beb\u00e9 no llegara a ese estado \u201cdesesperado\u201d, porque nadie come enfadado y tendr\u00edais que emplear un tiempo para calmar al beb\u00e9 antes de ofrecerle el pecho.<\/li>\n<li>Hay beb\u00e9s que no sienten molestia con el pa\u00f1al lleno de pipi o con caquitas. Pero otros, son m\u00e1s sensibles en este aspecto.<\/li>\n<li>Puede ocurrir que el d\u00eda haya sido muy estimulante para el beb\u00e9 y lo que est\u00e9 buscando es estar en brazos para calmarse. Se ir\u00e1 acostumbrando a que su mam\u00e1 y pap\u00e1 lo atiendan cuando est\u00e9 llorando, ya que a\u00fan es muy peque\u00f1o, no hay nada malo en ello.<\/li>\n<\/ul>\n<p style=\"text-align: justify;\">Poco a poco os ir\u00e9is conociendo, ir\u00e1s aprendiendo a identificar los signos de tu beb\u00e9,\u00a0 a saber adelantarte a sus necesidades, y finalmente, la respuesta a qu\u00e9 le pasa a tu beb\u00e9 la tendr\u00e1s tu misma, aunque haya momentos en los que no sepas verbalizarla. Y cuando esto ocurra, no te equivocar\u00e1s nunca si acunas, acompa\u00f1as y contienes a tu beb\u00e9.<\/p>\n","protected":false},"excerpt":{"rendered":"<p>Esta puede ser, quiz\u00e1, la pregunta m\u00e1s frecuente que los padres suelen hacerse con un beb\u00e9 reci\u00e9n nacido en los brazos. Suele generarse tambi\u00e9n, sobre todo en las madres, una sensaci\u00f3n de frustraci\u00f3n cuando no se sienten \u201ccapaces\u201d de calmar al peque\u00f1o. Y, en estos momentos, se requieren soluciones inmediatas y respuestas razonables a lo que le puede estar pasando. Vamos a intentar comprender\u2026 El beb\u00e9 en el interior del cuerpo de su mam\u00e1 ten\u00eda todas sus necesidades cubiertas. Calentito, c\u00f3modo, en movimiento por la respiraci\u00f3n de su mam\u00e1, con comida y bebida siempre disponible\u2026 En fin, un lujo. Entonces, &#8230;<\/p>\n","protected":false},"author":119,"featured_media":6393,"comment_status":"open","ping_status":"open","sticky":false,"template":"","format":"standard","meta":{"_acf_changed":false,"inline_featured_image":false,"footnotes":""},"categories":[7],"tags":[],"categoriabab":[675],"palabra_clave":[],"class_list":["post-1157","post","type-post","status-publish","format-standard","has-post-thumbnail","hentry","category-blog-bab","categoriabab-crianza-hasta-los-2-anos"],"acf":[],"yoast_head":"<!-- This site is optimized with the Yoast SEO plugin v27.1.1 - https:\/\/yoast.com\/product\/yoast-seo-wordpress\/ -->\n<title>\u00bfPor qu\u00e9 llora mi beb\u00e9? - Agua mineral natural Bezoya<\/title>\n<meta name=\"description\" content=\"Un beb\u00e9 puede que llore porque tiene hambre, sue\u00f1o o para que le hagan caso.\" \/>\n<meta name=\"robots\" content=\"index, follow, max-snippet:-1, max-image-preview:large, max-video-preview:-1\" \/>\n<link rel=\"canonical\" href=\"https:\/\/www.bezoya.es\/bebe-a-bordo\/blog-bab\/por-que-llora-mi-bebe\/\" \/>\n<meta property=\"og:locale\" content=\"es_ES\" \/>\n<meta property=\"og:type\" content=\"article\" \/>\n<meta property=\"og:title\" content=\"\u00bfPor qu\u00e9 llora mi beb\u00e9? - Agua mineral natural Bezoya\" \/>\n<meta property=\"og:description\" content=\"Un beb\u00e9 puede que llore porque tiene hambre, sue\u00f1o o para que le hagan caso.\" \/>\n<meta property=\"og:url\" content=\"https:\/\/www.bezoya.es\/bebe-a-bordo\/blog-bab\/por-que-llora-mi-bebe\/\" \/>\n<meta property=\"og:site_name\" content=\"Agua mineral natural Bezoya\" \/>\n<meta property=\"article:published_time\" content=\"2014-01-14T08:30:40+00:00\" \/>\n<meta property=\"article:modified_time\" content=\"2024-04-23T20:20:17+00:00\" \/>\n<meta property=\"og:image\" content=\"https:\/\/www.bezoya.es\/bebe-a-bordo\/wp-content\/uploads\/2014\/01\/Post-porque-llora-mi-bebe.jpg\" \/>\n\t<meta property=\"og:image:width\" content=\"600\" \/>\n\t<meta property=\"og:image:height\" content=\"389\" \/>\n\t<meta property=\"og:image:type\" content=\"image\/jpeg\" \/>\n<meta name=\"author\" content=\"Beb\u00e9 a Bordo\" \/>\n<meta name=\"twitter:card\" content=\"summary_large_image\" \/>\n<meta name=\"twitter:label1\" content=\"Escrito por\" \/>\n\t<meta name=\"twitter:data1\" content=\"Beb\u00e9 a Bordo\" \/>\n\t<meta name=\"twitter:label2\" content=\"Tiempo de lectura\" \/>\n\t<meta name=\"twitter:data2\" content=\"2 minutos\" \/>\n<script type=\"application\/ld+json\" class=\"yoast-schema-graph\">{\"@context\":\"https:\/\/schema.org\",\"@graph\":[{\"@type\":\"Article\",\"@id\":\"https:\/\/www.bezoya.es\/bebe-a-bordo\/blog-bab\/por-que-llora-mi-bebe\/#article\",\"isPartOf\":{\"@id\":\"https:\/\/www.bezoya.es\/bebe-a-bordo\/blog-bab\/por-que-llora-mi-bebe\/\"},\"author\":{\"name\":\"Beb\u00e9 a Bordo\",\"@id\":\"https:\/\/www.bezoya.es\/bebe-a-bordo\/#\/schema\/person\/27f580841a0710199ed73bb8262c9de1\"},\"headline\":\"\u00bfPor qu\u00e9 llora mi beb\u00e9?\",\"datePublished\":\"2014-01-14T08:30:40+00:00\",\"dateModified\":\"2024-04-23T20:20:17+00:00\",\"mainEntityOfPage\":{\"@id\":\"https:\/\/www.bezoya.es\/bebe-a-bordo\/blog-bab\/por-que-llora-mi-bebe\/\"},\"wordCount\":362,\"commentCount\":0,\"image\":{\"@id\":\"https:\/\/www.bezoya.es\/bebe-a-bordo\/blog-bab\/por-que-llora-mi-bebe\/#primaryimage\"},\"thumbnailUrl\":\"https:\/\/www.bezoya.es\/bebe-a-bordo\/wp-content\/uploads\/2014\/01\/Post-porque-llora-mi-bebe.jpg\",\"articleSection\":[\"Blog Beb\u00e9 a Bordo\"],\"inLanguage\":\"es\",\"potentialAction\":[{\"@type\":\"CommentAction\",\"name\":\"Comment\",\"target\":[\"https:\/\/www.bezoya.es\/bebe-a-bordo\/blog-bab\/por-que-llora-mi-bebe\/#respond\"]}]},{\"@type\":\"WebPage\",\"@id\":\"https:\/\/www.bezoya.es\/bebe-a-bordo\/blog-bab\/por-que-llora-mi-bebe\/\",\"url\":\"https:\/\/www.bezoya.es\/bebe-a-bordo\/blog-bab\/por-que-llora-mi-bebe\/\",\"name\":\"\u00bfPor qu\u00e9 llora mi beb\u00e9? - Agua mineral natural Bezoya\",\"isPartOf\":{\"@id\":\"https:\/\/www.bezoya.es\/bebe-a-bordo\/#website\"},\"primaryImageOfPage\":{\"@id\":\"https:\/\/www.bezoya.es\/bebe-a-bordo\/blog-bab\/por-que-llora-mi-bebe\/#primaryimage\"},\"image\":{\"@id\":\"https:\/\/www.bezoya.es\/bebe-a-bordo\/blog-bab\/por-que-llora-mi-bebe\/#primaryimage\"},\"thumbnailUrl\":\"https:\/\/www.bezoya.es\/bebe-a-bordo\/wp-content\/uploads\/2014\/01\/Post-porque-llora-mi-bebe.jpg\",\"datePublished\":\"2014-01-14T08:30:40+00:00\",\"dateModified\":\"2024-04-23T20:20:17+00:00\",\"author\":{\"@id\":\"https:\/\/www.bezoya.es\/bebe-a-bordo\/#\/schema\/person\/27f580841a0710199ed73bb8262c9de1\"},\"description\":\"Un beb\u00e9 puede que llore porque tiene hambre, sue\u00f1o o para que le hagan caso.\",\"inLanguage\":\"es\",\"potentialAction\":[{\"@type\":\"ReadAction\",\"target\":[\"https:\/\/www.bezoya.es\/bebe-a-bordo\/blog-bab\/por-que-llora-mi-bebe\/\"]}]},{\"@type\":\"ImageObject\",\"inLanguage\":\"es\",\"@id\":\"https:\/\/www.bezoya.es\/bebe-a-bordo\/blog-bab\/por-que-llora-mi-bebe\/#primaryimage\",\"url\":\"https:\/\/www.bezoya.es\/bebe-a-bordo\/wp-content\/uploads\/2014\/01\/Post-porque-llora-mi-bebe.jpg\",\"contentUrl\":\"https:\/\/www.bezoya.es\/bebe-a-bordo\/wp-content\/uploads\/2014\/01\/Post-porque-llora-mi-bebe.jpg\",\"width\":600,\"height\":389},{\"@type\":\"WebSite\",\"@id\":\"https:\/\/www.bezoya.es\/bebe-a-bordo\/#website\",\"url\":\"https:\/\/www.bezoya.es\/bebe-a-bordo\/\",\"name\":\"Agua mineral natural Bezoya\",\"description\":\"El agua de mineralizaci\u00f3n muy d\u00e9bil\",\"potentialAction\":[{\"@type\":\"SearchAction\",\"target\":{\"@type\":\"EntryPoint\",\"urlTemplate\":\"https:\/\/www.bezoya.es\/bebe-a-bordo\/?s={search_term_string}\"},\"query-input\":{\"@type\":\"PropertyValueSpecification\",\"valueRequired\":true,\"valueName\":\"search_term_string\"}}],\"inLanguage\":\"es\"},{\"@type\":\"Person\",\"@id\":\"https:\/\/www.bezoya.es\/bebe-a-bordo\/#\/schema\/person\/27f580841a0710199ed73bb8262c9de1\",\"name\":\"Beb\u00e9 a Bordo\",\"image\":{\"@type\":\"ImageObject\",\"inLanguage\":\"es\",\"@id\":\"https:\/\/www.bezoya.es\/bebe-a-bordo\/#\/schema\/person\/image\/\",\"url\":\"https:\/\/secure.gravatar.com\/avatar\/0b0c609b63be1f5d579657e5afa8b15ebc59af1c9cca5c551ddcd2114a725785?s=96&d=mm&r=g\",\"contentUrl\":\"https:\/\/secure.gravatar.com\/avatar\/0b0c609b63be1f5d579657e5afa8b15ebc59af1c9cca5c551ddcd2114a725785?s=96&d=mm&r=g\",\"caption\":\"Beb\u00e9 a Bordo\"},\"description\":\"El baby coach de Bezoya que te acompa\u00f1a desde el embarazo, parto y postparto, hasta sus primeros pasos.\",\"url\":\"https:\/\/www.bezoya.es\/bebe-a-bordo\/author\/bebe-a-bordo\/\"}]}<\/script>\n<!-- \/ Yoast SEO plugin. -->","yoast_head_json":{"title":"\u00bfPor qu\u00e9 llora mi beb\u00e9? - Agua mineral natural Bezoya","description":"Un beb\u00e9 puede que llore porque tiene hambre, sue\u00f1o o para que le hagan caso.","robots":{"index":"index","follow":"follow","max-snippet":"max-snippet:-1","max-image-preview":"max-image-preview:large","max-video-preview":"max-video-preview:-1"},"canonical":"https:\/\/www.bezoya.es\/bebe-a-bordo\/blog-bab\/por-que-llora-mi-bebe\/","og_locale":"es_ES","og_type":"article","og_title":"\u00bfPor qu\u00e9 llora mi beb\u00e9? - Agua mineral natural Bezoya","og_description":"Un beb\u00e9 puede que llore porque tiene hambre, sue\u00f1o o para que le hagan caso.","og_url":"https:\/\/www.bezoya.es\/bebe-a-bordo\/blog-bab\/por-que-llora-mi-bebe\/","og_site_name":"Agua mineral natural Bezoya","article_published_time":"2014-01-14T08:30:40+00:00","article_modified_time":"2024-04-23T20:20:17+00:00","og_image":[{"width":600,"height":389,"url":"https:\/\/www.bezoya.es\/bebe-a-bordo\/wp-content\/uploads\/2014\/01\/Post-porque-llora-mi-bebe.jpg","type":"image\/jpeg"}],"author":"Beb\u00e9 a Bordo","twitter_card":"summary_large_image","twitter_misc":{"Escrito por":"Beb\u00e9 a Bordo","Tiempo de lectura":"2 minutos"},"schema":{"@context":"https:\/\/schema.org","@graph":[{"@type":"Article","@id":"https:\/\/www.bezoya.es\/bebe-a-bordo\/blog-bab\/por-que-llora-mi-bebe\/#article","isPartOf":{"@id":"https:\/\/www.bezoya.es\/bebe-a-bordo\/blog-bab\/por-que-llora-mi-bebe\/"},"author":{"name":"Beb\u00e9 a Bordo","@id":"https:\/\/www.bezoya.es\/bebe-a-bordo\/#\/schema\/person\/27f580841a0710199ed73bb8262c9de1"},"headline":"\u00bfPor qu\u00e9 llora mi beb\u00e9?","datePublished":"2014-01-14T08:30:40+00:00","dateModified":"2024-04-23T20:20:17+00:00","mainEntityOfPage":{"@id":"https:\/\/www.bezoya.es\/bebe-a-bordo\/blog-bab\/por-que-llora-mi-bebe\/"},"wordCount":362,"commentCount":0,"image":{"@id":"https:\/\/www.bezoya.es\/bebe-a-bordo\/blog-bab\/por-que-llora-mi-bebe\/#primaryimage"},"thumbnailUrl":"https:\/\/www.bezoya.es\/bebe-a-bordo\/wp-content\/uploads\/2014\/01\/Post-porque-llora-mi-bebe.jpg","articleSection":["Blog Beb\u00e9 a Bordo"],"inLanguage":"es","potentialAction":[{"@type":"CommentAction","name":"Comment","target":["https:\/\/www.bezoya.es\/bebe-a-bordo\/blog-bab\/por-que-llora-mi-bebe\/#respond"]}]},{"@type":"WebPage","@id":"https:\/\/www.bezoya.es\/bebe-a-bordo\/blog-bab\/por-que-llora-mi-bebe\/","url":"https:\/\/www.bezoya.es\/bebe-a-bordo\/blog-bab\/por-que-llora-mi-bebe\/","name":"\u00bfPor qu\u00e9 llora mi beb\u00e9? - Agua mineral natural Bezoya","isPartOf":{"@id":"https:\/\/www.bezoya.es\/bebe-a-bordo\/#website"},"primaryImageOfPage":{"@id":"https:\/\/www.bezoya.es\/bebe-a-bordo\/blog-bab\/por-que-llora-mi-bebe\/#primaryimage"},"image":{"@id":"https:\/\/www.bezoya.es\/bebe-a-bordo\/blog-bab\/por-que-llora-mi-bebe\/#primaryimage"},"thumbnailUrl":"https:\/\/www.bezoya.es\/bebe-a-bordo\/wp-content\/uploads\/2014\/01\/Post-porque-llora-mi-bebe.jpg","datePublished":"2014-01-14T08:30:40+00:00","dateModified":"2024-04-23T20:20:17+00:00","author":{"@id":"https:\/\/www.bezoya.es\/bebe-a-bordo\/#\/schema\/person\/27f580841a0710199ed73bb8262c9de1"},"description":"Un beb\u00e9 puede que llore porque tiene hambre, sue\u00f1o o para que le hagan caso.","inLanguage":"es","potentialAction":[{"@type":"ReadAction","target":["https:\/\/www.bezoya.es\/bebe-a-bordo\/blog-bab\/por-que-llora-mi-bebe\/"]}]},{"@type":"ImageObject","inLanguage":"es","@id":"https:\/\/www.bezoya.es\/bebe-a-bordo\/blog-bab\/por-que-llora-mi-bebe\/#primaryimage","url":"https:\/\/www.bezoya.es\/bebe-a-bordo\/wp-content\/uploads\/2014\/01\/Post-porque-llora-mi-bebe.jpg","contentUrl":"https:\/\/www.bezoya.es\/bebe-a-bordo\/wp-content\/uploads\/2014\/01\/Post-porque-llora-mi-bebe.jpg","width":600,"height":389},{"@type":"WebSite","@id":"https:\/\/www.bezoya.es\/bebe-a-bordo\/#website","url":"https:\/\/www.bezoya.es\/bebe-a-bordo\/","name":"Agua mineral natural Bezoya","description":"El agua de mineralizaci\u00f3n muy d\u00e9bil","potentialAction":[{"@type":"SearchAction","target":{"@type":"EntryPoint","urlTemplate":"https:\/\/www.bezoya.es\/bebe-a-bordo\/?s={search_term_string}"},"query-input":{"@type":"PropertyValueSpecification","valueRequired":true,"valueName":"search_term_string"}}],"inLanguage":"es"},{"@type":"Person","@id":"https:\/\/www.bezoya.es\/bebe-a-bordo\/#\/schema\/person\/27f580841a0710199ed73bb8262c9de1","name":"Beb\u00e9 a Bordo","image":{"@type":"ImageObject","inLanguage":"es","@id":"https:\/\/www.bezoya.es\/bebe-a-bordo\/#\/schema\/person\/image\/","url":"https:\/\/secure.gravatar.com\/avatar\/0b0c609b63be1f5d579657e5afa8b15ebc59af1c9cca5c551ddcd2114a725785?s=96&d=mm&r=g","contentUrl":"https:\/\/secure.gravatar.com\/avatar\/0b0c609b63be1f5d579657e5afa8b15ebc59af1c9cca5c551ddcd2114a725785?s=96&d=mm&r=g","caption":"Beb\u00e9 a Bordo"},"description":"El baby coach de Bezoya que te acompa\u00f1a desde el embarazo, parto y postparto, hasta sus primeros pasos.","url":"https:\/\/www.bezoya.es\/bebe-a-bordo\/author\/bebe-a-bordo\/"}]}},"views":1518,"_links":{"self":[{"href":"https:\/\/www.bezoya.es\/bebe-a-bordo\/wp-json\/wp\/v2\/posts\/1157","targetHints":{"allow":["GET"]}}],"collection":[{"href":"https:\/\/www.bezoya.es\/bebe-a-bordo\/wp-json\/wp\/v2\/posts"}],"about":[{"href":"https:\/\/www.bezoya.es\/bebe-a-bordo\/wp-json\/wp\/v2\/types\/post"}],"author":[{"embeddable":true,"href":"https:\/\/www.bezoya.es\/bebe-a-bordo\/wp-json\/wp\/v2\/users\/119"}],"replies":[{"embeddable":true,"href":"https:\/\/www.bezoya.es\/bebe-a-bordo\/wp-json\/wp\/v2\/comments?post=1157"}],"version-history":[{"count":2,"href":"https:\/\/www.bezoya.es\/bebe-a-bordo\/wp-json\/wp\/v2\/posts\/1157\/revisions"}],"predecessor-version":[{"id":18621,"href":"https:\/\/www.bezoya.es\/bebe-a-bordo\/wp-json\/wp\/v2\/posts\/1157\/revisions\/18621"}],"wp:featuredmedia":[{"embeddable":true,"href":"https:\/\/www.bezoya.es\/bebe-a-bordo\/wp-json\/wp\/v2\/media\/6393"}],"wp:attachment":[{"href":"https:\/\/www.bezoya.es\/bebe-a-bordo\/wp-json\/wp\/v2\/media?parent=1157"}],"wp:term":[{"taxonomy":"category","embeddable":true,"href":"https:\/\/www.bezoya.es\/bebe-a-bordo\/wp-json\/wp\/v2\/categories?post=1157"},{"taxonomy":"post_tag","embeddable":true,"href":"https:\/\/www.bezoya.es\/bebe-a-bordo\/wp-json\/wp\/v2\/tags?post=1157"},{"taxonomy":"categoriabab","embeddable":true,"href":"https:\/\/www.bezoya.es\/bebe-a-bordo\/wp-json\/wp\/v2\/categoriabab?post=1157"},{"taxonomy":"palabra_clave","embeddable":true,"href":"https:\/\/www.bezoya.es\/bebe-a-bordo\/wp-json\/wp\/v2\/palabra_clave?post=1157"}],"curies":[{"name":"wp","href":"https:\/\/api.w.org\/{rel}","templated":true}]}}