{"id":1155,"date":"2013-12-31T11:00:59","date_gmt":"2013-12-31T09:00:59","guid":{"rendered":"http:\/\/bezoya.dev\/las-unitas-del-bebe-cuando-las-corto\/"},"modified":"2024-04-30T15:18:43","modified_gmt":"2024-04-30T13:18:43","slug":"las-unitas-del-bebe-cuando-las-corto","status":"publish","type":"post","link":"https:\/\/www.bezoya.es\/bebe-a-bordo\/blog-bab\/las-unitas-del-bebe-cuando-las-corto\/","title":{"rendered":"Las u\u00f1itas del beb\u00e9 \u00bfc\u00f3mo y cu\u00e1ndo las corto?"},"content":{"rendered":"<p style=\"text-align: justify;\">Nuestro beb\u00e9 ya est\u00e1 con nosotros despu\u00e9s de una larga espera. Su cuerpo es tierno, su piel suave y tersa. Es sedante mirarle mientras duerme, se entra en un estado de trance indescriptible\u2026 Y empieza a moverse, a llevar sus manitas a la cara y\u2026 \u00a1Ay! Vemos que se ha ara\u00f1ado la carita con sus diminutas u\u00f1as.<\/p>\n<p style=\"text-align: justify;\">Cuando miramos las manos de un reci\u00e9n nacido, nos suele sorprender la longitud de sus u\u00f1as. Las u\u00f1itas de los beb\u00e9s, al nacer, son muy delgadas y transparentes y tienden a curvarse en el extremo, de forma que se pegan ligeramente a la piel de su dedito.<\/p>\n<p><b>\u00bfC\u00f3mo hacerlo si decido cortar las u\u00f1as?<\/b><\/p>\n<p style=\"text-align: justify;\">Si se toma la decisi\u00f3n de cortar las u\u00f1as al beb\u00e9, ser\u00eda conveniente tomar una serie de precauciones debido a la fragilidad de las mismas:<\/p>\n<ul>\n<li style=\"text-align: justify;\">Real\u00edzalo en un ambiente en el que tengas suficiente luz y puedas ver con facilidad sus delicados dedos.<\/li>\n<li style=\"text-align: justify;\">Te resultar\u00e1 m\u00e1s sencillo hacerlo cuando el beb\u00e9 est\u00e9 dormidito, porque no se mover\u00e1n tanto sus manitas.<\/li>\n<li style=\"text-align: justify;\">Otra opci\u00f3n puede ser llevarlo a cabo tras un ba\u00f1o relajante. Por un lado, el beb\u00e9 estar\u00e1 m\u00e1s tranquilo y, por otro, las u\u00f1itas se encontrar\u00e1n m\u00e1s blandas.<\/li>\n<li style=\"text-align: justify;\">Utiliza utensilios espec\u00edficos para cortar u\u00f1as de reci\u00e9n nacidos. Se pueden utilizar unas tijeras de borde redondo o\u00a0 corta u\u00f1as espec\u00edficamente dise\u00f1ados para este fin.<\/li>\n<\/ul>\n<p><b>\u00bfPuedo no cortar las u\u00f1as?<\/b><\/p>\n<p style=\"text-align: justify;\">Muchos padres deciden no cortar las u\u00f1as. En realidad al ser estas u\u00f1as tan finas y transparentes, se acaban desprendiendo solitas en su extremo distal en las primeras semanas.<\/p>\n<p><b>\u00bfY si le pongo guantes?<\/b><\/p>\n<p style=\"text-align: justify;\">Efectivamente, los guantes evitar\u00e1n que el beb\u00e9 se ara\u00f1e la carita. Pueden ser una buena opci\u00f3n mientras est\u00e1n dormiditos, pero a la hora de realizar su toma, ser\u00eda conveniente que tuviera sus manitas libres para que puedan colocarse ellos de forma aut\u00f3noma.<\/p>\n<p style=\"text-align: justify;\">Es importante que cada pareja pod\u00e1is elegir aquella opci\u00f3n que sea m\u00e1s af\u00edn a vosotros.<\/p>\n<p style=\"text-align: justify;\">\u00a1Ah! Los beb\u00e9s est\u00e1n en continuo crecimiento y sus u\u00f1itas tambi\u00e9n. \u00a0Habr\u00e1 mucho tiempo para practicar\u2026 \u00a1Haz de esta rutina un h\u00e1bito agradable para tu peque\u00f1o!<\/p>\n","protected":false},"excerpt":{"rendered":"<p>Nuestro beb\u00e9 ya est\u00e1 con nosotros despu\u00e9s de una larga espera. Su cuerpo es tierno, su piel suave y tersa. Es sedante mirarle mientras duerme, se entra en un estado de trance indescriptible\u2026 Y empieza a moverse, a llevar sus manitas a la cara y\u2026 \u00a1Ay! Vemos que se ha ara\u00f1ado la carita con sus diminutas u\u00f1as. Cuando miramos las manos de un reci\u00e9n nacido, nos suele sorprender la longitud de sus u\u00f1as. Las u\u00f1itas de los beb\u00e9s, al nacer, son muy delgadas y transparentes y tienden a curvarse en el extremo, de forma que se pegan ligeramente a la &#8230;<\/p>\n","protected":false},"author":119,"featured_media":6395,"comment_status":"open","ping_status":"open","sticky":false,"template":"","format":"standard","meta":{"_acf_changed":false,"inline_featured_image":false,"footnotes":""},"categories":[7],"tags":[],"categoriabab":[675],"palabra_clave":[1051],"class_list":["post-1155","post","type-post","status-publish","format-standard","has-post-thumbnail","hentry","category-blog-bab","categoriabab-crianza-hasta-los-2-anos"],"acf":[],"yoast_head":"<!-- This site is optimized with the Yoast SEO plugin v27.1.1 - https:\/\/yoast.com\/product\/yoast-seo-wordpress\/ -->\n<title>Las u\u00f1as del beb\u00e9: c\u00f3mo y cu\u00e1ndo cortarlas<\/title>\n<meta name=\"description\" content=\"Te contamos todos los trucos para cortarle las u\u00f1as a un reci\u00e9n nacido, con qu\u00e9 utensilios y cu\u00e1ndo es el mejor momento para hacerlo\" \/>\n<meta name=\"robots\" content=\"index, follow, max-snippet:-1, max-image-preview:large, max-video-preview:-1\" \/>\n<link rel=\"canonical\" href=\"https:\/\/www.bezoya.es\/bebe-a-bordo\/blog-bab\/las-unitas-del-bebe-cuando-las-corto\/\" \/>\n<meta property=\"og:locale\" content=\"es_ES\" \/>\n<meta property=\"og:type\" content=\"article\" \/>\n<meta property=\"og:title\" content=\"Las u\u00f1as del beb\u00e9: c\u00f3mo y cu\u00e1ndo cortarlas\" \/>\n<meta property=\"og:description\" content=\"Te contamos todos los trucos para cortarle las u\u00f1as a un reci\u00e9n nacido, con qu\u00e9 utensilios y cu\u00e1ndo es el mejor momento para hacerlo\" \/>\n<meta property=\"og:url\" content=\"https:\/\/www.bezoya.es\/bebe-a-bordo\/blog-bab\/las-unitas-del-bebe-cuando-las-corto\/\" \/>\n<meta property=\"og:site_name\" content=\"Agua mineral natural Bezoya\" \/>\n<meta property=\"article:published_time\" content=\"2013-12-31T09:00:59+00:00\" \/>\n<meta property=\"article:modified_time\" content=\"2024-04-30T13:18:43+00:00\" \/>\n<meta property=\"og:image\" content=\"https:\/\/www.bezoya.es\/bebe-a-bordo\/wp-content\/uploads\/2013\/12\/16-Unas.jpg\" \/>\n\t<meta property=\"og:image:width\" content=\"800\" \/>\n\t<meta property=\"og:image:height\" content=\"800\" \/>\n\t<meta property=\"og:image:type\" content=\"image\/jpeg\" \/>\n<meta name=\"author\" content=\"Beb\u00e9 a Bordo\" \/>\n<meta name=\"twitter:card\" content=\"summary_large_image\" \/>\n<meta name=\"twitter:label1\" content=\"Escrito por\" \/>\n\t<meta name=\"twitter:data1\" content=\"Beb\u00e9 a Bordo\" \/>\n\t<meta name=\"twitter:label2\" content=\"Tiempo de lectura\" \/>\n\t<meta name=\"twitter:data2\" content=\"2 minutos\" \/>\n<script type=\"application\/ld+json\" class=\"yoast-schema-graph\">{\"@context\":\"https:\/\/schema.org\",\"@graph\":[{\"@type\":\"Article\",\"@id\":\"https:\/\/www.bezoya.es\/bebe-a-bordo\/blog-bab\/las-unitas-del-bebe-cuando-las-corto\/#article\",\"isPartOf\":{\"@id\":\"https:\/\/www.bezoya.es\/bebe-a-bordo\/blog-bab\/las-unitas-del-bebe-cuando-las-corto\/\"},\"author\":{\"name\":\"Beb\u00e9 a Bordo\",\"@id\":\"https:\/\/www.bezoya.es\/bebe-a-bordo\/#\/schema\/person\/27f580841a0710199ed73bb8262c9de1\"},\"headline\":\"Las u\u00f1itas del beb\u00e9 \u00bfc\u00f3mo y cu\u00e1ndo las corto?\",\"datePublished\":\"2013-12-31T09:00:59+00:00\",\"dateModified\":\"2024-04-30T13:18:43+00:00\",\"mainEntityOfPage\":{\"@id\":\"https:\/\/www.bezoya.es\/bebe-a-bordo\/blog-bab\/las-unitas-del-bebe-cuando-las-corto\/\"},\"wordCount\":404,\"commentCount\":0,\"image\":{\"@id\":\"https:\/\/www.bezoya.es\/bebe-a-bordo\/blog-bab\/las-unitas-del-bebe-cuando-las-corto\/#primaryimage\"},\"thumbnailUrl\":\"https:\/\/www.bezoya.es\/bebe-a-bordo\/wp-content\/uploads\/2013\/12\/16-Unas.jpg\",\"articleSection\":[\"Blog Beb\u00e9 a Bordo\"],\"inLanguage\":\"es\",\"potentialAction\":[{\"@type\":\"CommentAction\",\"name\":\"Comment\",\"target\":[\"https:\/\/www.bezoya.es\/bebe-a-bordo\/blog-bab\/las-unitas-del-bebe-cuando-las-corto\/#respond\"]}]},{\"@type\":\"WebPage\",\"@id\":\"https:\/\/www.bezoya.es\/bebe-a-bordo\/blog-bab\/las-unitas-del-bebe-cuando-las-corto\/\",\"url\":\"https:\/\/www.bezoya.es\/bebe-a-bordo\/blog-bab\/las-unitas-del-bebe-cuando-las-corto\/\",\"name\":\"Las u\u00f1as del beb\u00e9: c\u00f3mo y cu\u00e1ndo cortarlas\",\"isPartOf\":{\"@id\":\"https:\/\/www.bezoya.es\/bebe-a-bordo\/#website\"},\"primaryImageOfPage\":{\"@id\":\"https:\/\/www.bezoya.es\/bebe-a-bordo\/blog-bab\/las-unitas-del-bebe-cuando-las-corto\/#primaryimage\"},\"image\":{\"@id\":\"https:\/\/www.bezoya.es\/bebe-a-bordo\/blog-bab\/las-unitas-del-bebe-cuando-las-corto\/#primaryimage\"},\"thumbnailUrl\":\"https:\/\/www.bezoya.es\/bebe-a-bordo\/wp-content\/uploads\/2013\/12\/16-Unas.jpg\",\"datePublished\":\"2013-12-31T09:00:59+00:00\",\"dateModified\":\"2024-04-30T13:18:43+00:00\",\"author\":{\"@id\":\"https:\/\/www.bezoya.es\/bebe-a-bordo\/#\/schema\/person\/27f580841a0710199ed73bb8262c9de1\"},\"description\":\"Te contamos todos los trucos para cortarle las u\u00f1as a un reci\u00e9n nacido, con qu\u00e9 utensilios y cu\u00e1ndo es el mejor momento para hacerlo\",\"inLanguage\":\"es\",\"potentialAction\":[{\"@type\":\"ReadAction\",\"target\":[\"https:\/\/www.bezoya.es\/bebe-a-bordo\/blog-bab\/las-unitas-del-bebe-cuando-las-corto\/\"]}]},{\"@type\":\"ImageObject\",\"inLanguage\":\"es\",\"@id\":\"https:\/\/www.bezoya.es\/bebe-a-bordo\/blog-bab\/las-unitas-del-bebe-cuando-las-corto\/#primaryimage\",\"url\":\"https:\/\/www.bezoya.es\/bebe-a-bordo\/wp-content\/uploads\/2013\/12\/16-Unas.jpg\",\"contentUrl\":\"https:\/\/www.bezoya.es\/bebe-a-bordo\/wp-content\/uploads\/2013\/12\/16-Unas.jpg\",\"width\":800,\"height\":800},{\"@type\":\"WebSite\",\"@id\":\"https:\/\/www.bezoya.es\/bebe-a-bordo\/#website\",\"url\":\"https:\/\/www.bezoya.es\/bebe-a-bordo\/\",\"name\":\"Agua mineral natural Bezoya\",\"description\":\"El agua de mineralizaci\u00f3n muy d\u00e9bil\",\"potentialAction\":[{\"@type\":\"SearchAction\",\"target\":{\"@type\":\"EntryPoint\",\"urlTemplate\":\"https:\/\/www.bezoya.es\/bebe-a-bordo\/?s={search_term_string}\"},\"query-input\":{\"@type\":\"PropertyValueSpecification\",\"valueRequired\":true,\"valueName\":\"search_term_string\"}}],\"inLanguage\":\"es\"},{\"@type\":\"Person\",\"@id\":\"https:\/\/www.bezoya.es\/bebe-a-bordo\/#\/schema\/person\/27f580841a0710199ed73bb8262c9de1\",\"name\":\"Beb\u00e9 a Bordo\",\"image\":{\"@type\":\"ImageObject\",\"inLanguage\":\"es\",\"@id\":\"https:\/\/www.bezoya.es\/bebe-a-bordo\/#\/schema\/person\/image\/\",\"url\":\"https:\/\/secure.gravatar.com\/avatar\/0b0c609b63be1f5d579657e5afa8b15ebc59af1c9cca5c551ddcd2114a725785?s=96&d=mm&r=g\",\"contentUrl\":\"https:\/\/secure.gravatar.com\/avatar\/0b0c609b63be1f5d579657e5afa8b15ebc59af1c9cca5c551ddcd2114a725785?s=96&d=mm&r=g\",\"caption\":\"Beb\u00e9 a Bordo\"},\"description\":\"El baby coach de Bezoya que te acompa\u00f1a desde el embarazo, parto y postparto, hasta sus primeros pasos.\",\"url\":\"https:\/\/www.bezoya.es\/bebe-a-bordo\/author\/bebe-a-bordo\/\"}]}<\/script>\n<!-- \/ Yoast SEO plugin. -->","yoast_head_json":{"title":"Las u\u00f1as del beb\u00e9: c\u00f3mo y cu\u00e1ndo cortarlas","description":"Te contamos todos los trucos para cortarle las u\u00f1as a un reci\u00e9n nacido, con qu\u00e9 utensilios y cu\u00e1ndo es el mejor momento para hacerlo","robots":{"index":"index","follow":"follow","max-snippet":"max-snippet:-1","max-image-preview":"max-image-preview:large","max-video-preview":"max-video-preview:-1"},"canonical":"https:\/\/www.bezoya.es\/bebe-a-bordo\/blog-bab\/las-unitas-del-bebe-cuando-las-corto\/","og_locale":"es_ES","og_type":"article","og_title":"Las u\u00f1as del beb\u00e9: c\u00f3mo y cu\u00e1ndo cortarlas","og_description":"Te contamos todos los trucos para cortarle las u\u00f1as a un reci\u00e9n nacido, con qu\u00e9 utensilios y cu\u00e1ndo es el mejor momento para hacerlo","og_url":"https:\/\/www.bezoya.es\/bebe-a-bordo\/blog-bab\/las-unitas-del-bebe-cuando-las-corto\/","og_site_name":"Agua mineral natural Bezoya","article_published_time":"2013-12-31T09:00:59+00:00","article_modified_time":"2024-04-30T13:18:43+00:00","og_image":[{"width":800,"height":800,"url":"https:\/\/www.bezoya.es\/bebe-a-bordo\/wp-content\/uploads\/2013\/12\/16-Unas.jpg","type":"image\/jpeg"}],"author":"Beb\u00e9 a Bordo","twitter_card":"summary_large_image","twitter_misc":{"Escrito por":"Beb\u00e9 a Bordo","Tiempo de lectura":"2 minutos"},"schema":{"@context":"https:\/\/schema.org","@graph":[{"@type":"Article","@id":"https:\/\/www.bezoya.es\/bebe-a-bordo\/blog-bab\/las-unitas-del-bebe-cuando-las-corto\/#article","isPartOf":{"@id":"https:\/\/www.bezoya.es\/bebe-a-bordo\/blog-bab\/las-unitas-del-bebe-cuando-las-corto\/"},"author":{"name":"Beb\u00e9 a Bordo","@id":"https:\/\/www.bezoya.es\/bebe-a-bordo\/#\/schema\/person\/27f580841a0710199ed73bb8262c9de1"},"headline":"Las u\u00f1itas del beb\u00e9 \u00bfc\u00f3mo y cu\u00e1ndo las corto?","datePublished":"2013-12-31T09:00:59+00:00","dateModified":"2024-04-30T13:18:43+00:00","mainEntityOfPage":{"@id":"https:\/\/www.bezoya.es\/bebe-a-bordo\/blog-bab\/las-unitas-del-bebe-cuando-las-corto\/"},"wordCount":404,"commentCount":0,"image":{"@id":"https:\/\/www.bezoya.es\/bebe-a-bordo\/blog-bab\/las-unitas-del-bebe-cuando-las-corto\/#primaryimage"},"thumbnailUrl":"https:\/\/www.bezoya.es\/bebe-a-bordo\/wp-content\/uploads\/2013\/12\/16-Unas.jpg","articleSection":["Blog Beb\u00e9 a Bordo"],"inLanguage":"es","potentialAction":[{"@type":"CommentAction","name":"Comment","target":["https:\/\/www.bezoya.es\/bebe-a-bordo\/blog-bab\/las-unitas-del-bebe-cuando-las-corto\/#respond"]}]},{"@type":"WebPage","@id":"https:\/\/www.bezoya.es\/bebe-a-bordo\/blog-bab\/las-unitas-del-bebe-cuando-las-corto\/","url":"https:\/\/www.bezoya.es\/bebe-a-bordo\/blog-bab\/las-unitas-del-bebe-cuando-las-corto\/","name":"Las u\u00f1as del beb\u00e9: c\u00f3mo y cu\u00e1ndo cortarlas","isPartOf":{"@id":"https:\/\/www.bezoya.es\/bebe-a-bordo\/#website"},"primaryImageOfPage":{"@id":"https:\/\/www.bezoya.es\/bebe-a-bordo\/blog-bab\/las-unitas-del-bebe-cuando-las-corto\/#primaryimage"},"image":{"@id":"https:\/\/www.bezoya.es\/bebe-a-bordo\/blog-bab\/las-unitas-del-bebe-cuando-las-corto\/#primaryimage"},"thumbnailUrl":"https:\/\/www.bezoya.es\/bebe-a-bordo\/wp-content\/uploads\/2013\/12\/16-Unas.jpg","datePublished":"2013-12-31T09:00:59+00:00","dateModified":"2024-04-30T13:18:43+00:00","author":{"@id":"https:\/\/www.bezoya.es\/bebe-a-bordo\/#\/schema\/person\/27f580841a0710199ed73bb8262c9de1"},"description":"Te contamos todos los trucos para cortarle las u\u00f1as a un reci\u00e9n nacido, con qu\u00e9 utensilios y cu\u00e1ndo es el mejor momento para hacerlo","inLanguage":"es","potentialAction":[{"@type":"ReadAction","target":["https:\/\/www.bezoya.es\/bebe-a-bordo\/blog-bab\/las-unitas-del-bebe-cuando-las-corto\/"]}]},{"@type":"ImageObject","inLanguage":"es","@id":"https:\/\/www.bezoya.es\/bebe-a-bordo\/blog-bab\/las-unitas-del-bebe-cuando-las-corto\/#primaryimage","url":"https:\/\/www.bezoya.es\/bebe-a-bordo\/wp-content\/uploads\/2013\/12\/16-Unas.jpg","contentUrl":"https:\/\/www.bezoya.es\/bebe-a-bordo\/wp-content\/uploads\/2013\/12\/16-Unas.jpg","width":800,"height":800},{"@type":"WebSite","@id":"https:\/\/www.bezoya.es\/bebe-a-bordo\/#website","url":"https:\/\/www.bezoya.es\/bebe-a-bordo\/","name":"Agua mineral natural Bezoya","description":"El agua de mineralizaci\u00f3n muy d\u00e9bil","potentialAction":[{"@type":"SearchAction","target":{"@type":"EntryPoint","urlTemplate":"https:\/\/www.bezoya.es\/bebe-a-bordo\/?s={search_term_string}"},"query-input":{"@type":"PropertyValueSpecification","valueRequired":true,"valueName":"search_term_string"}}],"inLanguage":"es"},{"@type":"Person","@id":"https:\/\/www.bezoya.es\/bebe-a-bordo\/#\/schema\/person\/27f580841a0710199ed73bb8262c9de1","name":"Beb\u00e9 a Bordo","image":{"@type":"ImageObject","inLanguage":"es","@id":"https:\/\/www.bezoya.es\/bebe-a-bordo\/#\/schema\/person\/image\/","url":"https:\/\/secure.gravatar.com\/avatar\/0b0c609b63be1f5d579657e5afa8b15ebc59af1c9cca5c551ddcd2114a725785?s=96&d=mm&r=g","contentUrl":"https:\/\/secure.gravatar.com\/avatar\/0b0c609b63be1f5d579657e5afa8b15ebc59af1c9cca5c551ddcd2114a725785?s=96&d=mm&r=g","caption":"Beb\u00e9 a Bordo"},"description":"El baby coach de Bezoya que te acompa\u00f1a desde el embarazo, parto y postparto, hasta sus primeros pasos.","url":"https:\/\/www.bezoya.es\/bebe-a-bordo\/author\/bebe-a-bordo\/"}]}},"views":2114,"_links":{"self":[{"href":"https:\/\/www.bezoya.es\/bebe-a-bordo\/wp-json\/wp\/v2\/posts\/1155","targetHints":{"allow":["GET"]}}],"collection":[{"href":"https:\/\/www.bezoya.es\/bebe-a-bordo\/wp-json\/wp\/v2\/posts"}],"about":[{"href":"https:\/\/www.bezoya.es\/bebe-a-bordo\/wp-json\/wp\/v2\/types\/post"}],"author":[{"embeddable":true,"href":"https:\/\/www.bezoya.es\/bebe-a-bordo\/wp-json\/wp\/v2\/users\/119"}],"replies":[{"embeddable":true,"href":"https:\/\/www.bezoya.es\/bebe-a-bordo\/wp-json\/wp\/v2\/comments?post=1155"}],"version-history":[{"count":5,"href":"https:\/\/www.bezoya.es\/bebe-a-bordo\/wp-json\/wp\/v2\/posts\/1155\/revisions"}],"predecessor-version":[{"id":18619,"href":"https:\/\/www.bezoya.es\/bebe-a-bordo\/wp-json\/wp\/v2\/posts\/1155\/revisions\/18619"}],"wp:featuredmedia":[{"embeddable":true,"href":"https:\/\/www.bezoya.es\/bebe-a-bordo\/wp-json\/wp\/v2\/media\/6395"}],"wp:attachment":[{"href":"https:\/\/www.bezoya.es\/bebe-a-bordo\/wp-json\/wp\/v2\/media?parent=1155"}],"wp:term":[{"taxonomy":"category","embeddable":true,"href":"https:\/\/www.bezoya.es\/bebe-a-bordo\/wp-json\/wp\/v2\/categories?post=1155"},{"taxonomy":"post_tag","embeddable":true,"href":"https:\/\/www.bezoya.es\/bebe-a-bordo\/wp-json\/wp\/v2\/tags?post=1155"},{"taxonomy":"categoriabab","embeddable":true,"href":"https:\/\/www.bezoya.es\/bebe-a-bordo\/wp-json\/wp\/v2\/categoriabab?post=1155"},{"taxonomy":"palabra_clave","embeddable":true,"href":"https:\/\/www.bezoya.es\/bebe-a-bordo\/wp-json\/wp\/v2\/palabra_clave?post=1155"}],"curies":[{"name":"wp","href":"https:\/\/api.w.org\/{rel}","templated":true}]}}