{"id":1144,"date":"2013-10-15T09:22:10","date_gmt":"2013-10-15T07:22:10","guid":{"rendered":"http:\/\/bezoya.dev\/nacer-en-otono\/"},"modified":"2024-04-30T15:18:59","modified_gmt":"2024-04-30T13:18:59","slug":"nacer-en-otono","status":"publish","type":"post","link":"https:\/\/www.bezoya.es\/bebe-a-bordo\/blog-bab\/nacer-en-otono\/","title":{"rendered":"Nacer en oto\u00f1o"},"content":{"rendered":"<p style=\"text-align: justify;\">\u00a1Qu\u00e9 bello es el oto\u00f1o! La temperatura es a\u00fan agradable y los \u00e1rboles van cambiando de color deslumbr\u00e1ndonos con esa gama de naranjas, marrones, verdes\u2026<\/p>\n<p style=\"text-align: justify;\">Ahora tienes a tu chiquit\u00edn en brazos y el calor no es abrumador. \u00a1Estupendo! Despu\u00e9s de haber pasado los meses de verano con una gran tripita, es muy agradable esta estaci\u00f3n.<\/p>\n<p style=\"text-align: justify;\">El descanso, una buena alimentaci\u00f3n y que tengas siempre a mano agua para beber es algo que no tienes que olvidar. Pero adem\u00e1s, podemos aprovechar esta estaci\u00f3n tan amable para recuperarnos del parto con armon\u00eda.<\/p>\n<p style=\"text-align: justify;\"><b>El oto\u00f1o y el porteo<\/b><\/p>\n<p style=\"text-align: justify;\">El beb\u00e9 no necesita a\u00fan mucha ropa de abrigo y es todav\u00eda muy ligero, por lo que, quiz\u00e1, ser\u00eda una muy buena oportunidad para probar a portearlo. Pod\u00e9is probar con el portabeb\u00e9s que mejor se adapte a vuestras\u00a0 necesidades y gustos. Hay monitoras de porteo que pueden mostraros diversas opciones para que pod\u00e1is elegir.<\/p>\n<p style=\"text-align: justify;\">Adem\u00e1s, el sol no est\u00e1 tan fuerte como lo estaba en verano, aunque los paseos a primera hora de la ma\u00f1ana y a \u00faltima hora del d\u00eda seguir\u00edan siendo los m\u00e1s recomendados para evitar las horas de mayor intensidad, especialmente en los meses de Septiembre y Octubre. Podemos aumentar el tiempo de exposici\u00f3n al sol a medida que vayamos entrando en el mes de noviembre.<\/p>\n<p style=\"text-align: justify;\"><b>\u00bfQu\u00e9 ropa le pongo a mi beb\u00e9 en oto\u00f1o?<\/b><\/p>\n<p style=\"text-align: justify;\">Durante esta estaci\u00f3n multicolor podemos encontrarnos con d\u00edas especialmente calurosos y con d\u00edas un poco m\u00e1s frescos. Es importante tenerlo en cuenta para tener a nuestro beb\u00e9 vestido de forma que podamos ponerle un gorrito y unos calcetines si as\u00ed lo consideramos o bien podamos quit\u00e1rselo con facilidad.<\/p>\n<p style=\"text-align: justify;\">Sin embargo, date cuenta de que si porteas a tu beb\u00e9 estar\u00e1 calentito con el contacto de tu cuerpo o el de tu pareja y adem\u00e1s puedes tocar y sentir de forma constante sus manos, sus pies, su cuerpo\u2026<\/p>\n<p style=\"text-align: justify;\">D\u00e9jate envolver por los colores del oto\u00f1o mientras paseas con tu peque\u00f1o. \u00a1Todo un regalo para los sentidos!<\/p>\n","protected":false},"excerpt":{"rendered":"<p>\u00a1Qu\u00e9 bello es el oto\u00f1o! La temperatura es a\u00fan agradable y los \u00e1rboles van cambiando de color deslumbr\u00e1ndonos con esa gama de naranjas, marrones, verdes\u2026 Ahora tienes a tu chiquit\u00edn en brazos y el calor no es abrumador. \u00a1Estupendo! Despu\u00e9s de haber pasado los meses de verano con una gran tripita, es muy agradable esta estaci\u00f3n. El descanso, una buena alimentaci\u00f3n y que tengas siempre a mano agua para beber es algo que no tienes que olvidar. Pero adem\u00e1s, podemos aprovechar esta estaci\u00f3n tan amable para recuperarnos del parto con armon\u00eda. El oto\u00f1o y el porteo El beb\u00e9 no necesita &#8230;<\/p>\n","protected":false},"author":119,"featured_media":6406,"comment_status":"open","ping_status":"open","sticky":false,"template":"","format":"standard","meta":{"_acf_changed":false,"inline_featured_image":false,"footnotes":""},"categories":[7],"tags":[],"categoriabab":[673,674,675],"palabra_clave":[1053],"class_list":["post-1144","post","type-post","status-publish","format-standard","has-post-thumbnail","hentry","category-blog-bab","categoriabab-el-embarazo","categoriabab-parto-y-posparto","categoriabab-crianza-hasta-los-2-anos"],"acf":[],"yoast_head":"<!-- This site is optimized with the Yoast SEO plugin v27.1.1 - https:\/\/yoast.com\/product\/yoast-seo-wordpress\/ -->\n<title>\u00bfQu\u00e9 ropa le pongo a mi beb\u00e9 en oto\u00f1o?<\/title>\n<meta name=\"description\" content=\"En Beb\u00e9 a Bordo te damos ideas para vestir a tu beb\u00e9 en oto\u00f1o, consejos para el porteo y mejores horas para pasear con \u00e9l en esta estaci\u00f3n del a\u00f1o\" \/>\n<meta name=\"robots\" content=\"index, follow, max-snippet:-1, max-image-preview:large, max-video-preview:-1\" \/>\n<link rel=\"canonical\" href=\"https:\/\/www.bezoya.es\/bebe-a-bordo\/blog-bab\/nacer-en-otono\/\" \/>\n<meta property=\"og:locale\" content=\"es_ES\" \/>\n<meta property=\"og:type\" content=\"article\" \/>\n<meta property=\"og:title\" content=\"\u00bfQu\u00e9 ropa le pongo a mi beb\u00e9 en oto\u00f1o?\" \/>\n<meta property=\"og:description\" content=\"En Beb\u00e9 a Bordo te damos ideas para vestir a tu beb\u00e9 en oto\u00f1o, consejos para el porteo y mejores horas para pasear con \u00e9l en esta estaci\u00f3n del a\u00f1o\" \/>\n<meta property=\"og:url\" content=\"https:\/\/www.bezoya.es\/bebe-a-bordo\/blog-bab\/nacer-en-otono\/\" \/>\n<meta property=\"og:site_name\" content=\"Agua mineral natural Bezoya\" \/>\n<meta property=\"article:published_time\" content=\"2013-10-15T07:22:10+00:00\" \/>\n<meta property=\"article:modified_time\" content=\"2024-04-30T13:18:59+00:00\" \/>\n<meta property=\"og:image\" content=\"https:\/\/www.bezoya.es\/bebe-a-bordo\/wp-content\/uploads\/2013\/10\/Captura-de-pantalla-2013-10-14-a-las-16.20.47.png\" \/>\n\t<meta property=\"og:image:width\" content=\"684\" \/>\n\t<meta property=\"og:image:height\" content=\"1025\" \/>\n\t<meta property=\"og:image:type\" content=\"image\/png\" \/>\n<meta name=\"author\" content=\"Beb\u00e9 a Bordo\" \/>\n<meta name=\"twitter:card\" content=\"summary_large_image\" \/>\n<meta name=\"twitter:title\" content=\"\u00bfQu\u00e9 ropa le pongo a mi beb\u00e9 en oto\u00f1o?\" \/>\n<meta name=\"twitter:description\" content=\"En Beb\u00e9 a Bordo te damos ideas para vestir a tu beb\u00e9 en oto\u00f1o, consejos para el porteo y mejores horas para pasear con \u00e9l en esta estaci\u00f3n del a\u00f1o\" \/>\n<meta name=\"twitter:label1\" content=\"Escrito por\" \/>\n\t<meta name=\"twitter:data1\" content=\"Beb\u00e9 a Bordo\" \/>\n\t<meta name=\"twitter:label2\" content=\"Tiempo de lectura\" \/>\n\t<meta name=\"twitter:data2\" content=\"2 minutos\" \/>\n<script type=\"application\/ld+json\" class=\"yoast-schema-graph\">{\"@context\":\"https:\/\/schema.org\",\"@graph\":[{\"@type\":\"Article\",\"@id\":\"https:\/\/www.bezoya.es\/bebe-a-bordo\/blog-bab\/nacer-en-otono\/#article\",\"isPartOf\":{\"@id\":\"https:\/\/www.bezoya.es\/bebe-a-bordo\/blog-bab\/nacer-en-otono\/\"},\"author\":{\"name\":\"Beb\u00e9 a Bordo\",\"@id\":\"https:\/\/www.bezoya.es\/bebe-a-bordo\/#\/schema\/person\/27f580841a0710199ed73bb8262c9de1\"},\"headline\":\"Nacer en oto\u00f1o\",\"datePublished\":\"2013-10-15T07:22:10+00:00\",\"dateModified\":\"2024-04-30T13:18:59+00:00\",\"mainEntityOfPage\":{\"@id\":\"https:\/\/www.bezoya.es\/bebe-a-bordo\/blog-bab\/nacer-en-otono\/\"},\"wordCount\":366,\"commentCount\":0,\"image\":{\"@id\":\"https:\/\/www.bezoya.es\/bebe-a-bordo\/blog-bab\/nacer-en-otono\/#primaryimage\"},\"thumbnailUrl\":\"https:\/\/www.bezoya.es\/bebe-a-bordo\/wp-content\/uploads\/2013\/10\/Captura-de-pantalla-2013-10-14-a-las-16.20.47.png\",\"articleSection\":[\"Blog Beb\u00e9 a Bordo\"],\"inLanguage\":\"es\",\"potentialAction\":[{\"@type\":\"CommentAction\",\"name\":\"Comment\",\"target\":[\"https:\/\/www.bezoya.es\/bebe-a-bordo\/blog-bab\/nacer-en-otono\/#respond\"]}]},{\"@type\":\"WebPage\",\"@id\":\"https:\/\/www.bezoya.es\/bebe-a-bordo\/blog-bab\/nacer-en-otono\/\",\"url\":\"https:\/\/www.bezoya.es\/bebe-a-bordo\/blog-bab\/nacer-en-otono\/\",\"name\":\"\u00bfQu\u00e9 ropa le pongo a mi beb\u00e9 en oto\u00f1o?\",\"isPartOf\":{\"@id\":\"https:\/\/www.bezoya.es\/bebe-a-bordo\/#website\"},\"primaryImageOfPage\":{\"@id\":\"https:\/\/www.bezoya.es\/bebe-a-bordo\/blog-bab\/nacer-en-otono\/#primaryimage\"},\"image\":{\"@id\":\"https:\/\/www.bezoya.es\/bebe-a-bordo\/blog-bab\/nacer-en-otono\/#primaryimage\"},\"thumbnailUrl\":\"https:\/\/www.bezoya.es\/bebe-a-bordo\/wp-content\/uploads\/2013\/10\/Captura-de-pantalla-2013-10-14-a-las-16.20.47.png\",\"datePublished\":\"2013-10-15T07:22:10+00:00\",\"dateModified\":\"2024-04-30T13:18:59+00:00\",\"author\":{\"@id\":\"https:\/\/www.bezoya.es\/bebe-a-bordo\/#\/schema\/person\/27f580841a0710199ed73bb8262c9de1\"},\"description\":\"En Beb\u00e9 a Bordo te damos ideas para vestir a tu beb\u00e9 en oto\u00f1o, consejos para el porteo y mejores horas para pasear con \u00e9l en esta estaci\u00f3n del a\u00f1o\",\"inLanguage\":\"es\",\"potentialAction\":[{\"@type\":\"ReadAction\",\"target\":[\"https:\/\/www.bezoya.es\/bebe-a-bordo\/blog-bab\/nacer-en-otono\/\"]}]},{\"@type\":\"ImageObject\",\"inLanguage\":\"es\",\"@id\":\"https:\/\/www.bezoya.es\/bebe-a-bordo\/blog-bab\/nacer-en-otono\/#primaryimage\",\"url\":\"https:\/\/www.bezoya.es\/bebe-a-bordo\/wp-content\/uploads\/2013\/10\/Captura-de-pantalla-2013-10-14-a-las-16.20.47.png\",\"contentUrl\":\"https:\/\/www.bezoya.es\/bebe-a-bordo\/wp-content\/uploads\/2013\/10\/Captura-de-pantalla-2013-10-14-a-las-16.20.47.png\",\"width\":684,\"height\":1025},{\"@type\":\"WebSite\",\"@id\":\"https:\/\/www.bezoya.es\/bebe-a-bordo\/#website\",\"url\":\"https:\/\/www.bezoya.es\/bebe-a-bordo\/\",\"name\":\"Agua mineral natural Bezoya\",\"description\":\"El agua de mineralizaci\u00f3n muy d\u00e9bil\",\"potentialAction\":[{\"@type\":\"SearchAction\",\"target\":{\"@type\":\"EntryPoint\",\"urlTemplate\":\"https:\/\/www.bezoya.es\/bebe-a-bordo\/?s={search_term_string}\"},\"query-input\":{\"@type\":\"PropertyValueSpecification\",\"valueRequired\":true,\"valueName\":\"search_term_string\"}}],\"inLanguage\":\"es\"},{\"@type\":\"Person\",\"@id\":\"https:\/\/www.bezoya.es\/bebe-a-bordo\/#\/schema\/person\/27f580841a0710199ed73bb8262c9de1\",\"name\":\"Beb\u00e9 a Bordo\",\"image\":{\"@type\":\"ImageObject\",\"inLanguage\":\"es\",\"@id\":\"https:\/\/www.bezoya.es\/bebe-a-bordo\/#\/schema\/person\/image\/\",\"url\":\"https:\/\/secure.gravatar.com\/avatar\/0b0c609b63be1f5d579657e5afa8b15ebc59af1c9cca5c551ddcd2114a725785?s=96&d=mm&r=g\",\"contentUrl\":\"https:\/\/secure.gravatar.com\/avatar\/0b0c609b63be1f5d579657e5afa8b15ebc59af1c9cca5c551ddcd2114a725785?s=96&d=mm&r=g\",\"caption\":\"Beb\u00e9 a Bordo\"},\"description\":\"El baby coach de Bezoya que te acompa\u00f1a desde el embarazo, parto y postparto, hasta sus primeros pasos.\",\"url\":\"https:\/\/www.bezoya.es\/bebe-a-bordo\/author\/bebe-a-bordo\/\"}]}<\/script>\n<!-- \/ Yoast SEO plugin. -->","yoast_head_json":{"title":"\u00bfQu\u00e9 ropa le pongo a mi beb\u00e9 en oto\u00f1o?","description":"En Beb\u00e9 a Bordo te damos ideas para vestir a tu beb\u00e9 en oto\u00f1o, consejos para el porteo y mejores horas para pasear con \u00e9l en esta estaci\u00f3n del a\u00f1o","robots":{"index":"index","follow":"follow","max-snippet":"max-snippet:-1","max-image-preview":"max-image-preview:large","max-video-preview":"max-video-preview:-1"},"canonical":"https:\/\/www.bezoya.es\/bebe-a-bordo\/blog-bab\/nacer-en-otono\/","og_locale":"es_ES","og_type":"article","og_title":"\u00bfQu\u00e9 ropa le pongo a mi beb\u00e9 en oto\u00f1o?","og_description":"En Beb\u00e9 a Bordo te damos ideas para vestir a tu beb\u00e9 en oto\u00f1o, consejos para el porteo y mejores horas para pasear con \u00e9l en esta estaci\u00f3n del a\u00f1o","og_url":"https:\/\/www.bezoya.es\/bebe-a-bordo\/blog-bab\/nacer-en-otono\/","og_site_name":"Agua mineral natural Bezoya","article_published_time":"2013-10-15T07:22:10+00:00","article_modified_time":"2024-04-30T13:18:59+00:00","og_image":[{"width":684,"height":1025,"url":"https:\/\/www.bezoya.es\/bebe-a-bordo\/wp-content\/uploads\/2013\/10\/Captura-de-pantalla-2013-10-14-a-las-16.20.47.png","type":"image\/png"}],"author":"Beb\u00e9 a Bordo","twitter_card":"summary_large_image","twitter_title":"\u00bfQu\u00e9 ropa le pongo a mi beb\u00e9 en oto\u00f1o?","twitter_description":"En Beb\u00e9 a Bordo te damos ideas para vestir a tu beb\u00e9 en oto\u00f1o, consejos para el porteo y mejores horas para pasear con \u00e9l en esta estaci\u00f3n del a\u00f1o","twitter_misc":{"Escrito por":"Beb\u00e9 a Bordo","Tiempo de lectura":"2 minutos"},"schema":{"@context":"https:\/\/schema.org","@graph":[{"@type":"Article","@id":"https:\/\/www.bezoya.es\/bebe-a-bordo\/blog-bab\/nacer-en-otono\/#article","isPartOf":{"@id":"https:\/\/www.bezoya.es\/bebe-a-bordo\/blog-bab\/nacer-en-otono\/"},"author":{"name":"Beb\u00e9 a Bordo","@id":"https:\/\/www.bezoya.es\/bebe-a-bordo\/#\/schema\/person\/27f580841a0710199ed73bb8262c9de1"},"headline":"Nacer en oto\u00f1o","datePublished":"2013-10-15T07:22:10+00:00","dateModified":"2024-04-30T13:18:59+00:00","mainEntityOfPage":{"@id":"https:\/\/www.bezoya.es\/bebe-a-bordo\/blog-bab\/nacer-en-otono\/"},"wordCount":366,"commentCount":0,"image":{"@id":"https:\/\/www.bezoya.es\/bebe-a-bordo\/blog-bab\/nacer-en-otono\/#primaryimage"},"thumbnailUrl":"https:\/\/www.bezoya.es\/bebe-a-bordo\/wp-content\/uploads\/2013\/10\/Captura-de-pantalla-2013-10-14-a-las-16.20.47.png","articleSection":["Blog Beb\u00e9 a Bordo"],"inLanguage":"es","potentialAction":[{"@type":"CommentAction","name":"Comment","target":["https:\/\/www.bezoya.es\/bebe-a-bordo\/blog-bab\/nacer-en-otono\/#respond"]}]},{"@type":"WebPage","@id":"https:\/\/www.bezoya.es\/bebe-a-bordo\/blog-bab\/nacer-en-otono\/","url":"https:\/\/www.bezoya.es\/bebe-a-bordo\/blog-bab\/nacer-en-otono\/","name":"\u00bfQu\u00e9 ropa le pongo a mi beb\u00e9 en oto\u00f1o?","isPartOf":{"@id":"https:\/\/www.bezoya.es\/bebe-a-bordo\/#website"},"primaryImageOfPage":{"@id":"https:\/\/www.bezoya.es\/bebe-a-bordo\/blog-bab\/nacer-en-otono\/#primaryimage"},"image":{"@id":"https:\/\/www.bezoya.es\/bebe-a-bordo\/blog-bab\/nacer-en-otono\/#primaryimage"},"thumbnailUrl":"https:\/\/www.bezoya.es\/bebe-a-bordo\/wp-content\/uploads\/2013\/10\/Captura-de-pantalla-2013-10-14-a-las-16.20.47.png","datePublished":"2013-10-15T07:22:10+00:00","dateModified":"2024-04-30T13:18:59+00:00","author":{"@id":"https:\/\/www.bezoya.es\/bebe-a-bordo\/#\/schema\/person\/27f580841a0710199ed73bb8262c9de1"},"description":"En Beb\u00e9 a Bordo te damos ideas para vestir a tu beb\u00e9 en oto\u00f1o, consejos para el porteo y mejores horas para pasear con \u00e9l en esta estaci\u00f3n del a\u00f1o","inLanguage":"es","potentialAction":[{"@type":"ReadAction","target":["https:\/\/www.bezoya.es\/bebe-a-bordo\/blog-bab\/nacer-en-otono\/"]}]},{"@type":"ImageObject","inLanguage":"es","@id":"https:\/\/www.bezoya.es\/bebe-a-bordo\/blog-bab\/nacer-en-otono\/#primaryimage","url":"https:\/\/www.bezoya.es\/bebe-a-bordo\/wp-content\/uploads\/2013\/10\/Captura-de-pantalla-2013-10-14-a-las-16.20.47.png","contentUrl":"https:\/\/www.bezoya.es\/bebe-a-bordo\/wp-content\/uploads\/2013\/10\/Captura-de-pantalla-2013-10-14-a-las-16.20.47.png","width":684,"height":1025},{"@type":"WebSite","@id":"https:\/\/www.bezoya.es\/bebe-a-bordo\/#website","url":"https:\/\/www.bezoya.es\/bebe-a-bordo\/","name":"Agua mineral natural Bezoya","description":"El agua de mineralizaci\u00f3n muy d\u00e9bil","potentialAction":[{"@type":"SearchAction","target":{"@type":"EntryPoint","urlTemplate":"https:\/\/www.bezoya.es\/bebe-a-bordo\/?s={search_term_string}"},"query-input":{"@type":"PropertyValueSpecification","valueRequired":true,"valueName":"search_term_string"}}],"inLanguage":"es"},{"@type":"Person","@id":"https:\/\/www.bezoya.es\/bebe-a-bordo\/#\/schema\/person\/27f580841a0710199ed73bb8262c9de1","name":"Beb\u00e9 a Bordo","image":{"@type":"ImageObject","inLanguage":"es","@id":"https:\/\/www.bezoya.es\/bebe-a-bordo\/#\/schema\/person\/image\/","url":"https:\/\/secure.gravatar.com\/avatar\/0b0c609b63be1f5d579657e5afa8b15ebc59af1c9cca5c551ddcd2114a725785?s=96&d=mm&r=g","contentUrl":"https:\/\/secure.gravatar.com\/avatar\/0b0c609b63be1f5d579657e5afa8b15ebc59af1c9cca5c551ddcd2114a725785?s=96&d=mm&r=g","caption":"Beb\u00e9 a Bordo"},"description":"El baby coach de Bezoya que te acompa\u00f1a desde el embarazo, parto y postparto, hasta sus primeros pasos.","url":"https:\/\/www.bezoya.es\/bebe-a-bordo\/author\/bebe-a-bordo\/"}]}},"views":1716,"_links":{"self":[{"href":"https:\/\/www.bezoya.es\/bebe-a-bordo\/wp-json\/wp\/v2\/posts\/1144","targetHints":{"allow":["GET"]}}],"collection":[{"href":"https:\/\/www.bezoya.es\/bebe-a-bordo\/wp-json\/wp\/v2\/posts"}],"about":[{"href":"https:\/\/www.bezoya.es\/bebe-a-bordo\/wp-json\/wp\/v2\/types\/post"}],"author":[{"embeddable":true,"href":"https:\/\/www.bezoya.es\/bebe-a-bordo\/wp-json\/wp\/v2\/users\/119"}],"replies":[{"embeddable":true,"href":"https:\/\/www.bezoya.es\/bebe-a-bordo\/wp-json\/wp\/v2\/comments?post=1144"}],"version-history":[{"count":4,"href":"https:\/\/www.bezoya.es\/bebe-a-bordo\/wp-json\/wp\/v2\/posts\/1144\/revisions"}],"predecessor-version":[{"id":18607,"href":"https:\/\/www.bezoya.es\/bebe-a-bordo\/wp-json\/wp\/v2\/posts\/1144\/revisions\/18607"}],"wp:featuredmedia":[{"embeddable":true,"href":"https:\/\/www.bezoya.es\/bebe-a-bordo\/wp-json\/wp\/v2\/media\/6406"}],"wp:attachment":[{"href":"https:\/\/www.bezoya.es\/bebe-a-bordo\/wp-json\/wp\/v2\/media?parent=1144"}],"wp:term":[{"taxonomy":"category","embeddable":true,"href":"https:\/\/www.bezoya.es\/bebe-a-bordo\/wp-json\/wp\/v2\/categories?post=1144"},{"taxonomy":"post_tag","embeddable":true,"href":"https:\/\/www.bezoya.es\/bebe-a-bordo\/wp-json\/wp\/v2\/tags?post=1144"},{"taxonomy":"categoriabab","embeddable":true,"href":"https:\/\/www.bezoya.es\/bebe-a-bordo\/wp-json\/wp\/v2\/categoriabab?post=1144"},{"taxonomy":"palabra_clave","embeddable":true,"href":"https:\/\/www.bezoya.es\/bebe-a-bordo\/wp-json\/wp\/v2\/palabra_clave?post=1144"}],"curies":[{"name":"wp","href":"https:\/\/api.w.org\/{rel}","templated":true}]}}