{"id":1142,"date":"2013-10-01T12:37:08","date_gmt":"2013-10-01T10:37:08","guid":{"rendered":"http:\/\/bezoya.dev\/que-ropa-es-la-mas-adecuada-para-los-primeros-dias\/"},"modified":"2024-04-23T22:17:43","modified_gmt":"2024-04-23T20:17:43","slug":"que-ropa-es-la-mas-adecuada-para-los-primeros-dias","status":"publish","type":"post","link":"https:\/\/www.bezoya.es\/bebe-a-bordo\/blog-bab\/que-ropa-es-la-mas-adecuada-para-los-primeros-dias\/","title":{"rendered":"\u00bfQu\u00e9 ropa es la m\u00e1s adecuada para los primeros d\u00edas?"},"content":{"rendered":"<p style=\"text-align: justify;\" align=\"CENTER\"><span style=\"font-size: medium;\">Ya tenemos a nuestro peque\u00f1o en nuestros brazos\u0085 \u00a1Qu\u00e9 suavidad!<\/span><\/p>\n<p style=\"text-align: justify;\" align=\"JUSTIFY\"><span style=\"font-size: medium;\">Al volver a casa con nuestro peque\u00f1o vamos a ir encontrando, poco a poco, un nuevo ritmo como familia. <strong>El vestir a nuestro beb\u00e9 es uno de los momentos \u0093delicados\u0094, especialmente al principio<\/strong>. Podemos utilizar este momento, como una oportunidad para conectar con nuestro beb\u00e9. Podemos hablarle con tono suave e incluso buscar una canci\u00f3n, de forma que el beb\u00e9 vaya asociando el vestirse con algo placentero.<\/span><\/p>\n<p style=\"text-align: justify;\"><span style=\"font-size: medium;\"><b>Pero\u0085 \u00bfY qu\u00e9 le pongo?<\/b><\/span><\/p>\n<p style=\"text-align: justify;\" align=\"JUSTIFY\"><span style=\"font-size: medium;\">La piel del beb\u00e9 es una piel muy delicada, fina y muy suave. Es m\u00e1s delgada que la del adulto, con menos pelo, produce menos sudor y menos secreci\u00f3n seb\u00e1cea (1) Adem\u00e1s, las uniones entre las c\u00e9lulas que forman la piel son m\u00e1s d\u00e9biles, por ello, es importante elegir el material m\u00e1s acorde hasta que vaya madurando<\/span><\/p>\n<p style=\"text-align: justify;\" align=\"JUSTIFY\"><span style=\"font-size: medium;\"><strong>Ser\u00eda conveniente buscar tejidos amables con la piel. El algod\u00f3n es, sin duda, uno de los materiales menos irritantes<\/strong>. <\/span><\/p>\n<p style=\"text-align: justify;\" align=\"JUSTIFY\"><span style=\"font-size: medium;\">Tenemos que tener en cuenta que durante el d\u00eda, vamos a cambiar numerosas veces el pa\u00f1al a nuestro beb\u00e9. Por ello, en Beb\u00e9 a Bordo\u00a0<strong>sugerir\u00edamos ropitas f\u00e1ciles de abrir por la zona inferior, sin botones que puedan dejar alguna marca en la delicada piel de nuestros beb\u00e9s y que resulte f\u00e1cil de introducir por su cabecita<\/strong>. Los \u0093bodies\u0094 pueden ser una muy buena opci\u00f3n, de manga larga, para los beb\u00e9s nacidos en invierno y de manga corta o tirantitos para los beb\u00e9s nacidos en verano.<\/span><\/p>\n<p style=\"text-align: justify;\" align=\"JUSTIFY\"><span style=\"font-size: medium;\">La cabeza es un lugar a tener en cuenta: Los beb\u00e9s pierden calor por la cabeza. Por tanto, un gorrito, tambi\u00e9n de algod\u00f3n, y no muy apretado, puede ser una muy buena prenda a tener en cuenta. En invierno, por las bajas temperaturas externas y en verano, por si estuvi\u00e9ramos en alg\u00fan lugar con aire acondicionado.<\/span><\/p>\n<p style=\"text-align: justify;\" align=\"JUSTIFY\"><span style=\"font-size: medium;\">Ahora bien, como hemos podido disfrutar en numerosas ocasiones en \u0093Beb\u00e9 a Bordo\u0094, aprovecha cada oportunidad que tengas para desnudar a tu peque\u00f1\u00edn y coloc\u00e1rtelo piel con piel. El beb\u00e9 reaccionar\u00e1 con placer a las caricias, calor y presencia de su mam\u00e1. \u00a1Disfr\u00fatalo siempre que puedas!<\/span><\/p>\n<p style=\"text-align: center;\">[youtube_sc url=\u00bbhttps:\/\/www.youtube.com\/watch?v=r-V8i3vTe80&#8243;]<\/p>\n<p style=\"text-align: justify;\" align=\"JUSTIFY\"><strong>Fuente:<\/strong><\/p>\n<p style=\"text-align: left;\" align=\"JUSTIFY\">Asociaci\u00f3n Espa\u00f1ola de Pediatr\u00eda \u00a0<a href=\"http:\/\/www.aeped.es\/sites\/default\/files\/documentos\/recien_nacido.pdf\">http:\/\/www.aeped.es\/sites\/default\/files\/documentos\/recien_nacido.pdf<\/a><\/p>\n","protected":false},"excerpt":{"rendered":"<p>Ya tenemos a nuestro peque\u00f1o en nuestros brazos\u0085 \u00a1Qu\u00e9 suavidad! Al volver a casa con nuestro peque\u00f1o vamos a ir encontrando, poco a poco, un nuevo ritmo como familia. El vestir a nuestro beb\u00e9 es uno de los momentos \u0093delicados\u0094, especialmente al principio. Podemos utilizar este momento, como una oportunidad para conectar con nuestro beb\u00e9. Podemos hablarle con tono suave e incluso buscar una canci\u00f3n, de forma que el beb\u00e9 vaya asociando el vestirse con algo placentero. Pero\u0085 \u00bfY qu\u00e9 le pongo? La piel del beb\u00e9 es una piel muy delicada, fina y muy suave. Es m\u00e1s delgada que la &#8230;<\/p>\n","protected":false},"author":119,"featured_media":6408,"comment_status":"open","ping_status":"open","sticky":false,"template":"","format":"standard","meta":{"_acf_changed":false,"inline_featured_image":false,"footnotes":""},"categories":[7],"tags":[],"categoriabab":[675],"palabra_clave":[],"class_list":["post-1142","post","type-post","status-publish","format-standard","has-post-thumbnail","hentry","category-blog-bab","categoriabab-crianza-hasta-los-2-anos"],"acf":[],"yoast_head":"<!-- This site is optimized with the Yoast SEO plugin v27.1.1 - https:\/\/yoast.com\/product\/yoast-seo-wordpress\/ -->\n<title>\u00bfQu\u00e9 ropa es la m\u00e1s adecuada para los primeros d\u00edas? - Agua mineral natural Bezoya<\/title>\n<meta name=\"description\" content=\"Ropas f\u00e1ciles de abrir, sin botones que puedan dejar alguna marca, y que resulte f\u00e1cil de introducir por su cabecita. Siempre lo m\u00e1s c\u00f3modo.\" \/>\n<meta name=\"robots\" content=\"index, follow, max-snippet:-1, max-image-preview:large, max-video-preview:-1\" \/>\n<link rel=\"canonical\" href=\"https:\/\/www.bezoya.es\/bebe-a-bordo\/blog-bab\/que-ropa-es-la-mas-adecuada-para-los-primeros-dias\/\" \/>\n<meta property=\"og:locale\" content=\"es_ES\" \/>\n<meta property=\"og:type\" content=\"article\" \/>\n<meta property=\"og:title\" content=\"\u00bfQu\u00e9 ropa es la m\u00e1s adecuada para los primeros d\u00edas? - Agua mineral natural Bezoya\" \/>\n<meta property=\"og:description\" content=\"Ropas f\u00e1ciles de abrir, sin botones que puedan dejar alguna marca, y que resulte f\u00e1cil de introducir por su cabecita. Siempre lo m\u00e1s c\u00f3modo.\" \/>\n<meta property=\"og:url\" content=\"https:\/\/www.bezoya.es\/bebe-a-bordo\/blog-bab\/que-ropa-es-la-mas-adecuada-para-los-primeros-dias\/\" \/>\n<meta property=\"og:site_name\" content=\"Agua mineral natural Bezoya\" \/>\n<meta property=\"article:published_time\" content=\"2013-10-01T10:37:08+00:00\" \/>\n<meta property=\"article:modified_time\" content=\"2024-04-23T20:17:43+00:00\" \/>\n<meta property=\"og:image\" content=\"https:\/\/www.bezoya.es\/bebe-a-bordo\/wp-content\/uploads\/2013\/10\/Captura.jpg\" \/>\n\t<meta property=\"og:image:width\" content=\"898\" \/>\n\t<meta property=\"og:image:height\" content=\"580\" \/>\n\t<meta property=\"og:image:type\" content=\"image\/jpeg\" \/>\n<meta name=\"author\" content=\"Beb\u00e9 a Bordo\" \/>\n<meta name=\"twitter:card\" content=\"summary_large_image\" \/>\n<meta name=\"twitter:label1\" content=\"Escrito por\" \/>\n\t<meta name=\"twitter:data1\" content=\"Beb\u00e9 a Bordo\" \/>\n\t<meta name=\"twitter:label2\" content=\"Tiempo de lectura\" \/>\n\t<meta name=\"twitter:data2\" content=\"2 minutos\" \/>\n<script type=\"application\/ld+json\" class=\"yoast-schema-graph\">{\"@context\":\"https:\/\/schema.org\",\"@graph\":[{\"@type\":\"Article\",\"@id\":\"https:\/\/www.bezoya.es\/bebe-a-bordo\/blog-bab\/que-ropa-es-la-mas-adecuada-para-los-primeros-dias\/#article\",\"isPartOf\":{\"@id\":\"https:\/\/www.bezoya.es\/bebe-a-bordo\/blog-bab\/que-ropa-es-la-mas-adecuada-para-los-primeros-dias\/\"},\"author\":{\"name\":\"Beb\u00e9 a Bordo\",\"@id\":\"https:\/\/www.bezoya.es\/bebe-a-bordo\/#\/schema\/person\/27f580841a0710199ed73bb8262c9de1\"},\"headline\":\"\u00bfQu\u00e9 ropa es la m\u00e1s adecuada para los primeros d\u00edas?\",\"datePublished\":\"2013-10-01T10:37:08+00:00\",\"dateModified\":\"2024-04-23T20:17:43+00:00\",\"mainEntityOfPage\":{\"@id\":\"https:\/\/www.bezoya.es\/bebe-a-bordo\/blog-bab\/que-ropa-es-la-mas-adecuada-para-los-primeros-dias\/\"},\"wordCount\":418,\"commentCount\":0,\"image\":{\"@id\":\"https:\/\/www.bezoya.es\/bebe-a-bordo\/blog-bab\/que-ropa-es-la-mas-adecuada-para-los-primeros-dias\/#primaryimage\"},\"thumbnailUrl\":\"https:\/\/www.bezoya.es\/bebe-a-bordo\/wp-content\/uploads\/2013\/10\/Captura.jpg\",\"articleSection\":[\"Blog Beb\u00e9 a Bordo\"],\"inLanguage\":\"es\",\"potentialAction\":[{\"@type\":\"CommentAction\",\"name\":\"Comment\",\"target\":[\"https:\/\/www.bezoya.es\/bebe-a-bordo\/blog-bab\/que-ropa-es-la-mas-adecuada-para-los-primeros-dias\/#respond\"]}]},{\"@type\":\"WebPage\",\"@id\":\"https:\/\/www.bezoya.es\/bebe-a-bordo\/blog-bab\/que-ropa-es-la-mas-adecuada-para-los-primeros-dias\/\",\"url\":\"https:\/\/www.bezoya.es\/bebe-a-bordo\/blog-bab\/que-ropa-es-la-mas-adecuada-para-los-primeros-dias\/\",\"name\":\"\u00bfQu\u00e9 ropa es la m\u00e1s adecuada para los primeros d\u00edas? - Agua mineral natural Bezoya\",\"isPartOf\":{\"@id\":\"https:\/\/www.bezoya.es\/bebe-a-bordo\/#website\"},\"primaryImageOfPage\":{\"@id\":\"https:\/\/www.bezoya.es\/bebe-a-bordo\/blog-bab\/que-ropa-es-la-mas-adecuada-para-los-primeros-dias\/#primaryimage\"},\"image\":{\"@id\":\"https:\/\/www.bezoya.es\/bebe-a-bordo\/blog-bab\/que-ropa-es-la-mas-adecuada-para-los-primeros-dias\/#primaryimage\"},\"thumbnailUrl\":\"https:\/\/www.bezoya.es\/bebe-a-bordo\/wp-content\/uploads\/2013\/10\/Captura.jpg\",\"datePublished\":\"2013-10-01T10:37:08+00:00\",\"dateModified\":\"2024-04-23T20:17:43+00:00\",\"author\":{\"@id\":\"https:\/\/www.bezoya.es\/bebe-a-bordo\/#\/schema\/person\/27f580841a0710199ed73bb8262c9de1\"},\"description\":\"Ropas f\u00e1ciles de abrir, sin botones que puedan dejar alguna marca, y que resulte f\u00e1cil de introducir por su cabecita. Siempre lo m\u00e1s c\u00f3modo.\",\"inLanguage\":\"es\",\"potentialAction\":[{\"@type\":\"ReadAction\",\"target\":[\"https:\/\/www.bezoya.es\/bebe-a-bordo\/blog-bab\/que-ropa-es-la-mas-adecuada-para-los-primeros-dias\/\"]}]},{\"@type\":\"ImageObject\",\"inLanguage\":\"es\",\"@id\":\"https:\/\/www.bezoya.es\/bebe-a-bordo\/blog-bab\/que-ropa-es-la-mas-adecuada-para-los-primeros-dias\/#primaryimage\",\"url\":\"https:\/\/www.bezoya.es\/bebe-a-bordo\/wp-content\/uploads\/2013\/10\/Captura.jpg\",\"contentUrl\":\"https:\/\/www.bezoya.es\/bebe-a-bordo\/wp-content\/uploads\/2013\/10\/Captura.jpg\",\"width\":898,\"height\":580},{\"@type\":\"WebSite\",\"@id\":\"https:\/\/www.bezoya.es\/bebe-a-bordo\/#website\",\"url\":\"https:\/\/www.bezoya.es\/bebe-a-bordo\/\",\"name\":\"Agua mineral natural Bezoya\",\"description\":\"El agua de mineralizaci\u00f3n muy d\u00e9bil\",\"potentialAction\":[{\"@type\":\"SearchAction\",\"target\":{\"@type\":\"EntryPoint\",\"urlTemplate\":\"https:\/\/www.bezoya.es\/bebe-a-bordo\/?s={search_term_string}\"},\"query-input\":{\"@type\":\"PropertyValueSpecification\",\"valueRequired\":true,\"valueName\":\"search_term_string\"}}],\"inLanguage\":\"es\"},{\"@type\":\"Person\",\"@id\":\"https:\/\/www.bezoya.es\/bebe-a-bordo\/#\/schema\/person\/27f580841a0710199ed73bb8262c9de1\",\"name\":\"Beb\u00e9 a Bordo\",\"image\":{\"@type\":\"ImageObject\",\"inLanguage\":\"es\",\"@id\":\"https:\/\/www.bezoya.es\/bebe-a-bordo\/#\/schema\/person\/image\/\",\"url\":\"https:\/\/secure.gravatar.com\/avatar\/0b0c609b63be1f5d579657e5afa8b15ebc59af1c9cca5c551ddcd2114a725785?s=96&d=mm&r=g\",\"contentUrl\":\"https:\/\/secure.gravatar.com\/avatar\/0b0c609b63be1f5d579657e5afa8b15ebc59af1c9cca5c551ddcd2114a725785?s=96&d=mm&r=g\",\"caption\":\"Beb\u00e9 a Bordo\"},\"description\":\"El baby coach de Bezoya que te acompa\u00f1a desde el embarazo, parto y postparto, hasta sus primeros pasos.\",\"url\":\"https:\/\/www.bezoya.es\/bebe-a-bordo\/author\/bebe-a-bordo\/\"}]}<\/script>\n<!-- \/ Yoast SEO plugin. -->","yoast_head_json":{"title":"\u00bfQu\u00e9 ropa es la m\u00e1s adecuada para los primeros d\u00edas? - Agua mineral natural Bezoya","description":"Ropas f\u00e1ciles de abrir, sin botones que puedan dejar alguna marca, y que resulte f\u00e1cil de introducir por su cabecita. Siempre lo m\u00e1s c\u00f3modo.","robots":{"index":"index","follow":"follow","max-snippet":"max-snippet:-1","max-image-preview":"max-image-preview:large","max-video-preview":"max-video-preview:-1"},"canonical":"https:\/\/www.bezoya.es\/bebe-a-bordo\/blog-bab\/que-ropa-es-la-mas-adecuada-para-los-primeros-dias\/","og_locale":"es_ES","og_type":"article","og_title":"\u00bfQu\u00e9 ropa es la m\u00e1s adecuada para los primeros d\u00edas? - Agua mineral natural Bezoya","og_description":"Ropas f\u00e1ciles de abrir, sin botones que puedan dejar alguna marca, y que resulte f\u00e1cil de introducir por su cabecita. Siempre lo m\u00e1s c\u00f3modo.","og_url":"https:\/\/www.bezoya.es\/bebe-a-bordo\/blog-bab\/que-ropa-es-la-mas-adecuada-para-los-primeros-dias\/","og_site_name":"Agua mineral natural Bezoya","article_published_time":"2013-10-01T10:37:08+00:00","article_modified_time":"2024-04-23T20:17:43+00:00","og_image":[{"width":898,"height":580,"url":"https:\/\/www.bezoya.es\/bebe-a-bordo\/wp-content\/uploads\/2013\/10\/Captura.jpg","type":"image\/jpeg"}],"author":"Beb\u00e9 a Bordo","twitter_card":"summary_large_image","twitter_misc":{"Escrito por":"Beb\u00e9 a Bordo","Tiempo de lectura":"2 minutos"},"schema":{"@context":"https:\/\/schema.org","@graph":[{"@type":"Article","@id":"https:\/\/www.bezoya.es\/bebe-a-bordo\/blog-bab\/que-ropa-es-la-mas-adecuada-para-los-primeros-dias\/#article","isPartOf":{"@id":"https:\/\/www.bezoya.es\/bebe-a-bordo\/blog-bab\/que-ropa-es-la-mas-adecuada-para-los-primeros-dias\/"},"author":{"name":"Beb\u00e9 a Bordo","@id":"https:\/\/www.bezoya.es\/bebe-a-bordo\/#\/schema\/person\/27f580841a0710199ed73bb8262c9de1"},"headline":"\u00bfQu\u00e9 ropa es la m\u00e1s adecuada para los primeros d\u00edas?","datePublished":"2013-10-01T10:37:08+00:00","dateModified":"2024-04-23T20:17:43+00:00","mainEntityOfPage":{"@id":"https:\/\/www.bezoya.es\/bebe-a-bordo\/blog-bab\/que-ropa-es-la-mas-adecuada-para-los-primeros-dias\/"},"wordCount":418,"commentCount":0,"image":{"@id":"https:\/\/www.bezoya.es\/bebe-a-bordo\/blog-bab\/que-ropa-es-la-mas-adecuada-para-los-primeros-dias\/#primaryimage"},"thumbnailUrl":"https:\/\/www.bezoya.es\/bebe-a-bordo\/wp-content\/uploads\/2013\/10\/Captura.jpg","articleSection":["Blog Beb\u00e9 a Bordo"],"inLanguage":"es","potentialAction":[{"@type":"CommentAction","name":"Comment","target":["https:\/\/www.bezoya.es\/bebe-a-bordo\/blog-bab\/que-ropa-es-la-mas-adecuada-para-los-primeros-dias\/#respond"]}]},{"@type":"WebPage","@id":"https:\/\/www.bezoya.es\/bebe-a-bordo\/blog-bab\/que-ropa-es-la-mas-adecuada-para-los-primeros-dias\/","url":"https:\/\/www.bezoya.es\/bebe-a-bordo\/blog-bab\/que-ropa-es-la-mas-adecuada-para-los-primeros-dias\/","name":"\u00bfQu\u00e9 ropa es la m\u00e1s adecuada para los primeros d\u00edas? - Agua mineral natural Bezoya","isPartOf":{"@id":"https:\/\/www.bezoya.es\/bebe-a-bordo\/#website"},"primaryImageOfPage":{"@id":"https:\/\/www.bezoya.es\/bebe-a-bordo\/blog-bab\/que-ropa-es-la-mas-adecuada-para-los-primeros-dias\/#primaryimage"},"image":{"@id":"https:\/\/www.bezoya.es\/bebe-a-bordo\/blog-bab\/que-ropa-es-la-mas-adecuada-para-los-primeros-dias\/#primaryimage"},"thumbnailUrl":"https:\/\/www.bezoya.es\/bebe-a-bordo\/wp-content\/uploads\/2013\/10\/Captura.jpg","datePublished":"2013-10-01T10:37:08+00:00","dateModified":"2024-04-23T20:17:43+00:00","author":{"@id":"https:\/\/www.bezoya.es\/bebe-a-bordo\/#\/schema\/person\/27f580841a0710199ed73bb8262c9de1"},"description":"Ropas f\u00e1ciles de abrir, sin botones que puedan dejar alguna marca, y que resulte f\u00e1cil de introducir por su cabecita. Siempre lo m\u00e1s c\u00f3modo.","inLanguage":"es","potentialAction":[{"@type":"ReadAction","target":["https:\/\/www.bezoya.es\/bebe-a-bordo\/blog-bab\/que-ropa-es-la-mas-adecuada-para-los-primeros-dias\/"]}]},{"@type":"ImageObject","inLanguage":"es","@id":"https:\/\/www.bezoya.es\/bebe-a-bordo\/blog-bab\/que-ropa-es-la-mas-adecuada-para-los-primeros-dias\/#primaryimage","url":"https:\/\/www.bezoya.es\/bebe-a-bordo\/wp-content\/uploads\/2013\/10\/Captura.jpg","contentUrl":"https:\/\/www.bezoya.es\/bebe-a-bordo\/wp-content\/uploads\/2013\/10\/Captura.jpg","width":898,"height":580},{"@type":"WebSite","@id":"https:\/\/www.bezoya.es\/bebe-a-bordo\/#website","url":"https:\/\/www.bezoya.es\/bebe-a-bordo\/","name":"Agua mineral natural Bezoya","description":"El agua de mineralizaci\u00f3n muy d\u00e9bil","potentialAction":[{"@type":"SearchAction","target":{"@type":"EntryPoint","urlTemplate":"https:\/\/www.bezoya.es\/bebe-a-bordo\/?s={search_term_string}"},"query-input":{"@type":"PropertyValueSpecification","valueRequired":true,"valueName":"search_term_string"}}],"inLanguage":"es"},{"@type":"Person","@id":"https:\/\/www.bezoya.es\/bebe-a-bordo\/#\/schema\/person\/27f580841a0710199ed73bb8262c9de1","name":"Beb\u00e9 a Bordo","image":{"@type":"ImageObject","inLanguage":"es","@id":"https:\/\/www.bezoya.es\/bebe-a-bordo\/#\/schema\/person\/image\/","url":"https:\/\/secure.gravatar.com\/avatar\/0b0c609b63be1f5d579657e5afa8b15ebc59af1c9cca5c551ddcd2114a725785?s=96&d=mm&r=g","contentUrl":"https:\/\/secure.gravatar.com\/avatar\/0b0c609b63be1f5d579657e5afa8b15ebc59af1c9cca5c551ddcd2114a725785?s=96&d=mm&r=g","caption":"Beb\u00e9 a Bordo"},"description":"El baby coach de Bezoya que te acompa\u00f1a desde el embarazo, parto y postparto, hasta sus primeros pasos.","url":"https:\/\/www.bezoya.es\/bebe-a-bordo\/author\/bebe-a-bordo\/"}]}},"views":1467,"_links":{"self":[{"href":"https:\/\/www.bezoya.es\/bebe-a-bordo\/wp-json\/wp\/v2\/posts\/1142","targetHints":{"allow":["GET"]}}],"collection":[{"href":"https:\/\/www.bezoya.es\/bebe-a-bordo\/wp-json\/wp\/v2\/posts"}],"about":[{"href":"https:\/\/www.bezoya.es\/bebe-a-bordo\/wp-json\/wp\/v2\/types\/post"}],"author":[{"embeddable":true,"href":"https:\/\/www.bezoya.es\/bebe-a-bordo\/wp-json\/wp\/v2\/users\/119"}],"replies":[{"embeddable":true,"href":"https:\/\/www.bezoya.es\/bebe-a-bordo\/wp-json\/wp\/v2\/comments?post=1142"}],"version-history":[{"count":3,"href":"https:\/\/www.bezoya.es\/bebe-a-bordo\/wp-json\/wp\/v2\/posts\/1142\/revisions"}],"predecessor-version":[{"id":18605,"href":"https:\/\/www.bezoya.es\/bebe-a-bordo\/wp-json\/wp\/v2\/posts\/1142\/revisions\/18605"}],"wp:featuredmedia":[{"embeddable":true,"href":"https:\/\/www.bezoya.es\/bebe-a-bordo\/wp-json\/wp\/v2\/media\/6408"}],"wp:attachment":[{"href":"https:\/\/www.bezoya.es\/bebe-a-bordo\/wp-json\/wp\/v2\/media?parent=1142"}],"wp:term":[{"taxonomy":"category","embeddable":true,"href":"https:\/\/www.bezoya.es\/bebe-a-bordo\/wp-json\/wp\/v2\/categories?post=1142"},{"taxonomy":"post_tag","embeddable":true,"href":"https:\/\/www.bezoya.es\/bebe-a-bordo\/wp-json\/wp\/v2\/tags?post=1142"},{"taxonomy":"categoriabab","embeddable":true,"href":"https:\/\/www.bezoya.es\/bebe-a-bordo\/wp-json\/wp\/v2\/categoriabab?post=1142"},{"taxonomy":"palabra_clave","embeddable":true,"href":"https:\/\/www.bezoya.es\/bebe-a-bordo\/wp-json\/wp\/v2\/palabra_clave?post=1142"}],"curies":[{"name":"wp","href":"https:\/\/api.w.org\/{rel}","templated":true}]}}