{"id":10865,"date":"2016-11-24T11:13:03","date_gmt":"2016-11-24T09:13:03","guid":{"rendered":"https:\/\/www.bezoya.es\/bebe-a-bordo\/?p=10865"},"modified":"2024-04-30T13:52:51","modified_gmt":"2024-04-30T11:52:51","slug":"primera-visita-pediatrica","status":"publish","type":"post","link":"https:\/\/www.bezoya.es\/bebe-a-bordo\/blog-bab\/primera-visita-pediatrica\/","title":{"rendered":"Primera visita pedi\u00e1trica"},"content":{"rendered":"<p>La primera visita al pediatra suele ser, en los casos en los que no ha habido consulta pedi\u00e1trica prenatal, el primer contacto de la familia reciente con el especialista que los acompa\u00f1ar\u00e1 en el proceso de crianza del nuevo integrante. Por ello se recomienda buscar informaci\u00f3n previamente, para elegir un profesional acorde con nuestra filosof\u00eda de vida y con los cuidados del beb\u00e9. Esta primera consulta suele ser a los 7-10 d\u00edas de vida del ni\u00f1o, una vez hemos salido del hospital en caso de parto hospitalario.<\/p>\n<p>En ella se recabar\u00e1 informaci\u00f3n sobre todos los antecedentes del embarazo y el parto, los h\u00e1bitos de vida de la familia -con especial atenci\u00f3n a la adaptaci\u00f3n al nuevo beb\u00e9-, c\u00f3mo se desarrolla la lactancia, y al estado de los padres (principalmente la mam\u00e1) y a su manejo y seguridad en el cuidado del peque\u00f1o.<\/p>\n<p style=\"text-align: center;\"><img loading=\"lazy\" decoding=\"async\" class=\"alignnone wp-image-10868 size-full\" src=\"https:\/\/www.bezoya.es\/bebe-a-bordo\/wp-content\/uploads\/2016\/10\/adappost01_01.jpg\" alt=\"Primera visita al pediatra\" width=\"500\" height=\"375\" srcset=\"https:\/\/www.bezoya.es\/bebe-a-bordo\/wp-content\/uploads\/2016\/10\/adappost01_01.jpg 500w, https:\/\/www.bezoya.es\/bebe-a-bordo\/wp-content\/uploads\/2016\/10\/adappost01_01-300x225.jpg 300w\" sizes=\"auto, (max-width: 500px) 100vw, 500px\" \/><\/p>\n<p>Tambi\u00e9n se realizar\u00e1 un examen f\u00edsico del reci\u00e9n nacido que incluye una exploraci\u00f3n general y la antropometr\u00eda: peso, talla y per\u00edmetro cef\u00e1lico, y en la medida de lo posible la observaci\u00f3n de una toma de pecho. Al realizar dicho examen hay algunas caracter\u00edsticas que es conveniente explicar a los padres:<\/p>\n<p>&#8211; la actitud flexionada del beb\u00e9, con brazos y piernas \u201crecogidos\u201d, es lo normal;<\/p>\n<p>&#8211; el color rosado de la piel y a veces un poco amarillo, pero con manos y pies m\u00e1s p\u00e1lidos y fr\u00edos. Pueden aparecer tambi\u00e9n peque\u00f1os granitos blancos en la nariz o mejillas (<em>millium); <\/em>manchas rojizas por todo el cuerpo, excepto palmas y plantas (<em>eritema t\u00f3xico)<\/em>; mancha azulada o gris\u00e1cea<em>, <\/em>en nalgas y zona lumbar (<em>mancha mong\u00f3lica); nevus o angiomas <\/em>simples en frente, p\u00e1rpados, nariz o nuca;<\/p>\n<p style=\"text-align: center;\"><img loading=\"lazy\" decoding=\"async\" class=\"alignnone wp-image-10869 size-full\" src=\"https:\/\/www.bezoya.es\/bebe-a-bordo\/wp-content\/uploads\/2016\/10\/adappost01_02.jpg\" alt=\"Primera visita al pediatra\" width=\"500\" height=\"375\" srcset=\"https:\/\/www.bezoya.es\/bebe-a-bordo\/wp-content\/uploads\/2016\/10\/adappost01_02.jpg 500w, https:\/\/www.bezoya.es\/bebe-a-bordo\/wp-content\/uploads\/2016\/10\/adappost01_02-300x225.jpg 300w\" sizes=\"auto, (max-width: 500px) 100vw, 500px\" \/><\/p>\n<p>&#8211; las <em>fontanelas anterior y posterior <\/em>son dos zonas blandas en la cabeza, y las suturas son las l\u00edneas de uni\u00f3n de los huesos que pueden estar acabalgadas (cord\u00f3n palpable) los primeros d\u00edas;<\/p>\n<p>&#8211; la lengua tiene que poder moverse libremente arriba y fuera de la boca. Si no es as\u00ed, puede que se deba a un frenillo sublingual corto que, cuando dificulta la lactancia, se tiene que solucionar cuanto antes;<\/p>\n<p>&#8211; la respiraci\u00f3n suele ser irregular y se acompa\u00f1a de movimiento del abdomen;<\/p>\n<p>&#8211; el cord\u00f3n umbilical se va secando y oscureciendo hasta caer espont\u00e1neamente en pocos d\u00edas (aunque a veces tarda dos o tres semanas). Se debe lavar bien con agua y jab\u00f3n y mantener bien seco;<\/p>\n<p>&#8211; no es aconsejable retirar la piel del prepucio;<\/p>\n<p>&#8211; puede haber, por efecto de las hormonas maternas, tanto en ni\u00f1as como en ni\u00f1os, crecimiento mamario y hasta secreci\u00f3n blanquecina en una o ambas mamas (\u201cleche de brujas\u201d), y en las ni\u00f1as flujo e incluso sangrado vaginal, que desaparecer\u00e1n espont\u00e1neamente al cabo de unos cuantos d\u00edas;<\/p>\n<p style=\"text-align: center;\"><img loading=\"lazy\" decoding=\"async\" class=\"alignnone wp-image-10870 size-full\" src=\"https:\/\/www.bezoya.es\/bebe-a-bordo\/wp-content\/uploads\/2016\/10\/adappost01_04.jpg\" alt=\"Primera visita al pediatra\" width=\"500\" height=\"375\" srcset=\"https:\/\/www.bezoya.es\/bebe-a-bordo\/wp-content\/uploads\/2016\/10\/adappost01_04.jpg 500w, https:\/\/www.bezoya.es\/bebe-a-bordo\/wp-content\/uploads\/2016\/10\/adappost01_04-300x225.jpg 300w\" sizes=\"auto, (max-width: 500px) 100vw, 500px\" \/><\/p>\n<p>&#8211; si al revisar las caderas hay alguna alteraci\u00f3n, el beb\u00e9 es una ni\u00f1a, el parto fue de nalgas y\/o hay antecedentes familiares de problemas de cadera, el pediatra valorar\u00e1 pedir una ecograf\u00eda de caderas entre las 4-8 semanas;<\/p>\n<p>&#8211; los signos de alerta en cuanto a desarrollo psicomotor ser\u00e1n: irritabilidad persistente, no fijaci\u00f3n de la mirada y ausencia de reacci\u00f3n con los ruidos. Normalmente ya tendremos los resultados de las pruebas de detecci\u00f3n precoz auditiva y metab\u00f3lica que se realizan los primeros d\u00edas de vida (idealmente antes del alta hospitalaria) y que nos orientar\u00e1n tambi\u00e9n en este sentido;<\/p>\n<p>&#8211; el beb\u00e9 puede estar dormido la mayor parte del tiempo, unas 16-20 horas al d\u00eda y despertar solo para comer unas 8-12 veces, aunque sus ciclos de sue\u00f1o son cortos y se despertar\u00e1 con frecuencia. Se dar\u00e1n pautas de sue\u00f1o seguro para favorecer la lactancia y el descanso materno;<\/p>\n<p>&#8211; los beb\u00e9s sufren una p\u00e9rdida de peso los primeros d\u00edas que no suele superar el 7-10% del peso de nacimiento y que se suele recuperar entre los 7 y 10 d\u00edas de vida.<\/p>\n<p style=\"text-align: center;\"><img loading=\"lazy\" decoding=\"async\" class=\"alignnone wp-image-10871 size-full\" src=\"https:\/\/www.bezoya.es\/bebe-a-bordo\/wp-content\/uploads\/2016\/10\/adappost01_05.jpg\" alt=\"Primera visita al pediatra\" width=\"500\" height=\"375\" srcset=\"https:\/\/www.bezoya.es\/bebe-a-bordo\/wp-content\/uploads\/2016\/10\/adappost01_05.jpg 500w, https:\/\/www.bezoya.es\/bebe-a-bordo\/wp-content\/uploads\/2016\/10\/adappost01_05-300x225.jpg 300w\" sizes=\"auto, (max-width: 500px) 100vw, 500px\" \/><\/p>\n<p>Las recomendaciones en esta primera consulta, adem\u00e1s de lo que se vaya comentando mientras se revisa al beb\u00e9, ir\u00e1n entorno a favorecer el contacto f\u00edsico y el est\u00edmulo verbal, las pautas de higiene y cuidados generales, evitar tabaquismo y adicciones, y a la prevenci\u00f3n de accidentes: temperatura adecuada del agua del ba\u00f1o, evitar ingerir l\u00edquidos calientes con el beb\u00e9 en brazos, precauciones para evitar ca\u00eddas, posici\u00f3n para dormir boca arriba o de lado como prevenci\u00f3n de la muerte s\u00fabita del lactante, cambios posturales para evitar la plagiocefalia, seguridad en el coche etc.<\/p>\n<p>La visita finalizar\u00e1 asegurando que no hayan quedado dudas o preguntas por responder, y en caso de que todo sea correcto, se dar\u00e1 cita al mes de vida facilitando la opci\u00f3n de contacto antes de esa fecha si surgen problemas o signos de alarma. Es buena idea durante este tiempo ir apuntando las dudas que vayan surgiendo para aclararlas en la siguiente visita sin dejarnos ninguna!<\/p>\n<p style=\"text-align: right;\">Para mas informaci\u00f3n:<\/p>\n<p style=\"text-align: right;\"><a href=\"http:\/\/enfamilia.aeped.es\" target=\"_blank\" rel=\"noopener noreferrer\">http:\/\/enfamilia.aeped.es<\/a><\/p>\n<p style=\"text-align: right;\"><a href=\"http:\/\/www.familiaysalud.es\" target=\"_blank\" rel=\"noopener noreferrer\">http:\/\/www.familiaysalud.es<\/a><\/p>\n<p style=\"text-align: right;\"><strong>Paula Rodr\u00edguez<\/strong><\/p>\n","protected":false},"excerpt":{"rendered":"<p>La primera visita al pediatra suele ser, en los casos en los que no ha habido consulta pedi\u00e1trica prenatal, el primer contacto de la familia reciente con el especialista que los acompa\u00f1ar\u00e1 en el proceso de crianza del nuevo integrante. Por ello se recomienda buscar informaci\u00f3n previamente, para elegir un profesional acorde con nuestra filosof\u00eda de vida y con los cuidados del beb\u00e9. Esta primera consulta suele ser a los 7-10 d\u00edas de vida del ni\u00f1o, una vez hemos salido del hospital en caso de parto hospitalario. En ella se recabar\u00e1 informaci\u00f3n sobre todos los antecedentes del embarazo y el &#8230;<\/p>\n","protected":false},"author":119,"featured_media":10867,"comment_status":"open","ping_status":"open","sticky":false,"template":"","format":"standard","meta":{"_acf_changed":false,"inline_featured_image":false,"footnotes":""},"categories":[7],"tags":[],"categoriabab":[674,675],"palabra_clave":[997],"class_list":["post-10865","post","type-post","status-publish","format-standard","has-post-thumbnail","hentry","category-blog-bab","categoriabab-parto-y-posparto","categoriabab-crianza-hasta-los-2-anos"],"acf":[],"yoast_head":"<!-- This site is optimized with the Yoast SEO plugin v27.1.1 - https:\/\/yoast.com\/product\/yoast-seo-wordpress\/ -->\n<title>Primera visita pedi\u00e1trica - Agua mineral natural Bezoya<\/title>\n<meta name=\"robots\" content=\"index, follow, max-snippet:-1, max-image-preview:large, max-video-preview:-1\" \/>\n<link rel=\"canonical\" href=\"https:\/\/www.bezoya.es\/bebe-a-bordo\/blog-bab\/primera-visita-pediatrica\/\" \/>\n<meta property=\"og:locale\" content=\"es_ES\" \/>\n<meta property=\"og:type\" content=\"article\" \/>\n<meta property=\"og:title\" content=\"Primera visita pedi\u00e1trica - Agua mineral natural Bezoya\" \/>\n<meta property=\"og:description\" content=\"La primera visita al pediatra suele ser, en los casos en los que no ha habido consulta pedi\u00e1trica prenatal, el primer contacto de la familia reciente con el especialista que los acompa\u00f1ar\u00e1 en el proceso de crianza del nuevo integrante. Por ello se recomienda buscar informaci\u00f3n previamente, para elegir un profesional acorde con nuestra filosof\u00eda de vida y con los cuidados del beb\u00e9. Esta primera consulta suele ser a los 7-10 d\u00edas de vida del ni\u00f1o, una vez hemos salido del hospital en caso de parto hospitalario. En ella se recabar\u00e1 informaci\u00f3n sobre todos los antecedentes del embarazo y el ...\" \/>\n<meta property=\"og:url\" content=\"https:\/\/www.bezoya.es\/bebe-a-bordo\/blog-bab\/primera-visita-pediatrica\/\" \/>\n<meta property=\"og:site_name\" content=\"Agua mineral natural Bezoya\" \/>\n<meta property=\"article:published_time\" content=\"2016-11-24T09:13:03+00:00\" \/>\n<meta property=\"article:modified_time\" content=\"2024-04-30T11:52:51+00:00\" \/>\n<meta property=\"og:image\" content=\"https:\/\/www.bezoya.es\/bebe-a-bordo\/wp-content\/uploads\/2016\/10\/adappost01_03.jpg\" \/>\n\t<meta property=\"og:image:width\" content=\"500\" \/>\n\t<meta property=\"og:image:height\" content=\"375\" \/>\n\t<meta property=\"og:image:type\" content=\"image\/jpeg\" \/>\n<meta name=\"author\" content=\"Beb\u00e9 a Bordo\" \/>\n<meta name=\"twitter:card\" content=\"summary_large_image\" \/>\n<meta name=\"twitter:label1\" content=\"Escrito por\" \/>\n\t<meta name=\"twitter:data1\" content=\"Beb\u00e9 a Bordo\" \/>\n\t<meta name=\"twitter:label2\" content=\"Tiempo de lectura\" \/>\n\t<meta name=\"twitter:data2\" content=\"5 minutos\" \/>\n<script type=\"application\/ld+json\" class=\"yoast-schema-graph\">{\"@context\":\"https:\/\/schema.org\",\"@graph\":[{\"@type\":\"Article\",\"@id\":\"https:\/\/www.bezoya.es\/bebe-a-bordo\/blog-bab\/primera-visita-pediatrica\/#article\",\"isPartOf\":{\"@id\":\"https:\/\/www.bezoya.es\/bebe-a-bordo\/blog-bab\/primera-visita-pediatrica\/\"},\"author\":{\"name\":\"Beb\u00e9 a Bordo\",\"@id\":\"https:\/\/www.bezoya.es\/bebe-a-bordo\/#\/schema\/person\/27f580841a0710199ed73bb8262c9de1\"},\"headline\":\"Primera visita pedi\u00e1trica\",\"datePublished\":\"2016-11-24T09:13:03+00:00\",\"dateModified\":\"2024-04-30T11:52:51+00:00\",\"mainEntityOfPage\":{\"@id\":\"https:\/\/www.bezoya.es\/bebe-a-bordo\/blog-bab\/primera-visita-pediatrica\/\"},\"wordCount\":886,\"commentCount\":0,\"image\":{\"@id\":\"https:\/\/www.bezoya.es\/bebe-a-bordo\/blog-bab\/primera-visita-pediatrica\/#primaryimage\"},\"thumbnailUrl\":\"https:\/\/www.bezoya.es\/bebe-a-bordo\/wp-content\/uploads\/2016\/10\/adappost01_03.jpg\",\"articleSection\":[\"Blog Beb\u00e9 a Bordo\"],\"inLanguage\":\"es\",\"potentialAction\":[{\"@type\":\"CommentAction\",\"name\":\"Comment\",\"target\":[\"https:\/\/www.bezoya.es\/bebe-a-bordo\/blog-bab\/primera-visita-pediatrica\/#respond\"]}]},{\"@type\":\"WebPage\",\"@id\":\"https:\/\/www.bezoya.es\/bebe-a-bordo\/blog-bab\/primera-visita-pediatrica\/\",\"url\":\"https:\/\/www.bezoya.es\/bebe-a-bordo\/blog-bab\/primera-visita-pediatrica\/\",\"name\":\"Primera visita pedi\u00e1trica - Agua mineral natural Bezoya\",\"isPartOf\":{\"@id\":\"https:\/\/www.bezoya.es\/bebe-a-bordo\/#website\"},\"primaryImageOfPage\":{\"@id\":\"https:\/\/www.bezoya.es\/bebe-a-bordo\/blog-bab\/primera-visita-pediatrica\/#primaryimage\"},\"image\":{\"@id\":\"https:\/\/www.bezoya.es\/bebe-a-bordo\/blog-bab\/primera-visita-pediatrica\/#primaryimage\"},\"thumbnailUrl\":\"https:\/\/www.bezoya.es\/bebe-a-bordo\/wp-content\/uploads\/2016\/10\/adappost01_03.jpg\",\"datePublished\":\"2016-11-24T09:13:03+00:00\",\"dateModified\":\"2024-04-30T11:52:51+00:00\",\"author\":{\"@id\":\"https:\/\/www.bezoya.es\/bebe-a-bordo\/#\/schema\/person\/27f580841a0710199ed73bb8262c9de1\"},\"inLanguage\":\"es\",\"potentialAction\":[{\"@type\":\"ReadAction\",\"target\":[\"https:\/\/www.bezoya.es\/bebe-a-bordo\/blog-bab\/primera-visita-pediatrica\/\"]}]},{\"@type\":\"ImageObject\",\"inLanguage\":\"es\",\"@id\":\"https:\/\/www.bezoya.es\/bebe-a-bordo\/blog-bab\/primera-visita-pediatrica\/#primaryimage\",\"url\":\"https:\/\/www.bezoya.es\/bebe-a-bordo\/wp-content\/uploads\/2016\/10\/adappost01_03.jpg\",\"contentUrl\":\"https:\/\/www.bezoya.es\/bebe-a-bordo\/wp-content\/uploads\/2016\/10\/adappost01_03.jpg\",\"width\":500,\"height\":375,\"caption\":\"Primera visita al pediatra\"},{\"@type\":\"WebSite\",\"@id\":\"https:\/\/www.bezoya.es\/bebe-a-bordo\/#website\",\"url\":\"https:\/\/www.bezoya.es\/bebe-a-bordo\/\",\"name\":\"Agua mineral natural Bezoya\",\"description\":\"El agua de mineralizaci\u00f3n muy d\u00e9bil\",\"potentialAction\":[{\"@type\":\"SearchAction\",\"target\":{\"@type\":\"EntryPoint\",\"urlTemplate\":\"https:\/\/www.bezoya.es\/bebe-a-bordo\/?s={search_term_string}\"},\"query-input\":{\"@type\":\"PropertyValueSpecification\",\"valueRequired\":true,\"valueName\":\"search_term_string\"}}],\"inLanguage\":\"es\"},{\"@type\":\"Person\",\"@id\":\"https:\/\/www.bezoya.es\/bebe-a-bordo\/#\/schema\/person\/27f580841a0710199ed73bb8262c9de1\",\"name\":\"Beb\u00e9 a Bordo\",\"image\":{\"@type\":\"ImageObject\",\"inLanguage\":\"es\",\"@id\":\"https:\/\/www.bezoya.es\/bebe-a-bordo\/#\/schema\/person\/image\/\",\"url\":\"https:\/\/secure.gravatar.com\/avatar\/0b0c609b63be1f5d579657e5afa8b15ebc59af1c9cca5c551ddcd2114a725785?s=96&d=mm&r=g\",\"contentUrl\":\"https:\/\/secure.gravatar.com\/avatar\/0b0c609b63be1f5d579657e5afa8b15ebc59af1c9cca5c551ddcd2114a725785?s=96&d=mm&r=g\",\"caption\":\"Beb\u00e9 a Bordo\"},\"description\":\"El baby coach de Bezoya que te acompa\u00f1a desde el embarazo, parto y postparto, hasta sus primeros pasos.\",\"url\":\"https:\/\/www.bezoya.es\/bebe-a-bordo\/author\/bebe-a-bordo\/\"}]}<\/script>\n<!-- \/ Yoast SEO plugin. -->","yoast_head_json":{"title":"Primera visita pedi\u00e1trica - Agua mineral natural Bezoya","robots":{"index":"index","follow":"follow","max-snippet":"max-snippet:-1","max-image-preview":"max-image-preview:large","max-video-preview":"max-video-preview:-1"},"canonical":"https:\/\/www.bezoya.es\/bebe-a-bordo\/blog-bab\/primera-visita-pediatrica\/","og_locale":"es_ES","og_type":"article","og_title":"Primera visita pedi\u00e1trica - Agua mineral natural Bezoya","og_description":"La primera visita al pediatra suele ser, en los casos en los que no ha habido consulta pedi\u00e1trica prenatal, el primer contacto de la familia reciente con el especialista que los acompa\u00f1ar\u00e1 en el proceso de crianza del nuevo integrante. Por ello se recomienda buscar informaci\u00f3n previamente, para elegir un profesional acorde con nuestra filosof\u00eda de vida y con los cuidados del beb\u00e9. Esta primera consulta suele ser a los 7-10 d\u00edas de vida del ni\u00f1o, una vez hemos salido del hospital en caso de parto hospitalario. En ella se recabar\u00e1 informaci\u00f3n sobre todos los antecedentes del embarazo y el ...","og_url":"https:\/\/www.bezoya.es\/bebe-a-bordo\/blog-bab\/primera-visita-pediatrica\/","og_site_name":"Agua mineral natural Bezoya","article_published_time":"2016-11-24T09:13:03+00:00","article_modified_time":"2024-04-30T11:52:51+00:00","og_image":[{"width":500,"height":375,"url":"https:\/\/www.bezoya.es\/bebe-a-bordo\/wp-content\/uploads\/2016\/10\/adappost01_03.jpg","type":"image\/jpeg"}],"author":"Beb\u00e9 a Bordo","twitter_card":"summary_large_image","twitter_misc":{"Escrito por":"Beb\u00e9 a Bordo","Tiempo de lectura":"5 minutos"},"schema":{"@context":"https:\/\/schema.org","@graph":[{"@type":"Article","@id":"https:\/\/www.bezoya.es\/bebe-a-bordo\/blog-bab\/primera-visita-pediatrica\/#article","isPartOf":{"@id":"https:\/\/www.bezoya.es\/bebe-a-bordo\/blog-bab\/primera-visita-pediatrica\/"},"author":{"name":"Beb\u00e9 a Bordo","@id":"https:\/\/www.bezoya.es\/bebe-a-bordo\/#\/schema\/person\/27f580841a0710199ed73bb8262c9de1"},"headline":"Primera visita pedi\u00e1trica","datePublished":"2016-11-24T09:13:03+00:00","dateModified":"2024-04-30T11:52:51+00:00","mainEntityOfPage":{"@id":"https:\/\/www.bezoya.es\/bebe-a-bordo\/blog-bab\/primera-visita-pediatrica\/"},"wordCount":886,"commentCount":0,"image":{"@id":"https:\/\/www.bezoya.es\/bebe-a-bordo\/blog-bab\/primera-visita-pediatrica\/#primaryimage"},"thumbnailUrl":"https:\/\/www.bezoya.es\/bebe-a-bordo\/wp-content\/uploads\/2016\/10\/adappost01_03.jpg","articleSection":["Blog Beb\u00e9 a Bordo"],"inLanguage":"es","potentialAction":[{"@type":"CommentAction","name":"Comment","target":["https:\/\/www.bezoya.es\/bebe-a-bordo\/blog-bab\/primera-visita-pediatrica\/#respond"]}]},{"@type":"WebPage","@id":"https:\/\/www.bezoya.es\/bebe-a-bordo\/blog-bab\/primera-visita-pediatrica\/","url":"https:\/\/www.bezoya.es\/bebe-a-bordo\/blog-bab\/primera-visita-pediatrica\/","name":"Primera visita pedi\u00e1trica - Agua mineral natural Bezoya","isPartOf":{"@id":"https:\/\/www.bezoya.es\/bebe-a-bordo\/#website"},"primaryImageOfPage":{"@id":"https:\/\/www.bezoya.es\/bebe-a-bordo\/blog-bab\/primera-visita-pediatrica\/#primaryimage"},"image":{"@id":"https:\/\/www.bezoya.es\/bebe-a-bordo\/blog-bab\/primera-visita-pediatrica\/#primaryimage"},"thumbnailUrl":"https:\/\/www.bezoya.es\/bebe-a-bordo\/wp-content\/uploads\/2016\/10\/adappost01_03.jpg","datePublished":"2016-11-24T09:13:03+00:00","dateModified":"2024-04-30T11:52:51+00:00","author":{"@id":"https:\/\/www.bezoya.es\/bebe-a-bordo\/#\/schema\/person\/27f580841a0710199ed73bb8262c9de1"},"inLanguage":"es","potentialAction":[{"@type":"ReadAction","target":["https:\/\/www.bezoya.es\/bebe-a-bordo\/blog-bab\/primera-visita-pediatrica\/"]}]},{"@type":"ImageObject","inLanguage":"es","@id":"https:\/\/www.bezoya.es\/bebe-a-bordo\/blog-bab\/primera-visita-pediatrica\/#primaryimage","url":"https:\/\/www.bezoya.es\/bebe-a-bordo\/wp-content\/uploads\/2016\/10\/adappost01_03.jpg","contentUrl":"https:\/\/www.bezoya.es\/bebe-a-bordo\/wp-content\/uploads\/2016\/10\/adappost01_03.jpg","width":500,"height":375,"caption":"Primera visita al pediatra"},{"@type":"WebSite","@id":"https:\/\/www.bezoya.es\/bebe-a-bordo\/#website","url":"https:\/\/www.bezoya.es\/bebe-a-bordo\/","name":"Agua mineral natural Bezoya","description":"El agua de mineralizaci\u00f3n muy d\u00e9bil","potentialAction":[{"@type":"SearchAction","target":{"@type":"EntryPoint","urlTemplate":"https:\/\/www.bezoya.es\/bebe-a-bordo\/?s={search_term_string}"},"query-input":{"@type":"PropertyValueSpecification","valueRequired":true,"valueName":"search_term_string"}}],"inLanguage":"es"},{"@type":"Person","@id":"https:\/\/www.bezoya.es\/bebe-a-bordo\/#\/schema\/person\/27f580841a0710199ed73bb8262c9de1","name":"Beb\u00e9 a Bordo","image":{"@type":"ImageObject","inLanguage":"es","@id":"https:\/\/www.bezoya.es\/bebe-a-bordo\/#\/schema\/person\/image\/","url":"https:\/\/secure.gravatar.com\/avatar\/0b0c609b63be1f5d579657e5afa8b15ebc59af1c9cca5c551ddcd2114a725785?s=96&d=mm&r=g","contentUrl":"https:\/\/secure.gravatar.com\/avatar\/0b0c609b63be1f5d579657e5afa8b15ebc59af1c9cca5c551ddcd2114a725785?s=96&d=mm&r=g","caption":"Beb\u00e9 a Bordo"},"description":"El baby coach de Bezoya que te acompa\u00f1a desde el embarazo, parto y postparto, hasta sus primeros pasos.","url":"https:\/\/www.bezoya.es\/bebe-a-bordo\/author\/bebe-a-bordo\/"}]}},"views":1580,"_links":{"self":[{"href":"https:\/\/www.bezoya.es\/bebe-a-bordo\/wp-json\/wp\/v2\/posts\/10865","targetHints":{"allow":["GET"]}}],"collection":[{"href":"https:\/\/www.bezoya.es\/bebe-a-bordo\/wp-json\/wp\/v2\/posts"}],"about":[{"href":"https:\/\/www.bezoya.es\/bebe-a-bordo\/wp-json\/wp\/v2\/types\/post"}],"author":[{"embeddable":true,"href":"https:\/\/www.bezoya.es\/bebe-a-bordo\/wp-json\/wp\/v2\/users\/119"}],"replies":[{"embeddable":true,"href":"https:\/\/www.bezoya.es\/bebe-a-bordo\/wp-json\/wp\/v2\/comments?post=10865"}],"version-history":[{"count":7,"href":"https:\/\/www.bezoya.es\/bebe-a-bordo\/wp-json\/wp\/v2\/posts\/10865\/revisions"}],"predecessor-version":[{"id":18468,"href":"https:\/\/www.bezoya.es\/bebe-a-bordo\/wp-json\/wp\/v2\/posts\/10865\/revisions\/18468"}],"wp:featuredmedia":[{"embeddable":true,"href":"https:\/\/www.bezoya.es\/bebe-a-bordo\/wp-json\/wp\/v2\/media\/10867"}],"wp:attachment":[{"href":"https:\/\/www.bezoya.es\/bebe-a-bordo\/wp-json\/wp\/v2\/media?parent=10865"}],"wp:term":[{"taxonomy":"category","embeddable":true,"href":"https:\/\/www.bezoya.es\/bebe-a-bordo\/wp-json\/wp\/v2\/categories?post=10865"},{"taxonomy":"post_tag","embeddable":true,"href":"https:\/\/www.bezoya.es\/bebe-a-bordo\/wp-json\/wp\/v2\/tags?post=10865"},{"taxonomy":"categoriabab","embeddable":true,"href":"https:\/\/www.bezoya.es\/bebe-a-bordo\/wp-json\/wp\/v2\/categoriabab?post=10865"},{"taxonomy":"palabra_clave","embeddable":true,"href":"https:\/\/www.bezoya.es\/bebe-a-bordo\/wp-json\/wp\/v2\/palabra_clave?post=10865"}],"curies":[{"name":"wp","href":"https:\/\/api.w.org\/{rel}","templated":true}]}}