{"id":10700,"date":"2016-09-29T10:40:49","date_gmt":"2016-09-29T08:40:49","guid":{"rendered":"https:\/\/www.bezoya.es\/bebe-a-bordo\/?p=10700"},"modified":"2024-04-30T13:54:49","modified_gmt":"2024-04-30T11:54:49","slug":"mindfulness-mamas-estresadas","status":"publish","type":"post","link":"https:\/\/www.bezoya.es\/bebe-a-bordo\/blog-bab\/mindfulness-mamas-estresadas\/","title":{"rendered":"Mindfulness para mam\u00e1s estresadas"},"content":{"rendered":"<p>Quiz\u00e1s te suenen las siguientes frases\u2026 \u201cHe acabado el d\u00eda y tengo la sensaci\u00f3n de que no lo he disfrutado\u201d, \u201ctengo demasiada carga de trabajo\u201d, \u201csiento que no llego a nada, me falta tiempo\u201d, \u201ctengo demasiado estr\u00e9s\u201d. El trabajo, los ni\u00f1os, la casa, la pareja, tu vida social\u2026 \u00bfSigo? Todo se agolpa delante de una y parece que no tenga fin. \u00bfAlguna sugerencia?<\/p>\n<p>Puede que la respuesta no est\u00e9 tan lejos de ti, te dar\u00e9 alguna pista\u2026.<\/p>\n<p>Ha sido portada de la revista Time y peri\u00f3dicos y revistas de todo el mundo est\u00e1n publicando art\u00edculos sobre ello. Grandes compa\u00f1\u00edas como Google, Apple, Yahoo, Ford o Intel comienzan a contemplarlo dentro de su plan de formaci\u00f3n, y no, no es ninguna pastilla milagrosa: de hecho el \u201cremedio\u201d no est\u00e1 fuera, sino dentro. \u00bfQuieres alguna pista m\u00e1s? Se han escrito cientos de art\u00edculos sobre \u00e9l en las m\u00e1s prestigiosas revistas de Ciencia, como <em>Scientific American<\/em> o la <em>American Psychological Association<\/em>, gracias a los grandes beneficios que ofrece a nivel psicol\u00f3gico, emocional y f\u00edsico. \u00bfAdivinas de qu\u00e9 se trata? Su nombre es Mindfulness y se ha mostrado eficaz en multitud de tratamientos, entre ellos los efectos negativos del estr\u00e9s. \u00bfInteresante?<\/p>\n<p>Definitivamente <strong>Mindfulness<\/strong> est\u00e1 de moda. Pero \u00bfQu\u00e9 es? \u00bfC\u00f3mo se practica? \u00bfPodr\u00e9 hacerlo? \u00bfHa sido probado cient\u00edficamente? \u00bfD\u00f3nde puedo aprenderlo? Intentar\u00e9 responderte a estas y a otras preguntas.<\/p>\n<p>Desde que en la Universidad de Massachusetts se probara un programa pionero de Intervenci\u00f3n para la reducci\u00f3n del estr\u00e9s llamado MBSR (<em>Mindfulness Based Stress Reduction<\/em>), el inter\u00e9s por esta manera especial de meditaci\u00f3n no ha parado de crecer. Y no es para menos, ya que este programa ha demostrado su eficacia en m\u00e1s de 20.000 pacientes y se ha implantado ya en m\u00e1s de 250 hospitales de Estados Unidos. A partir del a\u00f1o 2010, la investigaci\u00f3n sobre Mindfulness y sus aplicaciones pr\u00e1cticas ha crecido de manera exponencial, abarcando materias como la neurociencia, la medicina, la psicolog\u00eda cl\u00ednica, la psicoterapia o el mundo del trabajo social entre otros.<\/p>\n<p>Mindfulness se ha traducido normalmente por \u201cConciencia Plena\u201d, \u201cAtenci\u00f3n Plena\u201d, o m\u00e1s recientemente como \u201cMeditaci\u00f3n de Atenci\u00f3n Plena\u201d pero, en realidad, es un anglicismo de la palabra de origen Pali, \u201csati\u201d, que originalmente significaba atenci\u00f3n y recuerdo con conciencia para no olvidar.<\/p>\n<p>La forma de ponerlo en pr\u00e1ctica, expuesta de manera simple pero no por ello sencilla, ser\u00eda la siguiente:<\/p>\n<p>La idea principal es prestar atenci\u00f3n de manera consciente a todo lo que nos ocurre de manera subjetiva a nosotras mismas (qu\u00e9 siento, qu\u00e9 pienso, cu\u00e1les son mis emociones en este momento, etc) y, una vez reconocidas, observarlas tal y como son sin identificarnos con ellas. A la vez, hemos de ser conscientes de lo que est\u00e1 pasando a nuestro alrededor -qu\u00e9 est\u00e1 sucediendo- pero observ\u00e1ndolo (siempre desde nuestras posibilidades) desde esa misma perspectiva de \u201cobservadora neutral\u201d. Esta observaci\u00f3n interna y externa ha de estar (en la medida de lo posible) libre de juicios para permitirnos no reaccionar de manera autom\u00e1tica y as\u00ed poder decidir c\u00f3mo actuar de la manera id\u00f3nea.<\/p>\n<p>El \u201ccontrol\u201d del que estamos hablando no es magia, sino que viene dado por una capacidad humana de inhibici\u00f3n de los impulsos modulada por el l\u00f3bulo frontal, la cual permite que no reaccionemos ante las experiencias en modo \u201cpiloto autom\u00e1tico\u201d sino de manera totalmente consciente. Sin embargo, esta capacidad innata necesita de pr\u00e1ctica para poder cultivarla y fortalecerla.<\/p>\n<p style=\"text-align: center;\"><img loading=\"lazy\" decoding=\"async\" class=\"alignnone wp-image-10705 size-full\" src=\"https:\/\/www.bezoya.es\/bebe-a-bordo\/wp-content\/uploads\/2016\/09\/mildfullness03.jpg\" alt=\"Mindfulness para combatir el estr\u00e9s\" width=\"500\" height=\"375\" srcset=\"https:\/\/www.bezoya.es\/bebe-a-bordo\/wp-content\/uploads\/2016\/09\/mildfullness03.jpg 500w, https:\/\/www.bezoya.es\/bebe-a-bordo\/wp-content\/uploads\/2016\/09\/mildfullness03-300x225.jpg 300w\" sizes=\"auto, (max-width: 500px) 100vw, 500px\" \/><\/p>\n<p>Resumiendo, Mindfulness ser\u00eda pues un tipo especial de meditaci\u00f3n, absolutamente desprovista de elementos religiosos, que nos ayuda a <strong>focalizar la atenci\u00f3n de manera consciente<\/strong>; que <strong>observa<\/strong> <strong>la experiencia<\/strong> (tanto interna como externa) <strong>con aceptaci\u00f3n<\/strong>; y cultiva y <strong>cuida<\/strong> <strong>la intenci\u00f3n<\/strong> y <strong>la actitud<\/strong> que tenemos en ese momento ante la situaci\u00f3n dada.<\/p>\n<p>Para aprender a practicar el Mindfuness normalmente se acude a centros donde se ense\u00f1an estos programas, como por ejemplo el MBSR o el MB-EPC. Es importante que te informes si dicho programa est\u00e1 validado y si el instructor o instructora tiene la preparaci\u00f3n y la formaci\u00f3n adecuada para impartirlo.<\/p>\n<p>Las \u201cclases\u201d suelen ser en grupo y su duraci\u00f3n depende de los protocolos utilizados, que suelen variar entre las 6 y las 8-9 semanas de duraci\u00f3n -dependiendo del programa-. La din\u00e1mica com\u00fan es que dentro de las sesiones los participantes practiquen los ejercicios de meditaci\u00f3n propuestos llamados \u201cpr\u00e1ctica formal\u201d y los alternen con las pr\u00e1cticas informales de Mindfulness para llevarlas a la vida cotidiana, como por ejemplo al lavarse los dientes, andar o al hacer la colada.<\/p>\n<p>Adem\u00e1s de las pr\u00e1cticas de meditaci\u00f3n formal se ense\u00f1an t\u00e9cnicas corporales como el yoga o el Chikung, que desbloquea el cuerpo y permite tener mayor control propioceptivo. Una de las caracter\u00edsticas fundamentales es que al ser clases grupales, el nivel de participaci\u00f3n e involucraci\u00f3n suele ser muy alto.<\/p>\n<p>Una caracter\u00edstica com\u00fan en todos ellos es el grado de compromiso que tienes que tener con las pr\u00e1cticas formales: normalmente tendr\u00e1s que dedicar entre 20 y 40 minutos diarios a dicha pr\u00e1ctica, ya que uno de los pilares de estas ense\u00f1anzas es la pr\u00e1ctica en primera persona.<\/p>\n<p>Como ves, Mindfulness no es s\u00f3lo una forma de meditaci\u00f3n sino que tambi\u00e9n se puede entender como un modo especial de Ser y Estar con nosotros mismos y con el mundo. Eso s\u00ed, requiere tes\u00f3n, constancia y entrenamiento para que pueda permear en toda nuestra vida.<\/p>\n<p><strong>Feliz viaje interior.<\/strong><\/p>\n<p style=\"text-align: center;\">[youtube_sc url=\u00bbhttps:\/\/www.youtube.com\/watch?v=o7aE92qznOk\u00bb]<\/p>\n<p style=\"text-align: right;\"><strong>Pedro Mart\u00edn D\u00edaz.<\/strong><\/p>\n<p style=\"text-align: right;\"><strong>Experto en Mindfulness en contextos de Salud. Instructor de Mindfulness para la maternidad en la cl\u00ednica Maternatal.<\/strong><\/p>\n","protected":false},"excerpt":{"rendered":"<p>Quiz\u00e1s te suenen las siguientes frases\u2026 \u201cHe acabado el d\u00eda y tengo la sensaci\u00f3n de que no lo he disfrutado\u201d, \u201ctengo demasiada carga de trabajo\u201d, \u201csiento que no llego a nada, me falta tiempo\u201d, \u201ctengo demasiado estr\u00e9s\u201d. El trabajo, los ni\u00f1os, la casa, la pareja, tu vida social\u2026 \u00bfSigo? Todo se agolpa delante de una y parece que no tenga fin. \u00bfAlguna sugerencia? Puede que la respuesta no est\u00e9 tan lejos de ti, te dar\u00e9 alguna pista\u2026. Ha sido portada de la revista Time y peri\u00f3dicos y revistas de todo el mundo est\u00e1n publicando art\u00edculos sobre ello. Grandes compa\u00f1\u00edas como &#8230;<\/p>\n","protected":false},"author":119,"featured_media":10702,"comment_status":"open","ping_status":"open","sticky":false,"template":"","format":"standard","meta":{"_acf_changed":false,"inline_featured_image":false,"footnotes":""},"categories":[7],"tags":[],"categoriabab":[674],"palabra_clave":[1004],"class_list":["post-10700","post","type-post","status-publish","format-standard","has-post-thumbnail","hentry","category-blog-bab","categoriabab-parto-y-posparto"],"acf":[],"yoast_head":"<!-- This site is optimized with the Yoast SEO plugin v27.1.1 - https:\/\/yoast.com\/product\/yoast-seo-wordpress\/ -->\n<title>Mindfulness para mam\u00e1s estresadas - Agua mineral natural Bezoya<\/title>\n<meta name=\"robots\" content=\"index, follow, max-snippet:-1, max-image-preview:large, max-video-preview:-1\" \/>\n<link rel=\"canonical\" href=\"https:\/\/www.bezoya.es\/bebe-a-bordo\/blog-bab\/mindfulness-mamas-estresadas\/\" \/>\n<meta property=\"og:locale\" content=\"es_ES\" \/>\n<meta property=\"og:type\" content=\"article\" \/>\n<meta property=\"og:title\" content=\"Mindfulness para mam\u00e1s estresadas - Agua mineral natural Bezoya\" \/>\n<meta property=\"og:description\" content=\"Quiz\u00e1s te suenen las siguientes frases\u2026 \u201cHe acabado el d\u00eda y tengo la sensaci\u00f3n de que no lo he disfrutado\u201d, \u201ctengo demasiada carga de trabajo\u201d, \u201csiento que no llego a nada, me falta tiempo\u201d, \u201ctengo demasiado estr\u00e9s\u201d. El trabajo, los ni\u00f1os, la casa, la pareja, tu vida social\u2026 \u00bfSigo? Todo se agolpa delante de una y parece que no tenga fin. \u00bfAlguna sugerencia? Puede que la respuesta no est\u00e9 tan lejos de ti, te dar\u00e9 alguna pista\u2026. Ha sido portada de la revista Time y peri\u00f3dicos y revistas de todo el mundo est\u00e1n publicando art\u00edculos sobre ello. Grandes compa\u00f1\u00edas como ...\" \/>\n<meta property=\"og:url\" content=\"https:\/\/www.bezoya.es\/bebe-a-bordo\/blog-bab\/mindfulness-mamas-estresadas\/\" \/>\n<meta property=\"og:site_name\" content=\"Agua mineral natural Bezoya\" \/>\n<meta property=\"article:published_time\" content=\"2016-09-29T08:40:49+00:00\" \/>\n<meta property=\"article:modified_time\" content=\"2024-04-30T11:54:49+00:00\" \/>\n<meta property=\"og:image\" content=\"https:\/\/www.bezoya.es\/bebe-a-bordo\/wp-content\/uploads\/2016\/09\/mildfullness02.jpg\" \/>\n\t<meta property=\"og:image:width\" content=\"500\" \/>\n\t<meta property=\"og:image:height\" content=\"375\" \/>\n\t<meta property=\"og:image:type\" content=\"image\/jpeg\" \/>\n<meta name=\"author\" content=\"Beb\u00e9 a Bordo\" \/>\n<meta name=\"twitter:card\" content=\"summary_large_image\" \/>\n<meta name=\"twitter:label1\" content=\"Escrito por\" \/>\n\t<meta name=\"twitter:data1\" content=\"Beb\u00e9 a Bordo\" \/>\n\t<meta name=\"twitter:label2\" content=\"Tiempo de lectura\" \/>\n\t<meta name=\"twitter:data2\" content=\"5 minutos\" \/>\n<script type=\"application\/ld+json\" class=\"yoast-schema-graph\">{\"@context\":\"https:\/\/schema.org\",\"@graph\":[{\"@type\":\"Article\",\"@id\":\"https:\/\/www.bezoya.es\/bebe-a-bordo\/blog-bab\/mindfulness-mamas-estresadas\/#article\",\"isPartOf\":{\"@id\":\"https:\/\/www.bezoya.es\/bebe-a-bordo\/blog-bab\/mindfulness-mamas-estresadas\/\"},\"author\":{\"name\":\"Beb\u00e9 a Bordo\",\"@id\":\"https:\/\/www.bezoya.es\/bebe-a-bordo\/#\/schema\/person\/27f580841a0710199ed73bb8262c9de1\"},\"headline\":\"Mindfulness para mam\u00e1s estresadas\",\"datePublished\":\"2016-09-29T08:40:49+00:00\",\"dateModified\":\"2024-04-30T11:54:49+00:00\",\"mainEntityOfPage\":{\"@id\":\"https:\/\/www.bezoya.es\/bebe-a-bordo\/blog-bab\/mindfulness-mamas-estresadas\/\"},\"wordCount\":1001,\"commentCount\":0,\"image\":{\"@id\":\"https:\/\/www.bezoya.es\/bebe-a-bordo\/blog-bab\/mindfulness-mamas-estresadas\/#primaryimage\"},\"thumbnailUrl\":\"https:\/\/www.bezoya.es\/bebe-a-bordo\/wp-content\/uploads\/2016\/09\/mildfullness02.jpg\",\"articleSection\":[\"Blog Beb\u00e9 a Bordo\"],\"inLanguage\":\"es\",\"potentialAction\":[{\"@type\":\"CommentAction\",\"name\":\"Comment\",\"target\":[\"https:\/\/www.bezoya.es\/bebe-a-bordo\/blog-bab\/mindfulness-mamas-estresadas\/#respond\"]}]},{\"@type\":\"WebPage\",\"@id\":\"https:\/\/www.bezoya.es\/bebe-a-bordo\/blog-bab\/mindfulness-mamas-estresadas\/\",\"url\":\"https:\/\/www.bezoya.es\/bebe-a-bordo\/blog-bab\/mindfulness-mamas-estresadas\/\",\"name\":\"Mindfulness para mam\u00e1s estresadas - Agua mineral natural Bezoya\",\"isPartOf\":{\"@id\":\"https:\/\/www.bezoya.es\/bebe-a-bordo\/#website\"},\"primaryImageOfPage\":{\"@id\":\"https:\/\/www.bezoya.es\/bebe-a-bordo\/blog-bab\/mindfulness-mamas-estresadas\/#primaryimage\"},\"image\":{\"@id\":\"https:\/\/www.bezoya.es\/bebe-a-bordo\/blog-bab\/mindfulness-mamas-estresadas\/#primaryimage\"},\"thumbnailUrl\":\"https:\/\/www.bezoya.es\/bebe-a-bordo\/wp-content\/uploads\/2016\/09\/mildfullness02.jpg\",\"datePublished\":\"2016-09-29T08:40:49+00:00\",\"dateModified\":\"2024-04-30T11:54:49+00:00\",\"author\":{\"@id\":\"https:\/\/www.bezoya.es\/bebe-a-bordo\/#\/schema\/person\/27f580841a0710199ed73bb8262c9de1\"},\"inLanguage\":\"es\",\"potentialAction\":[{\"@type\":\"ReadAction\",\"target\":[\"https:\/\/www.bezoya.es\/bebe-a-bordo\/blog-bab\/mindfulness-mamas-estresadas\/\"]}]},{\"@type\":\"ImageObject\",\"inLanguage\":\"es\",\"@id\":\"https:\/\/www.bezoya.es\/bebe-a-bordo\/blog-bab\/mindfulness-mamas-estresadas\/#primaryimage\",\"url\":\"https:\/\/www.bezoya.es\/bebe-a-bordo\/wp-content\/uploads\/2016\/09\/mildfullness02.jpg\",\"contentUrl\":\"https:\/\/www.bezoya.es\/bebe-a-bordo\/wp-content\/uploads\/2016\/09\/mildfullness02.jpg\",\"width\":500,\"height\":375,\"caption\":\"Mindfulness para combatir el estr\u00e9s\"},{\"@type\":\"WebSite\",\"@id\":\"https:\/\/www.bezoya.es\/bebe-a-bordo\/#website\",\"url\":\"https:\/\/www.bezoya.es\/bebe-a-bordo\/\",\"name\":\"Agua mineral natural Bezoya\",\"description\":\"El agua de mineralizaci\u00f3n muy d\u00e9bil\",\"potentialAction\":[{\"@type\":\"SearchAction\",\"target\":{\"@type\":\"EntryPoint\",\"urlTemplate\":\"https:\/\/www.bezoya.es\/bebe-a-bordo\/?s={search_term_string}\"},\"query-input\":{\"@type\":\"PropertyValueSpecification\",\"valueRequired\":true,\"valueName\":\"search_term_string\"}}],\"inLanguage\":\"es\"},{\"@type\":\"Person\",\"@id\":\"https:\/\/www.bezoya.es\/bebe-a-bordo\/#\/schema\/person\/27f580841a0710199ed73bb8262c9de1\",\"name\":\"Beb\u00e9 a Bordo\",\"image\":{\"@type\":\"ImageObject\",\"inLanguage\":\"es\",\"@id\":\"https:\/\/www.bezoya.es\/bebe-a-bordo\/#\/schema\/person\/image\/\",\"url\":\"https:\/\/secure.gravatar.com\/avatar\/0b0c609b63be1f5d579657e5afa8b15ebc59af1c9cca5c551ddcd2114a725785?s=96&d=mm&r=g\",\"contentUrl\":\"https:\/\/secure.gravatar.com\/avatar\/0b0c609b63be1f5d579657e5afa8b15ebc59af1c9cca5c551ddcd2114a725785?s=96&d=mm&r=g\",\"caption\":\"Beb\u00e9 a Bordo\"},\"description\":\"El baby coach de Bezoya que te acompa\u00f1a desde el embarazo, parto y postparto, hasta sus primeros pasos.\",\"url\":\"https:\/\/www.bezoya.es\/bebe-a-bordo\/author\/bebe-a-bordo\/\"}]}<\/script>\n<!-- \/ Yoast SEO plugin. -->","yoast_head_json":{"title":"Mindfulness para mam\u00e1s estresadas - Agua mineral natural Bezoya","robots":{"index":"index","follow":"follow","max-snippet":"max-snippet:-1","max-image-preview":"max-image-preview:large","max-video-preview":"max-video-preview:-1"},"canonical":"https:\/\/www.bezoya.es\/bebe-a-bordo\/blog-bab\/mindfulness-mamas-estresadas\/","og_locale":"es_ES","og_type":"article","og_title":"Mindfulness para mam\u00e1s estresadas - Agua mineral natural Bezoya","og_description":"Quiz\u00e1s te suenen las siguientes frases\u2026 \u201cHe acabado el d\u00eda y tengo la sensaci\u00f3n de que no lo he disfrutado\u201d, \u201ctengo demasiada carga de trabajo\u201d, \u201csiento que no llego a nada, me falta tiempo\u201d, \u201ctengo demasiado estr\u00e9s\u201d. El trabajo, los ni\u00f1os, la casa, la pareja, tu vida social\u2026 \u00bfSigo? Todo se agolpa delante de una y parece que no tenga fin. \u00bfAlguna sugerencia? Puede que la respuesta no est\u00e9 tan lejos de ti, te dar\u00e9 alguna pista\u2026. Ha sido portada de la revista Time y peri\u00f3dicos y revistas de todo el mundo est\u00e1n publicando art\u00edculos sobre ello. Grandes compa\u00f1\u00edas como ...","og_url":"https:\/\/www.bezoya.es\/bebe-a-bordo\/blog-bab\/mindfulness-mamas-estresadas\/","og_site_name":"Agua mineral natural Bezoya","article_published_time":"2016-09-29T08:40:49+00:00","article_modified_time":"2024-04-30T11:54:49+00:00","og_image":[{"width":500,"height":375,"url":"https:\/\/www.bezoya.es\/bebe-a-bordo\/wp-content\/uploads\/2016\/09\/mildfullness02.jpg","type":"image\/jpeg"}],"author":"Beb\u00e9 a Bordo","twitter_card":"summary_large_image","twitter_misc":{"Escrito por":"Beb\u00e9 a Bordo","Tiempo de lectura":"5 minutos"},"schema":{"@context":"https:\/\/schema.org","@graph":[{"@type":"Article","@id":"https:\/\/www.bezoya.es\/bebe-a-bordo\/blog-bab\/mindfulness-mamas-estresadas\/#article","isPartOf":{"@id":"https:\/\/www.bezoya.es\/bebe-a-bordo\/blog-bab\/mindfulness-mamas-estresadas\/"},"author":{"name":"Beb\u00e9 a Bordo","@id":"https:\/\/www.bezoya.es\/bebe-a-bordo\/#\/schema\/person\/27f580841a0710199ed73bb8262c9de1"},"headline":"Mindfulness para mam\u00e1s estresadas","datePublished":"2016-09-29T08:40:49+00:00","dateModified":"2024-04-30T11:54:49+00:00","mainEntityOfPage":{"@id":"https:\/\/www.bezoya.es\/bebe-a-bordo\/blog-bab\/mindfulness-mamas-estresadas\/"},"wordCount":1001,"commentCount":0,"image":{"@id":"https:\/\/www.bezoya.es\/bebe-a-bordo\/blog-bab\/mindfulness-mamas-estresadas\/#primaryimage"},"thumbnailUrl":"https:\/\/www.bezoya.es\/bebe-a-bordo\/wp-content\/uploads\/2016\/09\/mildfullness02.jpg","articleSection":["Blog Beb\u00e9 a Bordo"],"inLanguage":"es","potentialAction":[{"@type":"CommentAction","name":"Comment","target":["https:\/\/www.bezoya.es\/bebe-a-bordo\/blog-bab\/mindfulness-mamas-estresadas\/#respond"]}]},{"@type":"WebPage","@id":"https:\/\/www.bezoya.es\/bebe-a-bordo\/blog-bab\/mindfulness-mamas-estresadas\/","url":"https:\/\/www.bezoya.es\/bebe-a-bordo\/blog-bab\/mindfulness-mamas-estresadas\/","name":"Mindfulness para mam\u00e1s estresadas - Agua mineral natural Bezoya","isPartOf":{"@id":"https:\/\/www.bezoya.es\/bebe-a-bordo\/#website"},"primaryImageOfPage":{"@id":"https:\/\/www.bezoya.es\/bebe-a-bordo\/blog-bab\/mindfulness-mamas-estresadas\/#primaryimage"},"image":{"@id":"https:\/\/www.bezoya.es\/bebe-a-bordo\/blog-bab\/mindfulness-mamas-estresadas\/#primaryimage"},"thumbnailUrl":"https:\/\/www.bezoya.es\/bebe-a-bordo\/wp-content\/uploads\/2016\/09\/mildfullness02.jpg","datePublished":"2016-09-29T08:40:49+00:00","dateModified":"2024-04-30T11:54:49+00:00","author":{"@id":"https:\/\/www.bezoya.es\/bebe-a-bordo\/#\/schema\/person\/27f580841a0710199ed73bb8262c9de1"},"inLanguage":"es","potentialAction":[{"@type":"ReadAction","target":["https:\/\/www.bezoya.es\/bebe-a-bordo\/blog-bab\/mindfulness-mamas-estresadas\/"]}]},{"@type":"ImageObject","inLanguage":"es","@id":"https:\/\/www.bezoya.es\/bebe-a-bordo\/blog-bab\/mindfulness-mamas-estresadas\/#primaryimage","url":"https:\/\/www.bezoya.es\/bebe-a-bordo\/wp-content\/uploads\/2016\/09\/mildfullness02.jpg","contentUrl":"https:\/\/www.bezoya.es\/bebe-a-bordo\/wp-content\/uploads\/2016\/09\/mildfullness02.jpg","width":500,"height":375,"caption":"Mindfulness para combatir el estr\u00e9s"},{"@type":"WebSite","@id":"https:\/\/www.bezoya.es\/bebe-a-bordo\/#website","url":"https:\/\/www.bezoya.es\/bebe-a-bordo\/","name":"Agua mineral natural Bezoya","description":"El agua de mineralizaci\u00f3n muy d\u00e9bil","potentialAction":[{"@type":"SearchAction","target":{"@type":"EntryPoint","urlTemplate":"https:\/\/www.bezoya.es\/bebe-a-bordo\/?s={search_term_string}"},"query-input":{"@type":"PropertyValueSpecification","valueRequired":true,"valueName":"search_term_string"}}],"inLanguage":"es"},{"@type":"Person","@id":"https:\/\/www.bezoya.es\/bebe-a-bordo\/#\/schema\/person\/27f580841a0710199ed73bb8262c9de1","name":"Beb\u00e9 a Bordo","image":{"@type":"ImageObject","inLanguage":"es","@id":"https:\/\/www.bezoya.es\/bebe-a-bordo\/#\/schema\/person\/image\/","url":"https:\/\/secure.gravatar.com\/avatar\/0b0c609b63be1f5d579657e5afa8b15ebc59af1c9cca5c551ddcd2114a725785?s=96&d=mm&r=g","contentUrl":"https:\/\/secure.gravatar.com\/avatar\/0b0c609b63be1f5d579657e5afa8b15ebc59af1c9cca5c551ddcd2114a725785?s=96&d=mm&r=g","caption":"Beb\u00e9 a Bordo"},"description":"El baby coach de Bezoya que te acompa\u00f1a desde el embarazo, parto y postparto, hasta sus primeros pasos.","url":"https:\/\/www.bezoya.es\/bebe-a-bordo\/author\/bebe-a-bordo\/"}]}},"views":2425,"_links":{"self":[{"href":"https:\/\/www.bezoya.es\/bebe-a-bordo\/wp-json\/wp\/v2\/posts\/10700","targetHints":{"allow":["GET"]}}],"collection":[{"href":"https:\/\/www.bezoya.es\/bebe-a-bordo\/wp-json\/wp\/v2\/posts"}],"about":[{"href":"https:\/\/www.bezoya.es\/bebe-a-bordo\/wp-json\/wp\/v2\/types\/post"}],"author":[{"embeddable":true,"href":"https:\/\/www.bezoya.es\/bebe-a-bordo\/wp-json\/wp\/v2\/users\/119"}],"replies":[{"embeddable":true,"href":"https:\/\/www.bezoya.es\/bebe-a-bordo\/wp-json\/wp\/v2\/comments?post=10700"}],"version-history":[{"count":7,"href":"https:\/\/www.bezoya.es\/bebe-a-bordo\/wp-json\/wp\/v2\/posts\/10700\/revisions"}],"predecessor-version":[{"id":18493,"href":"https:\/\/www.bezoya.es\/bebe-a-bordo\/wp-json\/wp\/v2\/posts\/10700\/revisions\/18493"}],"wp:featuredmedia":[{"embeddable":true,"href":"https:\/\/www.bezoya.es\/bebe-a-bordo\/wp-json\/wp\/v2\/media\/10702"}],"wp:attachment":[{"href":"https:\/\/www.bezoya.es\/bebe-a-bordo\/wp-json\/wp\/v2\/media?parent=10700"}],"wp:term":[{"taxonomy":"category","embeddable":true,"href":"https:\/\/www.bezoya.es\/bebe-a-bordo\/wp-json\/wp\/v2\/categories?post=10700"},{"taxonomy":"post_tag","embeddable":true,"href":"https:\/\/www.bezoya.es\/bebe-a-bordo\/wp-json\/wp\/v2\/tags?post=10700"},{"taxonomy":"categoriabab","embeddable":true,"href":"https:\/\/www.bezoya.es\/bebe-a-bordo\/wp-json\/wp\/v2\/categoriabab?post=10700"},{"taxonomy":"palabra_clave","embeddable":true,"href":"https:\/\/www.bezoya.es\/bebe-a-bordo\/wp-json\/wp\/v2\/palabra_clave?post=10700"}],"curies":[{"name":"wp","href":"https:\/\/api.w.org\/{rel}","templated":true}]}}