{"id":10026,"date":"2016-07-21T10:07:58","date_gmt":"2016-07-21T08:07:58","guid":{"rendered":"https:\/\/www.bezoya.es\/bebe-a-bordo\/?p=10026"},"modified":"2024-04-23T20:39:26","modified_gmt":"2024-04-23T18:39:26","slug":"parto-nalgas-sandra-ss","status":"publish","type":"post","link":"https:\/\/www.bezoya.es\/bebe-a-bordo\/blog-bab\/parto-nalgas-sandra-ss\/","title":{"rendered":"El parto de nalgas de Sandra Ss"},"content":{"rendered":"<p><strong>Prepar\u00e1ndonos para algo desconocido<\/strong><\/p>\n<p>Siempre recordar\u00e9 aquel d\u00eda en el que en la ecograf\u00eda de las 27 semanas de embarazo, el ec\u00f3grafo apuntaba por la zona de mis costillas y en la pantalla sal\u00eda la cabecita del beb\u00e9. Mis sospechas se confirmaban, llevaba d\u00edas sintiendo patadas por ah\u00ed abajo; ya me entend\u00e9is. El ginec\u00f3logo nos dijo que todav\u00eda ten\u00eda tiempo para girarse, era pronto y como mi embarazo era de alto riesgo y en pocas semanas me volver\u00edan a mirar, eso tambi\u00e9n lo tendr\u00edan controlado.<\/p>\n<p>Despu\u00e9s de haber tenido una ces\u00e1rea y un parto vaginal natural seguido de \u00e9sta, me aterrorizaba volver de nuevo a la ces\u00e1rea, s\u00e9 que es algo digno como cualquier parto, porque nosotras siempre intentamos hacer lo mejor para ellos, pero personalmente prefer\u00eda que todo se desencadenara de un modo m\u00e1s natural y con la menor intervenci\u00f3n m\u00e9dica posible.<\/p>\n<p>Sin darle muchas vueltas y confiando en la naturaleza, pasaron 4 semanas tranquilas, feliz de tener a mi beb\u00e9 sano, y lleg\u00f3 la ecograf\u00eda de las 31 semanas.<\/p>\n<p>Yo ya lo intu\u00eda, segu\u00eda de nalgas, pero ten\u00eda la esperanza de poder equivocarme. Pero no, finalmente acert\u00e9, \u00e9l bien sentado que estaba\u2026 \u201cnalgas puras\u201d, dos palabras que iba a escuchar una y otra vez hasta quedarse mi beb\u00e9 y yo con ese \u201cmote\u201d; m\u00e1s adelante me entender\u00e9is mejor.<\/p>\n<p style=\"text-align: center;\"><img loading=\"lazy\" decoding=\"async\" class=\"aligncenter wp-image-10031 size-full\" src=\"https:\/\/www.bezoya.es\/bebe-a-bordo\/wp-content\/uploads\/2016\/07\/blog03.jpg\" alt=\"Parto de nalgas de Sandra SS Familia Tutti\" width=\"500\" height=\"375\" srcset=\"https:\/\/www.bezoya.es\/bebe-a-bordo\/wp-content\/uploads\/2016\/07\/blog03.jpg 500w, https:\/\/www.bezoya.es\/bebe-a-bordo\/wp-content\/uploads\/2016\/07\/blog03-300x225.jpg 300w\" sizes=\"auto, (max-width: 500px) 100vw, 500px\" \/><\/p>\n<p>Mi ginec\u00f3logo ya no estaba tan seguro de que se girar\u00eda aunque \u00e9l segu\u00eda teniendo esperanza. Tambi\u00e9n me cont\u00f3 las t\u00e9cnicas que pod\u00eda adoptar para ayudar a que se girara (acupuntura, caminar a gatas, etc.) Yo le cont\u00e9 mi temor a la ces\u00e1rea, a lo que me respondi\u00f3 \u201ctambi\u00e9n existe el parto de nalgas\u201d. Justo aquello es lo que escrib\u00eda en Google a los pocos minutos junto a mi marido, el que nunca me dejaba sola, acompa\u00f1\u00e1ndome y apoy\u00e1ndome en cada momento. Nos empapamos de todas las t\u00e9cnicas que se optaban cuando el beb\u00e9 ven\u00eda de nalgas y, si no funcionaba, c\u00f3mo ser\u00eda el parto con el beb\u00e9 en esa posici\u00f3n.<\/p>\n<p>Manos a la obra: Comenc\u00e9 con la moxibusti\u00f3n, seguido de caminar a \u201c4 patas\u201d por toda la casa, tomaba posturas inclinadas haciendo uso de la gravedad para que el beb\u00e9 se girara, pero nada. Cabe decir que nos re\u00edmos mucho haciendo todo aquello, sobre todo con los puros que aplicaban calor en el dedo me\u00f1ique del pie.<\/p>\n<p>Al ver que segu\u00eda de nalgas nos informamos de otra t\u00e9cnica m\u00e1s: La versi\u00f3n cef\u00e1lica externa VCE. Fuimos al ginec\u00f3logo y me hizo una ecograf\u00eda para ver la viabilidad de la t\u00e9cnica. No pod\u00eda ser, placenta anterior, tratamiento de heparina y una ces\u00e1rea anterior, eran demasiados puntos en contra.<\/p>\n<p>He de reconocer que sal\u00ed llorando de all\u00ed, a pesar de tener la opci\u00f3n del parto de nalgas, iba a ser una loter\u00eda, pues el riesgo era elevado y tendr\u00eda que ser valorado por varios profesionales para decidir si finalmente era viable. Demasiada casualidad necesitaba.<\/p>\n<p>As\u00ed que decid\u00ed probar la acupuntura. Cuando estaba de 33 semanas empec\u00e9 con ella. Pero a la tercera sesi\u00f3n, sal\u00ed llorando a mares, se me vino el pensamiento a la cabeza\u2026 \u201cEste beb\u00e9 quiere nacer de nalgas y lo tengo que respetar\u201d, as\u00ed se lo dije a mi marido, el cual me sonri\u00f3 y me tranquiliz\u00f3: \u201cTranquila, que haremos todo lo posible para que nazca como \u00e9l quiera y yo te voy a apoyar\u201d.<\/p>\n<p>Fuimos al ginec\u00f3logo, y muy seguros le dijimos: \u201cQueremos un parto de nalgas\u201d. \u00c9ste, despu\u00e9s de escucharnos atentamente, nos advirti\u00f3 de los riesgos que conllevaba ese parto. Nos dijo que ten\u00edan que cumplirse muchas condiciones (peso adecuado, canal de parto libre, bien encajado\u2026) y que, para asegurarnos de que ser\u00eda atendido, deber\u00eda ser programado, es decir, un parto inducido.<\/p>\n<p>Otro t\u00e9rmino desconocido para m\u00ed: \u201cparto inducido\u201d.<\/p>\n<p>\u201cDemasiadas cosas en mi contra\u201d, pensaba\u2026 Dentro de m\u00ed sent\u00eda que la ces\u00e1rea estaba muy cerca, pero ten\u00eda a mi marido, Cristian, record\u00e1ndome que lo conseguir\u00edamos. La familia sin embargo apostaba m\u00e1s por la ces\u00e1rea debido al riesgo que pod\u00eda existir. S\u00f3lo me quedaba respirar hondo, confiar en que todo ir\u00eda bien y apoyarme en Cristian. Est\u00e1bamos muy informados, sab\u00edamos a lo que nos enfrent\u00e1bamos y tambi\u00e9n ten\u00edamos la seguridad de que cont\u00e1bamos con un equipo m\u00e9dico muy bien preparado que sabr\u00eda actuar en cualquier momento.<\/p>\n<p>Decidimos optar por ese parto inducido si era la \u00fanica opci\u00f3n que nos quedaba para lograr un parto vaginal y as\u00ed se lo hicimos saber al ginec\u00f3logo, y \u00e9ste a todos los que se comprometer\u00edan a estar el d\u00eda del parto.<\/p>\n<p><strong>Lleg\u00f3 el d\u00eda del parto<\/strong><\/p>\n<p>S\u00ed, lleg\u00f3 ese d\u00eda tan esperado, aunque no como quer\u00eda, ya que hubiera sido m\u00e1s m\u00e1gico si hubiera sido sorpresa, pero ten\u00eda que apreciar que ten\u00eda esa opci\u00f3n.<\/p>\n<p>Con uno de mis hijos, Roy con 5 a\u00f1os reci\u00e9n cumplidos, ingresando en el mismo hospital, dos plantas m\u00e1s abajo, con una bronquitis amenazante en compa\u00f1\u00eda de mi madre, con Sarah que ten\u00eda 9 a\u00f1os que se tuvo que quedar con mi t\u00eda en el pueblo. Llamaba al ascensor, y\u00e9ndome a mi planta, donde tendr\u00eda lugar el parto de mi Eros dejando mi pensamiento en mis ni\u00f1os; pues era la primera vez que se separaban de tal manera de m\u00ed. Sent\u00ed que mi cuerpo caminaba por inercia con una enorme tristeza encima, se abr\u00edan las puertas del ascensor y en mis ojos llorosos pod\u00eda ver a las enfermeras que esperaban con aquel olor a hospital tan caracter\u00edstico.<\/p>\n<p>Aparec\u00eda yo como si fuera a cualquier lugar con mis tacones y mi bolso, totalmente desconectada de la situaci\u00f3n, Cristian me acompa\u00f1aba.<\/p>\n<p>De repente ya estaba desnuda, con aquella bata que si te descuidas se te ve todo por detr\u00e1s y toda mi ropa en una bolsa de pl\u00e1stico. Ya no hab\u00eda marcha atr\u00e1s, pens\u00e9. Y me llamaron para hacer una \u00faltima ecograf\u00eda y asegurar que todo estaba en condiciones para que naciera. Les cont\u00e9 lo que hab\u00eda pasado, que mi hijo estaba ingresado en ese mismo momento y estaba un poco desconcentrada. Me ofrecieron una y otra vez posponer la inducci\u00f3n. Yo les dije que ya ten\u00eda a toda la familia revuelta, ya no hab\u00eda marcha atr\u00e1s. Pero dentro de m\u00ed se me ven\u00eda al pensamiento\u2026 \u201c\u00bfY si todo esto est\u00e1 pasando porque no deber\u00eda hacerlo, porque va a ocurrir algo malo?\u201d Pero entonces ten\u00eda a Cristian d\u00e1ndome la mano, rellenando mis fuerzas y mi esperanza, mientras sub\u00eda y bajaba de plantas para ver a nuestro hijo.<\/p>\n<p>Estaba en la camilla, ten\u00eda mucho fr\u00edo. Mi cabeza estaba en otro sitio. Miraba el m\u00f3vil y recib\u00eda im\u00e1genes de WhatsApp de Sarah pas\u00e1ndoselo bien con mi t\u00eda y de Roy con mala carita.<\/p>\n<p>Me pusieron el Propess, que es una tira donde van las prostaglandinas, que lo que hace es inducir las contracciones uterinas. En la \u00faltima exploraci\u00f3n, estaba todo perfecto para que mi beb\u00e9 naciera, adem\u00e1s ya estaba sin tap\u00f3n mucoso, que lo hab\u00eda expulsado hac\u00eda unos d\u00edas, y comenzaba con 1 cm de dilataci\u00f3n. Esto era para mi favor, mi cuerpo estaba prepar\u00e1ndose previamente para el parto.<\/p>\n<p>Pasamos la noche durmiendo a ratitos, hasta que vino el momento en que me pusieron la v\u00eda, y lleg\u00f3 el equipo sanitario. Ten\u00eda la gran suerte de contar con dos matronas de lo m\u00e1s agradables, poni\u00e9ndome la estufa para que no pasara fr\u00edo, d\u00e1ndome esa calidez que en un hospital cuesta encontrar.<\/p>\n<p>El ginec\u00f3logo fue muy claro: \u00edbamos a empezar con la oxitocina, la epidural era obligatoria cuando empezara el proceso de parto y a la m\u00ednima complicaci\u00f3n har\u00edamos una ces\u00e1rea urgente.<\/p>\n<p style=\"text-align: center;\"><img loading=\"lazy\" decoding=\"async\" class=\"aligncenter wp-image-10032 size-full\" src=\"https:\/\/www.bezoya.es\/bebe-a-bordo\/wp-content\/uploads\/2016\/07\/blog02.jpg\" alt=\"Parto de nalgas de Sandra SS Familia Tutti\" width=\"500\" height=\"375\" srcset=\"https:\/\/www.bezoya.es\/bebe-a-bordo\/wp-content\/uploads\/2016\/07\/blog02.jpg 500w, https:\/\/www.bezoya.es\/bebe-a-bordo\/wp-content\/uploads\/2016\/07\/blog02-300x225.jpg 300w\" sizes=\"auto, (max-width: 500px) 100vw, 500px\" \/><\/p>\n<p>Yo empec\u00e9 a sentir inseguridad, adem\u00e1s ten\u00eda una compa\u00f1era de habitaci\u00f3n bastante negativa que no hac\u00eda m\u00e1s que meterme m\u00e1s miedo<span style=\"text-decoration: line-through;\">.<\/span>\u00a0Hasta que vino aquella matrona que me tap\u00f3 con una manta, me puso la v\u00eda tan delicadamente, me trajo una pelota para hacer movimientos p\u00e9lvicos y ayudar a la dilataci\u00f3n y empez\u00f3 a inyectarme la oxitocina. Me dijo que lo iba a conseguir, que era una valiente. Se fue y me qued\u00e9 en silencio, cerr\u00e9 los ojos, visualic\u00e9 a mi beb\u00e9, de fondo se o\u00edan voces: \u201cs\u00ed, es la madre del beb\u00e9 de nalgas\u201d \u201cnalgas puras, \u00bfno?\u201d \u201cS\u00ed, parto vaginal de nalgas\u2026\u201d. Ahora s\u00ed que no hab\u00eda marcha atr\u00e1s. Habl\u00e9 con Eros, mi beb\u00e9. Le dije que juntos lo \u00edbamos a conseguir, que ten\u00eda que escuchar muy bien a mam\u00e1, que entre los dos nos acompa\u00f1ar\u00edamos en todo el proceso y as\u00ed lo conseguir\u00edamos, y le ped\u00ed perd\u00f3n por no respetar el momento que \u00e9l decidiera nacer. En ese momento entr\u00f3 mi ec\u00f3grafo, me abraz\u00f3, yo sentada en la pelota, me dijo que era muy valiente y que lo iba a conseguir, que \u00e9l estar\u00eda atento a todo en esa misma planta. Cristian, iba y ven\u00eda para ver a Roy. En una de esas que se fue romp\u00ed aguas. Vinieron a verme los dos ginec\u00f3logos. Me hicieron un tacto, palpando los pies del beb\u00e9, s\u00ed, se hab\u00eda puesto en pod\u00e1lica (\u00bfalgo m\u00e1s?) pero, por suerte, eso no era problema, era algo que sol\u00eda hacer. Fue un poco desagradable ya que me hicieron una rotura de membranas para acelerar a\u00fan m\u00e1s el parto. La verdad es que ya estaba yendo muy r\u00e1pido, es algo que me descoloc\u00f3.<\/p>\n<p>Cristian siempre a mi lado, con \u00e9l la seguridad era casi absoluta, me sent\u00eda con fuerzas junto a \u00e9l. Me segu\u00edan doblando la dosis de oxitocina, las contracciones eran muy regulares y sent\u00eda bastante dolor. Hasta que llegu\u00e9 al punto que vieron que eran demasiado seguidas y me llevaron a quir\u00f3fano. En 4 horas desde la oxitocina, estaba completamente dilatada. Ya no aguantaba m\u00e1s, \u00a1\u00a1\u00a1necesitaba empujar!!!<\/p>\n<p>As\u00ed que corriendo me pusieron la epidural, que fue el momento m\u00e1s desagradable, no pod\u00eda aguantarme sentada sin empujar.<\/p>\n<p>Por fin me dejaron tumbarme y ped\u00ed que por favor viniera Cristian (que en el momento de la epidural se tuvo que ir) porque Eros ya iba a nacer, no pod\u00eda aguantarlo m\u00e1s. As\u00ed que una matrona sali\u00f3 corriendo de la sala gritando que me aguantara un momento (\u00a1c\u00f3mo si fuera tan f\u00e1cil!) y de repente se llen\u00f3 de m\u00e9dicos como si de un cine se tratara, todos expectantes, y mi ginec\u00f3logo el primero. Yo me dispuse a pronunciar la \u201cA\u201d acompa\u00f1ando mi dolor, de repente not\u00e9 que el beb\u00e9 ca\u00eda, la mano de Cristian con la m\u00eda y yo empujando con todas mis fuerzas. El parto de nalgas es un parto que ha de ser sin intervenci\u00f3n salvo en el \u00faltimo momento cuando sale la cabecita, es el momento m\u00e1s complicado y cuando el ginec\u00f3logo tiene que saber actuar. Cristian recuerda que lo primero que vio fueron \u201ccomo unas perlitas\u201d que no situaba, eran los deditos de los pies. En nada ya estaba Eros pr\u00e1cticamente fuera y aquel ginec\u00f3logo que tan bien sab\u00eda este tipo de partos, le dijo al m\u00edo \u201cc\u00f3gelo ya, \u00a1que se va a caer!\u201d a modo broma. Todos se re\u00edan, yo sent\u00ed un mareo, y de repente me dijeron: \u00abNooo, \u00a1\u00a1\u00a1\u00a1ahora no!!!!\u201d, y entonces empuj\u00e9 con todas mis fuerzas como si fuera la \u00faltima cosa que ten\u00eda que hacer en toda mi vida y vi su cuerpecito salir boca abajo, primero sus pies, sus piernas, su culete, su espalda y su cabecita\u2026<\/p>\n<p>\u00a1Ya estaba conmigo! Todos aplaudiendo, eso era una celebraci\u00f3n, todos nos felicitaron, lo hab\u00edamos conseguido, naci\u00f3 como \u00e9l quiso. Justo a las 13 horas nac\u00eda y le daban el alta a Roy, por fin todo acababa, la mesa de bistur\u00edes para la posible ces\u00e1rea quedaba atr\u00e1s como si de un fantasma se tratara. No pod\u00eda sentirme m\u00e1s feliz, Eros todo el tiempo encima de m\u00ed, todo pringosete, no pod\u00eda sentirme m\u00e1s feliz. Cristian y yo nos miramos, sobraban las palabras, lo hab\u00edamos conseguido.<\/p>\n<p style=\"text-align: center;\">[youtube_sc url=\u00bbhttps:\/\/www.youtube.com\/watch?v=IiDiEpXWyHg\u00bb]<\/p>\n<p style=\"text-align: right;\"><strong>Sandra Ss<\/strong><\/p>\n","protected":false},"excerpt":{"rendered":"<p>Prepar\u00e1ndonos para algo desconocido Siempre recordar\u00e9 aquel d\u00eda en el que en la ecograf\u00eda de las 27 semanas de embarazo, el ec\u00f3grafo apuntaba por la zona de mis costillas y en la pantalla sal\u00eda la cabecita del beb\u00e9. Mis sospechas se confirmaban, llevaba d\u00edas sintiendo patadas por ah\u00ed abajo; ya me entend\u00e9is. El ginec\u00f3logo nos dijo que todav\u00eda ten\u00eda tiempo para girarse, era pronto y como mi embarazo era de alto riesgo y en pocas semanas me volver\u00edan a mirar, eso tambi\u00e9n lo tendr\u00edan controlado. Despu\u00e9s de haber tenido una ces\u00e1rea y un parto vaginal natural seguido de \u00e9sta, me &#8230;<\/p>\n","protected":false},"author":119,"featured_media":10030,"comment_status":"open","ping_status":"open","sticky":false,"template":"","format":"standard","meta":{"_acf_changed":false,"inline_featured_image":false,"footnotes":""},"categories":[7],"tags":[],"categoriabab":[674],"palabra_clave":[],"class_list":["post-10026","post","type-post","status-publish","format-standard","has-post-thumbnail","hentry","category-blog-bab","categoriabab-parto-y-posparto"],"acf":[],"yoast_head":"<!-- This site is optimized with the Yoast SEO plugin v27.1.1 - https:\/\/yoast.com\/product\/yoast-seo-wordpress\/ -->\n<title>El parto de nalgas de Sandra Ss<\/title>\n<meta name=\"description\" content=\"Sandra Ss nos cuenta c\u00f3mo fue el parto de nalgas de Eros. Sus sentimientos y emociones en un post muy personal especialmente escrito para Beb\u00e9 a Bordo\" \/>\n<meta name=\"robots\" content=\"index, follow, max-snippet:-1, max-image-preview:large, max-video-preview:-1\" \/>\n<link rel=\"canonical\" href=\"https:\/\/www.bezoya.es\/bebe-a-bordo\/blog-bab\/parto-nalgas-sandra-ss\/\" \/>\n<meta property=\"og:locale\" content=\"es_ES\" \/>\n<meta property=\"og:type\" content=\"article\" \/>\n<meta property=\"og:title\" content=\"El parto de nalgas de Sandra Ss\" \/>\n<meta property=\"og:description\" content=\"Sandra Ss nos cuenta c\u00f3mo fue el parto de nalgas de Eros. Sus sentimientos y emociones en un post muy personal especialmente escrito para Beb\u00e9 a Bordo\" \/>\n<meta property=\"og:url\" content=\"https:\/\/www.bezoya.es\/bebe-a-bordo\/blog-bab\/parto-nalgas-sandra-ss\/\" \/>\n<meta property=\"og:site_name\" content=\"Agua mineral natural Bezoya\" \/>\n<meta property=\"article:published_time\" content=\"2016-07-21T08:07:58+00:00\" \/>\n<meta property=\"article:modified_time\" content=\"2024-04-23T18:39:26+00:00\" \/>\n<meta property=\"og:image\" content=\"https:\/\/www.bezoya.es\/bebe-a-bordo\/wp-content\/uploads\/2016\/07\/blog01.jpg\" \/>\n\t<meta property=\"og:image:width\" content=\"500\" \/>\n\t<meta property=\"og:image:height\" content=\"375\" \/>\n\t<meta property=\"og:image:type\" content=\"image\/jpeg\" \/>\n<meta name=\"author\" content=\"Beb\u00e9 a Bordo\" \/>\n<meta name=\"twitter:card\" content=\"summary_large_image\" \/>\n<meta name=\"twitter:label1\" content=\"Escrito por\" \/>\n\t<meta name=\"twitter:data1\" content=\"Beb\u00e9 a Bordo\" \/>\n\t<meta name=\"twitter:label2\" content=\"Tiempo de lectura\" \/>\n\t<meta name=\"twitter:data2\" content=\"11 minutos\" \/>\n<script type=\"application\/ld+json\" class=\"yoast-schema-graph\">{\"@context\":\"https:\/\/schema.org\",\"@graph\":[{\"@type\":\"Article\",\"@id\":\"https:\/\/www.bezoya.es\/bebe-a-bordo\/blog-bab\/parto-nalgas-sandra-ss\/#article\",\"isPartOf\":{\"@id\":\"https:\/\/www.bezoya.es\/bebe-a-bordo\/blog-bab\/parto-nalgas-sandra-ss\/\"},\"author\":{\"name\":\"Beb\u00e9 a Bordo\",\"@id\":\"https:\/\/www.bezoya.es\/bebe-a-bordo\/#\/schema\/person\/27f580841a0710199ed73bb8262c9de1\"},\"headline\":\"El parto de nalgas de Sandra Ss\",\"datePublished\":\"2016-07-21T08:07:58+00:00\",\"dateModified\":\"2024-04-23T18:39:26+00:00\",\"mainEntityOfPage\":{\"@id\":\"https:\/\/www.bezoya.es\/bebe-a-bordo\/blog-bab\/parto-nalgas-sandra-ss\/\"},\"wordCount\":2168,\"commentCount\":0,\"image\":{\"@id\":\"https:\/\/www.bezoya.es\/bebe-a-bordo\/blog-bab\/parto-nalgas-sandra-ss\/#primaryimage\"},\"thumbnailUrl\":\"https:\/\/www.bezoya.es\/bebe-a-bordo\/wp-content\/uploads\/2016\/07\/blog01.jpg\",\"articleSection\":[\"Blog Beb\u00e9 a Bordo\"],\"inLanguage\":\"es\",\"potentialAction\":[{\"@type\":\"CommentAction\",\"name\":\"Comment\",\"target\":[\"https:\/\/www.bezoya.es\/bebe-a-bordo\/blog-bab\/parto-nalgas-sandra-ss\/#respond\"]}]},{\"@type\":\"WebPage\",\"@id\":\"https:\/\/www.bezoya.es\/bebe-a-bordo\/blog-bab\/parto-nalgas-sandra-ss\/\",\"url\":\"https:\/\/www.bezoya.es\/bebe-a-bordo\/blog-bab\/parto-nalgas-sandra-ss\/\",\"name\":\"El parto de nalgas de Sandra Ss\",\"isPartOf\":{\"@id\":\"https:\/\/www.bezoya.es\/bebe-a-bordo\/#website\"},\"primaryImageOfPage\":{\"@id\":\"https:\/\/www.bezoya.es\/bebe-a-bordo\/blog-bab\/parto-nalgas-sandra-ss\/#primaryimage\"},\"image\":{\"@id\":\"https:\/\/www.bezoya.es\/bebe-a-bordo\/blog-bab\/parto-nalgas-sandra-ss\/#primaryimage\"},\"thumbnailUrl\":\"https:\/\/www.bezoya.es\/bebe-a-bordo\/wp-content\/uploads\/2016\/07\/blog01.jpg\",\"datePublished\":\"2016-07-21T08:07:58+00:00\",\"dateModified\":\"2024-04-23T18:39:26+00:00\",\"author\":{\"@id\":\"https:\/\/www.bezoya.es\/bebe-a-bordo\/#\/schema\/person\/27f580841a0710199ed73bb8262c9de1\"},\"description\":\"Sandra Ss nos cuenta c\u00f3mo fue el parto de nalgas de Eros. Sus sentimientos y emociones en un post muy personal especialmente escrito para Beb\u00e9 a Bordo\",\"inLanguage\":\"es\",\"potentialAction\":[{\"@type\":\"ReadAction\",\"target\":[\"https:\/\/www.bezoya.es\/bebe-a-bordo\/blog-bab\/parto-nalgas-sandra-ss\/\"]}]},{\"@type\":\"ImageObject\",\"inLanguage\":\"es\",\"@id\":\"https:\/\/www.bezoya.es\/bebe-a-bordo\/blog-bab\/parto-nalgas-sandra-ss\/#primaryimage\",\"url\":\"https:\/\/www.bezoya.es\/bebe-a-bordo\/wp-content\/uploads\/2016\/07\/blog01.jpg\",\"contentUrl\":\"https:\/\/www.bezoya.es\/bebe-a-bordo\/wp-content\/uploads\/2016\/07\/blog01.jpg\",\"width\":500,\"height\":375,\"caption\":\"Parto de nalgas de Sandra SS Familia Tutti\"},{\"@type\":\"WebSite\",\"@id\":\"https:\/\/www.bezoya.es\/bebe-a-bordo\/#website\",\"url\":\"https:\/\/www.bezoya.es\/bebe-a-bordo\/\",\"name\":\"Agua mineral natural Bezoya\",\"description\":\"El agua de mineralizaci\u00f3n muy d\u00e9bil\",\"potentialAction\":[{\"@type\":\"SearchAction\",\"target\":{\"@type\":\"EntryPoint\",\"urlTemplate\":\"https:\/\/www.bezoya.es\/bebe-a-bordo\/?s={search_term_string}\"},\"query-input\":{\"@type\":\"PropertyValueSpecification\",\"valueRequired\":true,\"valueName\":\"search_term_string\"}}],\"inLanguage\":\"es\"},{\"@type\":\"Person\",\"@id\":\"https:\/\/www.bezoya.es\/bebe-a-bordo\/#\/schema\/person\/27f580841a0710199ed73bb8262c9de1\",\"name\":\"Beb\u00e9 a Bordo\",\"image\":{\"@type\":\"ImageObject\",\"inLanguage\":\"es\",\"@id\":\"https:\/\/www.bezoya.es\/bebe-a-bordo\/#\/schema\/person\/image\/\",\"url\":\"https:\/\/secure.gravatar.com\/avatar\/0b0c609b63be1f5d579657e5afa8b15ebc59af1c9cca5c551ddcd2114a725785?s=96&d=mm&r=g\",\"contentUrl\":\"https:\/\/secure.gravatar.com\/avatar\/0b0c609b63be1f5d579657e5afa8b15ebc59af1c9cca5c551ddcd2114a725785?s=96&d=mm&r=g\",\"caption\":\"Beb\u00e9 a Bordo\"},\"description\":\"El baby coach de Bezoya que te acompa\u00f1a desde el embarazo, parto y postparto, hasta sus primeros pasos.\",\"url\":\"https:\/\/www.bezoya.es\/bebe-a-bordo\/author\/bebe-a-bordo\/\"}]}<\/script>\n<!-- \/ Yoast SEO plugin. -->","yoast_head_json":{"title":"El parto de nalgas de Sandra Ss","description":"Sandra Ss nos cuenta c\u00f3mo fue el parto de nalgas de Eros. Sus sentimientos y emociones en un post muy personal especialmente escrito para Beb\u00e9 a Bordo","robots":{"index":"index","follow":"follow","max-snippet":"max-snippet:-1","max-image-preview":"max-image-preview:large","max-video-preview":"max-video-preview:-1"},"canonical":"https:\/\/www.bezoya.es\/bebe-a-bordo\/blog-bab\/parto-nalgas-sandra-ss\/","og_locale":"es_ES","og_type":"article","og_title":"El parto de nalgas de Sandra Ss","og_description":"Sandra Ss nos cuenta c\u00f3mo fue el parto de nalgas de Eros. Sus sentimientos y emociones en un post muy personal especialmente escrito para Beb\u00e9 a Bordo","og_url":"https:\/\/www.bezoya.es\/bebe-a-bordo\/blog-bab\/parto-nalgas-sandra-ss\/","og_site_name":"Agua mineral natural Bezoya","article_published_time":"2016-07-21T08:07:58+00:00","article_modified_time":"2024-04-23T18:39:26+00:00","og_image":[{"width":500,"height":375,"url":"https:\/\/www.bezoya.es\/bebe-a-bordo\/wp-content\/uploads\/2016\/07\/blog01.jpg","type":"image\/jpeg"}],"author":"Beb\u00e9 a Bordo","twitter_card":"summary_large_image","twitter_misc":{"Escrito por":"Beb\u00e9 a Bordo","Tiempo de lectura":"11 minutos"},"schema":{"@context":"https:\/\/schema.org","@graph":[{"@type":"Article","@id":"https:\/\/www.bezoya.es\/bebe-a-bordo\/blog-bab\/parto-nalgas-sandra-ss\/#article","isPartOf":{"@id":"https:\/\/www.bezoya.es\/bebe-a-bordo\/blog-bab\/parto-nalgas-sandra-ss\/"},"author":{"name":"Beb\u00e9 a Bordo","@id":"https:\/\/www.bezoya.es\/bebe-a-bordo\/#\/schema\/person\/27f580841a0710199ed73bb8262c9de1"},"headline":"El parto de nalgas de Sandra Ss","datePublished":"2016-07-21T08:07:58+00:00","dateModified":"2024-04-23T18:39:26+00:00","mainEntityOfPage":{"@id":"https:\/\/www.bezoya.es\/bebe-a-bordo\/blog-bab\/parto-nalgas-sandra-ss\/"},"wordCount":2168,"commentCount":0,"image":{"@id":"https:\/\/www.bezoya.es\/bebe-a-bordo\/blog-bab\/parto-nalgas-sandra-ss\/#primaryimage"},"thumbnailUrl":"https:\/\/www.bezoya.es\/bebe-a-bordo\/wp-content\/uploads\/2016\/07\/blog01.jpg","articleSection":["Blog Beb\u00e9 a Bordo"],"inLanguage":"es","potentialAction":[{"@type":"CommentAction","name":"Comment","target":["https:\/\/www.bezoya.es\/bebe-a-bordo\/blog-bab\/parto-nalgas-sandra-ss\/#respond"]}]},{"@type":"WebPage","@id":"https:\/\/www.bezoya.es\/bebe-a-bordo\/blog-bab\/parto-nalgas-sandra-ss\/","url":"https:\/\/www.bezoya.es\/bebe-a-bordo\/blog-bab\/parto-nalgas-sandra-ss\/","name":"El parto de nalgas de Sandra Ss","isPartOf":{"@id":"https:\/\/www.bezoya.es\/bebe-a-bordo\/#website"},"primaryImageOfPage":{"@id":"https:\/\/www.bezoya.es\/bebe-a-bordo\/blog-bab\/parto-nalgas-sandra-ss\/#primaryimage"},"image":{"@id":"https:\/\/www.bezoya.es\/bebe-a-bordo\/blog-bab\/parto-nalgas-sandra-ss\/#primaryimage"},"thumbnailUrl":"https:\/\/www.bezoya.es\/bebe-a-bordo\/wp-content\/uploads\/2016\/07\/blog01.jpg","datePublished":"2016-07-21T08:07:58+00:00","dateModified":"2024-04-23T18:39:26+00:00","author":{"@id":"https:\/\/www.bezoya.es\/bebe-a-bordo\/#\/schema\/person\/27f580841a0710199ed73bb8262c9de1"},"description":"Sandra Ss nos cuenta c\u00f3mo fue el parto de nalgas de Eros. Sus sentimientos y emociones en un post muy personal especialmente escrito para Beb\u00e9 a Bordo","inLanguage":"es","potentialAction":[{"@type":"ReadAction","target":["https:\/\/www.bezoya.es\/bebe-a-bordo\/blog-bab\/parto-nalgas-sandra-ss\/"]}]},{"@type":"ImageObject","inLanguage":"es","@id":"https:\/\/www.bezoya.es\/bebe-a-bordo\/blog-bab\/parto-nalgas-sandra-ss\/#primaryimage","url":"https:\/\/www.bezoya.es\/bebe-a-bordo\/wp-content\/uploads\/2016\/07\/blog01.jpg","contentUrl":"https:\/\/www.bezoya.es\/bebe-a-bordo\/wp-content\/uploads\/2016\/07\/blog01.jpg","width":500,"height":375,"caption":"Parto de nalgas de Sandra SS Familia Tutti"},{"@type":"WebSite","@id":"https:\/\/www.bezoya.es\/bebe-a-bordo\/#website","url":"https:\/\/www.bezoya.es\/bebe-a-bordo\/","name":"Agua mineral natural Bezoya","description":"El agua de mineralizaci\u00f3n muy d\u00e9bil","potentialAction":[{"@type":"SearchAction","target":{"@type":"EntryPoint","urlTemplate":"https:\/\/www.bezoya.es\/bebe-a-bordo\/?s={search_term_string}"},"query-input":{"@type":"PropertyValueSpecification","valueRequired":true,"valueName":"search_term_string"}}],"inLanguage":"es"},{"@type":"Person","@id":"https:\/\/www.bezoya.es\/bebe-a-bordo\/#\/schema\/person\/27f580841a0710199ed73bb8262c9de1","name":"Beb\u00e9 a Bordo","image":{"@type":"ImageObject","inLanguage":"es","@id":"https:\/\/www.bezoya.es\/bebe-a-bordo\/#\/schema\/person\/image\/","url":"https:\/\/secure.gravatar.com\/avatar\/0b0c609b63be1f5d579657e5afa8b15ebc59af1c9cca5c551ddcd2114a725785?s=96&d=mm&r=g","contentUrl":"https:\/\/secure.gravatar.com\/avatar\/0b0c609b63be1f5d579657e5afa8b15ebc59af1c9cca5c551ddcd2114a725785?s=96&d=mm&r=g","caption":"Beb\u00e9 a Bordo"},"description":"El baby coach de Bezoya que te acompa\u00f1a desde el embarazo, parto y postparto, hasta sus primeros pasos.","url":"https:\/\/www.bezoya.es\/bebe-a-bordo\/author\/bebe-a-bordo\/"}]}},"views":6773,"_links":{"self":[{"href":"https:\/\/www.bezoya.es\/bebe-a-bordo\/wp-json\/wp\/v2\/posts\/10026","targetHints":{"allow":["GET"]}}],"collection":[{"href":"https:\/\/www.bezoya.es\/bebe-a-bordo\/wp-json\/wp\/v2\/posts"}],"about":[{"href":"https:\/\/www.bezoya.es\/bebe-a-bordo\/wp-json\/wp\/v2\/types\/post"}],"author":[{"embeddable":true,"href":"https:\/\/www.bezoya.es\/bebe-a-bordo\/wp-json\/wp\/v2\/users\/119"}],"replies":[{"embeddable":true,"href":"https:\/\/www.bezoya.es\/bebe-a-bordo\/wp-json\/wp\/v2\/comments?post=10026"}],"version-history":[{"count":10,"href":"https:\/\/www.bezoya.es\/bebe-a-bordo\/wp-json\/wp\/v2\/posts\/10026\/revisions"}],"predecessor-version":[{"id":18517,"href":"https:\/\/www.bezoya.es\/bebe-a-bordo\/wp-json\/wp\/v2\/posts\/10026\/revisions\/18517"}],"wp:featuredmedia":[{"embeddable":true,"href":"https:\/\/www.bezoya.es\/bebe-a-bordo\/wp-json\/wp\/v2\/media\/10030"}],"wp:attachment":[{"href":"https:\/\/www.bezoya.es\/bebe-a-bordo\/wp-json\/wp\/v2\/media?parent=10026"}],"wp:term":[{"taxonomy":"category","embeddable":true,"href":"https:\/\/www.bezoya.es\/bebe-a-bordo\/wp-json\/wp\/v2\/categories?post=10026"},{"taxonomy":"post_tag","embeddable":true,"href":"https:\/\/www.bezoya.es\/bebe-a-bordo\/wp-json\/wp\/v2\/tags?post=10026"},{"taxonomy":"categoriabab","embeddable":true,"href":"https:\/\/www.bezoya.es\/bebe-a-bordo\/wp-json\/wp\/v2\/categoriabab?post=10026"},{"taxonomy":"palabra_clave","embeddable":true,"href":"https:\/\/www.bezoya.es\/bebe-a-bordo\/wp-json\/wp\/v2\/palabra_clave?post=10026"}],"curies":[{"name":"wp","href":"https:\/\/api.w.org\/{rel}","templated":true}]}}